{"id":23201,"date":"2017-04-13T00:00:00","date_gmt":"2017-04-12T23:00:00","guid":{"rendered":"https:\/\/imagazine.it\/?p=23201"},"modified":"2017-04-13T00:00:00","modified_gmt":"2017-04-12T23:00:00","slug":"benji-fede-in-concerto-a-udine","status":"publish","type":"post","link":"https:\/\/imagazine.it\/home_desk\/benji-fede-in-concerto-a-udine\/","title":{"rendered":"Benji &#038; Fede in concerto a Udine"},"content":{"rendered":"<p>Dopo aver registrato il tutto esaurito al Mediolanum Forum di Milano e nelle principali citt\u00e0 italiane, <strong>Benji &#038; Fede<\/strong>, il duo rivelazione del nuovo pop italiano, annunciano il tour estivo \u201c<strong>0+ Summer Tour<\/strong>\u201d. I beniamini del pubblico giovane toccheranno anche il <strong>Friuli Venezia Giulia<\/strong> per un unico concerto, in programma <strong>sabato 29 luglio<\/strong> al Castello di Udine (inizio alle 21.30).<\/p>\n<p>\u201c<strong>0+<\/strong>\u201d, l\u2019ultimo album del duo uscito nell\u2019ottobre 2016, per due settimane consecutive al n. 1 della classifica di vendita durante le quali hanno raggiunto il <strong>Disco di Platino<\/strong>, vede le collaborazioni con <strong>Jasmine Thompson<\/strong>, <strong>Max Pezzali<\/strong> e <strong>Annalisa<\/strong>, ed\u00a0 \u00e8 stato realizzato tra l\u2019Italia, la Norvegia, la Finlandia e nei vari viaggi compiuti dagli artisti in questo anno straordinario. \u201c<strong>0+<\/strong>\u201d \u00e8 un lavoro molto personale che racconta di vita, di amore, dei loro incontri e delle loro avventure. \u00c8 un album che nasce dalla collaborazione di <strong>Benji &#038; Fede<\/strong> con giovani autori e produttori stranieri, dalla loro interazione con realt\u00e0 diverse che hanno reso possibile la creazione di un movimento generazionale capace di elaborare sonorit\u00e0 nuove, a volte pi\u00f9 elettroniche, a volte pi\u00f9 acustiche. Tra i vari successi e importanti riconoscimenti va segnalata anche la vittoria agli <strong>MTV EMA 2016<\/strong> a Rotterdam dove si sono aggiudicati il \u201c<strong>Best Italian Act<\/strong>\u201d, e il pi\u00f9 recente trionfo nella categoria \u201cCantante Italiano Preferito\u201d ai\u00a0 <strong>Nickelodeon Kids&#39; Choice Awards 2017<\/strong> che si sono tenuti a Los Angeles l\u201911 marzo.<\/p>\n<p><strong>Benji &#038; Fede<\/strong>, ovvero <strong>Benjamin Mascolo<\/strong> e <strong>Federico Rossi<\/strong> sono due ragazzi poco pi\u00f9 che ventenni che si sono conosciuti nel 2010 tramite Facebook. Benji all\u2019epoca viveva in Australia, Fede in Italia, insieme hanno iniziato a collaborare scambiandosi idee e file musicali online. Alla fine del 2012 Benji ritorna a vivere in Italia, a Modena, citt\u00e0 dove tuttora risiedono entrambi, ed il duo comincia a lavorare in studio su canzoni inedite e cover di artisti internazionali. A Giugno 2015 \u201c<strong>Tutta d\u2019un fiato<\/strong>\u201d, il loro primo singolo ufficiale, entra subito nella Top 5 di iTunes e supera i <strong>4 milioni e 300 mila<\/strong> click su Youtube, proiettandoli tra i protagonisti musicali dell\u2019estate. \u201c<strong>20:05<\/strong>\u201d \u00e8 invece il loro primo album in studio, uscito il 9 ottobre 2015. \u201c20:05\u201d (l\u2019orario del primo messaggio che si sono scambiati su Facebook) arriva al primo posto nella classifica di vendita degli album e alla certificazione Oro in sole tre settimane, anche grazie a un tour instore in giro per l\u2019Italia che registra una copiosa affluenza di pubblico: il successo \u00e8 tale che stampa e TG iniziano a dedicare sempre pi\u00f9 attenzione al nuovo fenomeno musicale italiano. Un successo dettato tanto dalla tenacia e dal talento dei ragazzi, quanto dall\u2019amore e dalla passione dimostrata da centinaia di migliaia di fans in tutta Italia: i <strong>#dreamers<\/strong>, questo il nome del loro seguito, hanno sempre fatto sentire il loro supporto in molteplici occasioni. Il 2015 si chiude con l\u2019annuncio di <strong>4 eventi sold-out<\/strong> a dicembre (a Milano, Modena, Roma e Napoli). Il 2016 ha inizio con un nuovo singolo estratto da \u201c<strong>20:05<\/strong>\u201d, \u201c<strong>New York<\/strong>\u201d, capace di superare i <strong>3 milioni e 700 mila<\/strong> click su Youtube. A febbraio partecipano a Sanremo cantando insieme ad Alessio Bernabei una rivisitazione di \u201cA mano a mano\u201d, di Riccardo Cocciante. La settimana successiva, dopo solo 4 mesi dalla data di uscita, \u201c<strong>20:05<\/strong>\u201d ottiene la <strong>certificazione Platino<\/strong> e continua a restare stabile nella top 20 della classifica di vendita album.<\/p>\n","protected":false},"excerpt":{"rendered":"<p>Il 29 luglio in Castello<\/p>\n","protected":false},"author":28,"featured_media":23202,"comment_status":"closed","ping_status":"closed","sticky":false,"template":"","format":"standard","meta":{"dwc-title":[],"dwc-content":[],"footnotes":""},"categories":[37],"tags":[],"class_list":["post-23201","post","type-post","status-publish","format-standard","has-post-thumbnail","hentry","category-cultura-e-spettacolo"],"rttpg_featured_image_url":{"full":["https:\/\/imagazine.it\/wp-content\/uploads\/2024\/01\/18953-1.webp",750,459,false],"landscape":["https:\/\/imagazine.it\/wp-content\/uploads\/2024\/01\/18953-1.webp",750,459,false],"portraits":["https:\/\/imagazine.it\/wp-content\/uploads\/2024\/01\/18953-1.webp",750,459,false],"thumbnail":["https:\/\/imagazine.it\/wp-content\/uploads\/2024\/01\/18953-1-150x150.webp",150,150,true],"medium":["https:\/\/imagazine.it\/wp-content\/uploads\/2024\/01\/18953-1-300x184.webp",300,184,true],"large":["https:\/\/imagazine.it\/wp-content\/uploads\/2024\/01\/18953-1.webp",640,392,false],"thumblist":["https:\/\/imagazine.it\/wp-content\/uploads\/2024\/01\/18953-1.webp",300,184,false],"thumbrelated":["https:\/\/imagazine.it\/wp-content\/uploads\/2024\/01\/18953-1.webp",500,306,false],"meccarouselthumb":["https:\/\/imagazine.it\/wp-content\/uploads\/2024\/01\/18953-1.webp",474,290,false],"gridsquare":["https:\/\/imagazine.it\/wp-content\/uploads\/2024\/01\/18953-1.webp",391,239,false],"tileview":["https:\/\/imagazine.it\/wp-content\/uploads\/2024\/01\/18953-1.webp",300,184,false],"1536x1536":["https:\/\/imagazine.it\/wp-content\/uploads\/2024\/01\/18953-1.webp",750,459,false],"2048x2048":["https:\/\/imagazine.it\/wp-content\/uploads\/2024\/01\/18953-1.webp",750,459,false],"newsup-slider-full":["https:\/\/imagazine.it\/wp-content\/uploads\/2024\/01\/18953-1.webp",750,459,false],"newsup-featured":["https:\/\/imagazine.it\/wp-content\/uploads\/2024\/01\/18953-1.webp",750,459,false],"newsup-medium":["https:\/\/imagazine.it\/wp-content\/uploads\/2024\/01\/18953-1-720x380.webp",720,380,true],"tptn_thumbnail":["https:\/\/imagazine.it\/wp-content\/uploads\/2024\/01\/18953-1.webp",250,153,false],"sow-carousel-default":["https:\/\/imagazine.it\/wp-content\/uploads\/2024\/01\/18953-1-272x182.webp",272,182,true]},"rttpg_author":{"display_name":"redazione","author_link":"https:\/\/imagazine.it\/home_desk\/author\/redazione\/"},"rttpg_comment":0,"rttpg_category":"<a href=\"https:\/\/imagazine.it\/home_desk\/category\/cultura-e-spettacolo\/\" rel=\"category tag\">CULTURA&amp;SPETTACOLO<\/a>","rttpg_excerpt":"Il 29 luglio in Castello","_links":{"self":[{"href":"https:\/\/imagazine.it\/home_desk\/wp-json\/wp\/v2\/posts\/23201","targetHints":{"allow":["GET"]}}],"collection":[{"href":"https:\/\/imagazine.it\/home_desk\/wp-json\/wp\/v2\/posts"}],"about":[{"href":"https:\/\/imagazine.it\/home_desk\/wp-json\/wp\/v2\/types\/post"}],"author":[{"embeddable":true,"href":"https:\/\/imagazine.it\/home_desk\/wp-json\/wp\/v2\/users\/28"}],"replies":[{"embeddable":true,"href":"https:\/\/imagazine.it\/home_desk\/wp-json\/wp\/v2\/comments?post=23201"}],"version-history":[{"count":0,"href":"https:\/\/imagazine.it\/home_desk\/wp-json\/wp\/v2\/posts\/23201\/revisions"}],"wp:featuredmedia":[{"embeddable":true,"href":"https:\/\/imagazine.it\/home_desk\/wp-json\/wp\/v2\/media\/23202"}],"wp:attachment":[{"href":"https:\/\/imagazine.it\/home_desk\/wp-json\/wp\/v2\/media?parent=23201"}],"wp:term":[{"taxonomy":"category","embeddable":true,"href":"https:\/\/imagazine.it\/home_desk\/wp-json\/wp\/v2\/categories?post=23201"},{"taxonomy":"post_tag","embeddable":true,"href":"https:\/\/imagazine.it\/home_desk\/wp-json\/wp\/v2\/tags?post=23201"}],"curies":[{"name":"wp","href":"https:\/\/api.w.org\/{rel}","templated":true}]}}