{"id":23153,"date":"2017-04-10T00:00:00","date_gmt":"2017-04-09T23:00:00","guid":{"rendered":"https:\/\/imagazine.it\/?p=23153"},"modified":"2017-04-10T00:00:00","modified_gmt":"2017-04-09T23:00:00","slug":"vela-e-trieste-inizio-stagione-spettacolare","status":"publish","type":"post","link":"https:\/\/imagazine.it\/home_desk\/vela-e-trieste-inizio-stagione-spettacolare\/","title":{"rendered":"Vela e Trieste, inizio stagione spettacolare"},"content":{"rendered":"<p>\u00c8 andata a\u00a0<strong>Carlo Alberini<\/strong>, al timone di Calvi Network, la Adriatic Cup, la prima regata adriatica dedicata alla classe J70, con 17 monotipi al via provenienti da Italia, Slovenia e Croazia.<\/p>\n<p>L\u2019evento, organizzato dalla Societ\u00e0 Velica di Barcola e Grignano assieme a Yacht Club Portopiccolo e Diporto Nautico Sistiana, si \u00e8 disputato a Portopiccolo (Sistiana), in due splendide giornate primaverili: vento da Sud Ovest che ha soffiato fino a 12 nodi e ha consentito di disputare cinque prove, due sabato e tre domenica.<\/p>\n<p>Alberini, con tre primi, un secondo e un quinto posto, ha sottolineato la forma del suo team e l\u2019ottimizzazione delle regolazioni a meno di un mese dall\u2019avvio del circuito Alcatel. Seconda piazza per\u00a0<strong>Gianfranco No\u00e8<\/strong>\u00a0su White Hawk (tre secondi, un primo e un\u00a0settimo), che nella quarta prova disputata ha approfittato di un salto di vento per sorpassare al traguardo il diretto avversario.<\/p>\n<p>Terza piazza per il triestino\u00a0<strong>Furio Benussi<\/strong>\u00a0(Yacht Club Portopiccolo) che con l\u2019ingresso del computo dello scarto ha eliminato dal conteggio un decimo posto, chiudendo in classifica davanti ad\u00a0<strong>Alessio Querin<\/strong>\u00a0(Yacht Club Hannibal), quarto grazie alla vittoria dell\u2019ultima prova disputata.<br \/> Elevato il livello dei regatanti, con imbarcazioni in fase di \u201cwarm up\u201d rispetto all\u2019avvio del circuito Alcatel J70, team affiatati in altre classi ma per la prima volta su questa imbarcazione, e giovani equipaggi in fase di rodaggio, come i ragazzi del Centro Velico Universitario, e quelli della scuola vela Utopia di Pavia.<\/p>\n<p>Promosse le dieci barche della Legavela Servizi, gestite dalla Barcolana e affidate ad altrettanti equipaggi: la formula HBO, che permette ai team di arrivare alla location della regata e trovare tutto in assetto per l\u2019evento \u00e8 stata apprezzata dai velisti, che hanno potuto cos\u00ec focalizzarsi solo sulla regata.\u00a0<\/p>\n<p><em>\u201cSiamo estremamente contenti \u2013<\/em>\u00a0ha dichiarato <strong>Dean Bassi<\/strong>, direttore sportivo Societ\u00e0 Velica di Barcola e Grignano, che ha messo in acqua, per la prima volta, la flotta dei dieci J70 della Legavela Servizi \u2013\u00a0<em>perch\u00e9 portare 17 monotipi J70 in Golfo, con equipaggi cos\u00ec blasonati, \u00e8 un segnale molto positivo, che ci indica la direzione. Portopiccolo si \u00e8 rivelata una location perfetta per questo tipo di eventi, garantendo sia grande ospitalit\u00e0 a terra sia perfette regate in mare\u201d<\/em>.<\/p>\n<p><a href=\"https:\/\/gallery.mailchimp.com\/5a801981f425f5f8bb1bb7b60\/files\/21b24326-3946-4bc3-aff4-5d2527a33f94\/Classifica.pdf\" target=\"_blank\" rel=\"noopener\"><strong><em>Leggi la classifica finale<\/em><\/strong><\/a><\/p>\n","protected":false},"excerpt":{"rendered":"<p>Successo per la Adriatic Cup<\/p>\n","protected":false},"author":28,"featured_media":23154,"comment_status":"closed","ping_status":"closed","sticky":false,"template":"","format":"standard","meta":{"dwc-title":[],"dwc-content":[],"footnotes":""},"categories":[38],"tags":[],"class_list":["post-23153","post","type-post","status-publish","format-standard","has-post-thumbnail","hentry","category-sport"],"rttpg_featured_image_url":{"full":["https:\/\/imagazine.it\/wp-content\/uploads\/2024\/01\/18855-1.webp",750,500,false],"landscape":["https:\/\/imagazine.it\/wp-content\/uploads\/2024\/01\/18855-1.webp",750,500,false],"portraits":["https:\/\/imagazine.it\/wp-content\/uploads\/2024\/01\/18855-1.webp",750,500,false],"thumbnail":["https:\/\/imagazine.it\/wp-content\/uploads\/2024\/01\/18855-1-150x150.webp",150,150,true],"medium":["https:\/\/imagazine.it\/wp-content\/uploads\/2024\/01\/18855-1-300x200.webp",300,200,true],"large":["https:\/\/imagazine.it\/wp-content\/uploads\/2024\/01\/18855-1.webp",640,427,false],"thumblist":["https:\/\/imagazine.it\/wp-content\/uploads\/2024\/01\/18855-1.webp",300,200,false],"thumbrelated":["https:\/\/imagazine.it\/wp-content\/uploads\/2024\/01\/18855-1.webp",500,333,false],"meccarouselthumb":["https:\/\/imagazine.it\/wp-content\/uploads\/2024\/01\/18855-1.webp",474,316,false],"gridsquare":["https:\/\/imagazine.it\/wp-content\/uploads\/2024\/01\/18855-1.webp",391,260,false],"tileview":["https:\/\/imagazine.it\/wp-content\/uploads\/2024\/01\/18855-1.webp",300,200,false],"1536x1536":["https:\/\/imagazine.it\/wp-content\/uploads\/2024\/01\/18855-1.webp",750,500,false],"2048x2048":["https:\/\/imagazine.it\/wp-content\/uploads\/2024\/01\/18855-1.webp",750,500,false],"newsup-slider-full":["https:\/\/imagazine.it\/wp-content\/uploads\/2024\/01\/18855-1.webp",750,500,false],"newsup-featured":["https:\/\/imagazine.it\/wp-content\/uploads\/2024\/01\/18855-1.webp",750,500,false],"newsup-medium":["https:\/\/imagazine.it\/wp-content\/uploads\/2024\/01\/18855-1-720x380.webp",720,380,true],"tptn_thumbnail":["https:\/\/imagazine.it\/wp-content\/uploads\/2024\/01\/18855-1.webp",250,167,false],"sow-carousel-default":["https:\/\/imagazine.it\/wp-content\/uploads\/2024\/01\/18855-1-272x182.webp",272,182,true]},"rttpg_author":{"display_name":"redazione","author_link":"https:\/\/imagazine.it\/home_desk\/author\/redazione\/"},"rttpg_comment":0,"rttpg_category":"<a href=\"https:\/\/imagazine.it\/home_desk\/category\/sport\/\" rel=\"category tag\">SPORT<\/a>","rttpg_excerpt":"Successo per la Adriatic Cup","_links":{"self":[{"href":"https:\/\/imagazine.it\/home_desk\/wp-json\/wp\/v2\/posts\/23153","targetHints":{"allow":["GET"]}}],"collection":[{"href":"https:\/\/imagazine.it\/home_desk\/wp-json\/wp\/v2\/posts"}],"about":[{"href":"https:\/\/imagazine.it\/home_desk\/wp-json\/wp\/v2\/types\/post"}],"author":[{"embeddable":true,"href":"https:\/\/imagazine.it\/home_desk\/wp-json\/wp\/v2\/users\/28"}],"replies":[{"embeddable":true,"href":"https:\/\/imagazine.it\/home_desk\/wp-json\/wp\/v2\/comments?post=23153"}],"version-history":[{"count":0,"href":"https:\/\/imagazine.it\/home_desk\/wp-json\/wp\/v2\/posts\/23153\/revisions"}],"wp:featuredmedia":[{"embeddable":true,"href":"https:\/\/imagazine.it\/home_desk\/wp-json\/wp\/v2\/media\/23154"}],"wp:attachment":[{"href":"https:\/\/imagazine.it\/home_desk\/wp-json\/wp\/v2\/media?parent=23153"}],"wp:term":[{"taxonomy":"category","embeddable":true,"href":"https:\/\/imagazine.it\/home_desk\/wp-json\/wp\/v2\/categories?post=23153"},{"taxonomy":"post_tag","embeddable":true,"href":"https:\/\/imagazine.it\/home_desk\/wp-json\/wp\/v2\/tags?post=23153"}],"curies":[{"name":"wp","href":"https:\/\/api.w.org\/{rel}","templated":true}]}}