{"id":23131,"date":"2017-04-06T00:00:00","date_gmt":"2017-04-05T23:00:00","guid":{"rendered":"https:\/\/imagazine.it\/?p=23131"},"modified":"2017-04-06T00:00:00","modified_gmt":"2017-04-05T23:00:00","slug":"febbre-italiana-per-percoto-canta","status":"publish","type":"post","link":"https:\/\/imagazine.it\/home_desk\/febbre-italiana-per-percoto-canta\/","title":{"rendered":"Febbre italiana per Percoto Canta"},"content":{"rendered":"<p>Altre novit\u00e0 in arrivo per la trentesima edizione di<strong><em> Percoto Canta<\/em><\/strong>, il concorso canoro pi\u00f9 importante del Nordest, e fra quelli di maggior richiamo a livello nazionale. Vista la grande richiesta di informazioni proveniente da tutta Italia, le iscrizioni al concorso, il cui termine era previsto per il 12 aprile, saranno prolungate fino a <strong>luned\u00ec 17 aprile<\/strong>, termine ultimo prima dell\u2019appuntamento con le selezioni, che si terranno <strong>sabato<\/strong> <strong>22 e domenica<\/strong> <strong>23 aprile<\/strong> alla <strong>Casa della Musica di Cervignano del Friuli<\/strong>.<\/p>\n<p>Notizia fresca \u00e8 che la gara canora sar\u00e0 affiancata da diverse attivit\u00e0 parallele, che completeranno il calendario di questa edizione da anniversario. Torna il \u201c<strong>Percoto Canta Band Contest<\/strong>\u201d, concorso riservato ai gruppi che vedr\u00e0 la finale venerd\u00ec 14 luglio a Percoto. Le band potranno iscriversi inviando due brani entro e non oltre il 17 giugno. Le migliori 5 proposte, scelte da una giuria di musicisti, giornalisti e addetti ai lavori, si sfideranno in finale: in palio borse di studio e sessioni di registrazione audio\/video agli <strong>Angel\u2019s Wings Recording Studios<\/strong> di Pantianicco, partner dell\u2019iniziativa.<\/p>\n<p>Secondo concorso abbinato alla gara canora \u00e8 quello del \u201c<strong>Premio Internazionale Percoto Canta\u201d<\/strong>, giunto alla 4\u00b0 edizione e riservato ai cittadini italiani residenti all\u2019estero. Il premio si divide in due categorie, quella per la realizzazione di brano inedito, in italiano o friulano, e quella relativa alla realizzazione di un elaborato scritto in lingua friulana sul seguente tema \u201c2017: anno internazionale del turismo sostenibile\u201d. Gli autori delle migliori opere scelte dalla giuria parteciperanno alla serata finale del concorso e saranno ospitati a titolo di premio per tre giorni dagli organizzatori, con la possibilit\u00e0 di rimborso del viaggio dal proprio paese fino a un totale di 1.000 euro.<\/p>\n<p>La giuria di questa edizione di<strong><em> Percoto Canta<\/em><\/strong> \u00e8 composta da <strong>Simona Molinari<\/strong>, <strong>Andrea Mir\u00f2<\/strong>, <strong>Luca Pitteri<\/strong>, e <strong>Adriano Pennino<\/strong>. Gli artisti che supereranno le selezioni accederanno alla finale in programma <strong>sabato 15 luglio<\/strong> a <strong>Villa Frattina Caiselli <\/strong>di Percoto. Ai vincitori delle tre categorie andranno borse di studio per un totale di 3.500 euro. Tutte le info sulla gara canora e i concorsi abbinati su <a href=\"http:\/\/www.percotocanta.it\/\" target=\"_blank\" rel=\"noopener\">www.percotocanta.it<\/a>.\u00a0<\/p>\n","protected":false},"excerpt":{"rendered":"<p>Iscrizioni prorogate al 17 aprile<\/p>\n","protected":false},"author":28,"featured_media":23132,"comment_status":"closed","ping_status":"closed","sticky":false,"template":"","format":"standard","meta":{"dwc-title":[],"dwc-content":[],"footnotes":""},"categories":[37],"tags":[],"class_list":["post-23131","post","type-post","status-publish","format-standard","has-post-thumbnail","hentry","category-cultura-e-spettacolo"],"rttpg_featured_image_url":{"full":["https:\/\/imagazine.it\/wp-content\/uploads\/2024\/01\/18812-1.webp",750,500,false],"landscape":["https:\/\/imagazine.it\/wp-content\/uploads\/2024\/01\/18812-1.webp",750,500,false],"portraits":["https:\/\/imagazine.it\/wp-content\/uploads\/2024\/01\/18812-1.webp",750,500,false],"thumbnail":["https:\/\/imagazine.it\/wp-content\/uploads\/2024\/01\/18812-1-150x150.webp",150,150,true],"medium":["https:\/\/imagazine.it\/wp-content\/uploads\/2024\/01\/18812-1-300x200.webp",300,200,true],"large":["https:\/\/imagazine.it\/wp-content\/uploads\/2024\/01\/18812-1.webp",640,427,false],"thumblist":["https:\/\/imagazine.it\/wp-content\/uploads\/2024\/01\/18812-1.webp",300,200,false],"thumbrelated":["https:\/\/imagazine.it\/wp-content\/uploads\/2024\/01\/18812-1.webp",500,333,false],"meccarouselthumb":["https:\/\/imagazine.it\/wp-content\/uploads\/2024\/01\/18812-1.webp",474,316,false],"gridsquare":["https:\/\/imagazine.it\/wp-content\/uploads\/2024\/01\/18812-1.webp",391,260,false],"tileview":["https:\/\/imagazine.it\/wp-content\/uploads\/2024\/01\/18812-1.webp",300,200,false],"1536x1536":["https:\/\/imagazine.it\/wp-content\/uploads\/2024\/01\/18812-1.webp",750,500,false],"2048x2048":["https:\/\/imagazine.it\/wp-content\/uploads\/2024\/01\/18812-1.webp",750,500,false],"newsup-slider-full":["https:\/\/imagazine.it\/wp-content\/uploads\/2024\/01\/18812-1.webp",750,500,false],"newsup-featured":["https:\/\/imagazine.it\/wp-content\/uploads\/2024\/01\/18812-1.webp",750,500,false],"newsup-medium":["https:\/\/imagazine.it\/wp-content\/uploads\/2024\/01\/18812-1-720x380.webp",720,380,true],"tptn_thumbnail":["https:\/\/imagazine.it\/wp-content\/uploads\/2024\/01\/18812-1.webp",250,167,false],"sow-carousel-default":["https:\/\/imagazine.it\/wp-content\/uploads\/2024\/01\/18812-1-272x182.webp",272,182,true]},"rttpg_author":{"display_name":"redazione","author_link":"https:\/\/imagazine.it\/home_desk\/author\/redazione\/"},"rttpg_comment":0,"rttpg_category":"<a href=\"https:\/\/imagazine.it\/home_desk\/category\/cultura-e-spettacolo\/\" rel=\"category tag\">CULTURA&amp;SPETTACOLO<\/a>","rttpg_excerpt":"Iscrizioni prorogate al 17 aprile","_links":{"self":[{"href":"https:\/\/imagazine.it\/home_desk\/wp-json\/wp\/v2\/posts\/23131","targetHints":{"allow":["GET"]}}],"collection":[{"href":"https:\/\/imagazine.it\/home_desk\/wp-json\/wp\/v2\/posts"}],"about":[{"href":"https:\/\/imagazine.it\/home_desk\/wp-json\/wp\/v2\/types\/post"}],"author":[{"embeddable":true,"href":"https:\/\/imagazine.it\/home_desk\/wp-json\/wp\/v2\/users\/28"}],"replies":[{"embeddable":true,"href":"https:\/\/imagazine.it\/home_desk\/wp-json\/wp\/v2\/comments?post=23131"}],"version-history":[{"count":0,"href":"https:\/\/imagazine.it\/home_desk\/wp-json\/wp\/v2\/posts\/23131\/revisions"}],"wp:featuredmedia":[{"embeddable":true,"href":"https:\/\/imagazine.it\/home_desk\/wp-json\/wp\/v2\/media\/23132"}],"wp:attachment":[{"href":"https:\/\/imagazine.it\/home_desk\/wp-json\/wp\/v2\/media?parent=23131"}],"wp:term":[{"taxonomy":"category","embeddable":true,"href":"https:\/\/imagazine.it\/home_desk\/wp-json\/wp\/v2\/categories?post=23131"},{"taxonomy":"post_tag","embeddable":true,"href":"https:\/\/imagazine.it\/home_desk\/wp-json\/wp\/v2\/tags?post=23131"}],"curies":[{"name":"wp","href":"https:\/\/api.w.org\/{rel}","templated":true}]}}