{"id":23097,"date":"2017-04-04T00:00:00","date_gmt":"2017-04-03T23:00:00","guid":{"rendered":"https:\/\/imagazine.it\/?p=23097"},"modified":"2017-04-04T00:00:00","modified_gmt":"2017-04-03T23:00:00","slug":"di-corsa-per-vivere-la-citta","status":"publish","type":"post","link":"https:\/\/imagazine.it\/home_desk\/di-corsa-per-vivere-la-citta\/","title":{"rendered":"Di corsa per vivere la citt\u00e0"},"content":{"rendered":"<p>Presentata in conferenza stampa al Municipio di Trieste la 15a edizione della manifestazione sportiva \u201c<em>Corri Trieste 2017<\/em>\u201d, organizzata dall&#39;ASD Promorun presieduta da <strong>Michele Gamba<\/strong>. La partenza \u00e8 prevista domenica 9 aprile, alle 9.30, dalla Scala Reale fronte piazza Unit\u00e0, si seguir\u00e0 il tracciato gi\u00e0 rodato negli ultimi anni: dopo aver percorso Riva Tre Novembre, piazza Duca degli Abruzzi, l&#39;adiacente bretella e giunti in largo Santos, i partecipanti entreranno in Porto Vecchio passando nell&#39;area antistante il Magazzino 26 fino all&#39;uscita di viale Miramare, dove sar\u00e0 posizionato il giro di boa, quindi inversione di marcia e ritorno al punto d&#39;inizio. Il circuito di 5 chilometri sar\u00e0 ripetuto\u00a0 per due volte dagli atleti della corsa cronometrata per totali 10 chilometri (mappa completa disponibile sul sito <a href=\"http:\/\/www.corritrieste.it\/\" target=\"_blank\" rel=\"noopener\">www.corritrieste.it<\/a>).<\/p>\n<p>\u201cL\u2019evento \u2013 afferma l\u2019assessore comunale allo sport <strong>Giorgio Rossi<\/strong> \u2013 vede la partecipazione nella competitiva di atleti di cui possiamo essere orgogliosi ma anche di tante famiglie e cittadini uniti dallo spirito non competitivo\u201d.<\/p>\n<p>\u201cRivolgo parole di vivo apprezzamento \u2013 aggiunge il consigliere regionale <strong>Emiliano Edera<\/strong> \u2013 per l&#39;operato di Michele Gamba che con tenacia e impegno organizzativo si \u00e8 sempre dedicato a coinvolgere la cittadinanza perch\u00e9 questo evento diventi sempre pi\u00f9 grande\u201d.<\/p>\n<p>\u201c\u00c8 un&#39;ulteriore preziosa occasione anche per far vivere la citt\u00e0 alle famiglie all&#39;insegna della solidariet\u00e0 \u2013 sottolinea l&#39;assessore comunale al Volontariato <strong>Lorenzo Giorgi<\/strong> \u2013 e un volano importante per far avvicinare allo sport tanti giovani\u201d.<\/p>\n<p><strong>TOP RUNNER<\/strong>. Saranno presenti in gara alcuni top runner: il marocchino <strong>Yassine Rachik<\/strong> e i keniani <strong>Sammy Kipngetich<\/strong> e <strong>Andrew Kwemoi Mang\u2019ata<\/strong> sono i protagonisti pi\u00f9 attesi.<\/p>\n<p>La presentazione dei top runner si terr\u00e0 sabato 8 aprile alle 17.30 presso il centro commerciale Le Torri d\u2019Europa, alla presenza di <strong>Annalisa Minetti <\/strong>che canter\u00e0 un brano del suo repertorio.<\/p>\n<p><strong>FAMILY<\/strong>. I partecipanti alla <strong>\u201cnon competitiva\u201d<\/strong> saranno impegnati in un solo giro di percorso ovvero 5 km, con un occhio di riguardo per i bambini, musica e animazione saranno predisposti in alcuni punti topici del tracciato. Madrina dell\u2019evento sar\u00e0 proprio <strong>Annalisa Minetti<\/strong>: partecipante a Miss Italia \u201997, vincitrice di Sanremo \u201998, oro mondiale negli 800 metri piani, categoria non vedenti, ai campionati di Lione 2013 e un anno prima bronzo sui 1500 metri ai Giochi paralimpici di Londra.<\/p>\n","protected":false},"excerpt":{"rendered":"<p>Presentata &#8220;Corri Trieste&#8221;<\/p>\n","protected":false},"author":28,"featured_media":23098,"comment_status":"closed","ping_status":"closed","sticky":false,"template":"","format":"standard","meta":{"dwc-title":[],"dwc-content":[],"footnotes":""},"categories":[38],"tags":[],"class_list":["post-23097","post","type-post","status-publish","format-standard","has-post-thumbnail","hentry","category-sport"],"rttpg_featured_image_url":{"full":["https:\/\/imagazine.it\/wp-content\/uploads\/2024\/01\/18775-1.webp",750,500,false],"landscape":["https:\/\/imagazine.it\/wp-content\/uploads\/2024\/01\/18775-1.webp",750,500,false],"portraits":["https:\/\/imagazine.it\/wp-content\/uploads\/2024\/01\/18775-1.webp",750,500,false],"thumbnail":["https:\/\/imagazine.it\/wp-content\/uploads\/2024\/01\/18775-1-150x150.webp",150,150,true],"medium":["https:\/\/imagazine.it\/wp-content\/uploads\/2024\/01\/18775-1-300x200.webp",300,200,true],"large":["https:\/\/imagazine.it\/wp-content\/uploads\/2024\/01\/18775-1.webp",640,427,false],"thumblist":["https:\/\/imagazine.it\/wp-content\/uploads\/2024\/01\/18775-1.webp",300,200,false],"thumbrelated":["https:\/\/imagazine.it\/wp-content\/uploads\/2024\/01\/18775-1.webp",500,333,false],"meccarouselthumb":["https:\/\/imagazine.it\/wp-content\/uploads\/2024\/01\/18775-1.webp",474,316,false],"gridsquare":["https:\/\/imagazine.it\/wp-content\/uploads\/2024\/01\/18775-1.webp",391,260,false],"tileview":["https:\/\/imagazine.it\/wp-content\/uploads\/2024\/01\/18775-1.webp",300,200,false],"1536x1536":["https:\/\/imagazine.it\/wp-content\/uploads\/2024\/01\/18775-1.webp",750,500,false],"2048x2048":["https:\/\/imagazine.it\/wp-content\/uploads\/2024\/01\/18775-1.webp",750,500,false],"newsup-slider-full":["https:\/\/imagazine.it\/wp-content\/uploads\/2024\/01\/18775-1.webp",750,500,false],"newsup-featured":["https:\/\/imagazine.it\/wp-content\/uploads\/2024\/01\/18775-1.webp",750,500,false],"newsup-medium":["https:\/\/imagazine.it\/wp-content\/uploads\/2024\/01\/18775-1-720x380.webp",720,380,true],"tptn_thumbnail":["https:\/\/imagazine.it\/wp-content\/uploads\/2024\/01\/18775-1.webp",250,167,false],"sow-carousel-default":["https:\/\/imagazine.it\/wp-content\/uploads\/2024\/01\/18775-1-272x182.webp",272,182,true]},"rttpg_author":{"display_name":"redazione","author_link":"https:\/\/imagazine.it\/home_desk\/author\/redazione\/"},"rttpg_comment":0,"rttpg_category":"<a href=\"https:\/\/imagazine.it\/home_desk\/category\/sport\/\" rel=\"category tag\">SPORT<\/a>","rttpg_excerpt":"Presentata \"Corri Trieste\"","_links":{"self":[{"href":"https:\/\/imagazine.it\/home_desk\/wp-json\/wp\/v2\/posts\/23097","targetHints":{"allow":["GET"]}}],"collection":[{"href":"https:\/\/imagazine.it\/home_desk\/wp-json\/wp\/v2\/posts"}],"about":[{"href":"https:\/\/imagazine.it\/home_desk\/wp-json\/wp\/v2\/types\/post"}],"author":[{"embeddable":true,"href":"https:\/\/imagazine.it\/home_desk\/wp-json\/wp\/v2\/users\/28"}],"replies":[{"embeddable":true,"href":"https:\/\/imagazine.it\/home_desk\/wp-json\/wp\/v2\/comments?post=23097"}],"version-history":[{"count":0,"href":"https:\/\/imagazine.it\/home_desk\/wp-json\/wp\/v2\/posts\/23097\/revisions"}],"wp:featuredmedia":[{"embeddable":true,"href":"https:\/\/imagazine.it\/home_desk\/wp-json\/wp\/v2\/media\/23098"}],"wp:attachment":[{"href":"https:\/\/imagazine.it\/home_desk\/wp-json\/wp\/v2\/media?parent=23097"}],"wp:term":[{"taxonomy":"category","embeddable":true,"href":"https:\/\/imagazine.it\/home_desk\/wp-json\/wp\/v2\/categories?post=23097"},{"taxonomy":"post_tag","embeddable":true,"href":"https:\/\/imagazine.it\/home_desk\/wp-json\/wp\/v2\/tags?post=23097"}],"curies":[{"name":"wp","href":"https:\/\/api.w.org\/{rel}","templated":true}]}}