{"id":23093,"date":"2017-04-03T00:00:00","date_gmt":"2017-04-02T23:00:00","guid":{"rendered":"https:\/\/imagazine.it\/?p=23093"},"modified":"2017-04-03T00:00:00","modified_gmt":"2017-04-02T23:00:00","slug":"alta-tecnologia-nuove-potenzialita-in-friuli","status":"publish","type":"post","link":"https:\/\/imagazine.it\/home_desk\/alta-tecnologia-nuove-potenzialita-in-friuli\/","title":{"rendered":"Alta tecnologia, nuove potenzialit\u00e0 in Friuli"},"content":{"rendered":"<p><em>Applus+<\/em>, societ\u00e0 globale che opera nel settore dei collaudi, certificazione e ispezione, rafforza il proprio portafoglio di servizi nel settore dei prodotti elettrici ed elettronici attraverso l&#39;acquisizione di <em>Emilab<\/em>, laboratorio di prova insediato ad Amaro all\u2019interno del <em>Carnia Industrial Park<\/em>.<\/p>\n<p>Questa acquisizione fa parte del piano strategico della divisione Laboratori che mira ad aumentare la propria presenza internazionale in settori ad alto valore tecnologico. Con\u00a0 questa acquisizione, la divisione aumenta la sua copertura geografica dei servizi di compatibilit\u00e0 elettromagnetica, sicurezza elettrica e di test ambientali.<\/p>\n<p>L\u2019unione delle capacit\u00e0 di entrambe le societ\u00e0 consentir\u00e0 di espandere e aumentare i\u00a0 servizi di test e certificazione rivolti ai fabbricanti di prodotti elettrici ed elettronici. <em>Applus+<\/em> rafforza la sua posizione come laboratorio di prova per componenti automobilistici e completa la sua gamma di accreditamenti in questo settore.<\/p>\n<p><em>Emilab<\/em> ha 19 anni di esperienza nel mercato e uno staff di 15 professionisti altamente specializzati. Nel 2016 il laboratorio ha registrato un fatturato di 1,9 milioni di euro. La base clienti di <em>Emilab<\/em> \u00e8 diversificata in i settori con alto potenziale di crescita.<\/p>\n<p>\u201cL\u2019integrazione di <em>Emilab<\/em> in <em>Applus+<\/em> \u00e8 un passo importante nella nostra strategia di crescita e consolidamento internazionale nei mercati e nei settori chiave. Questa acquisizione rafforza i servizi che offriamo ai fabbricanti di prodotti elettrici ed elettronici e crea nuove opportunit\u00e0 per espandere la nostra base di clienti&#8221;, ha dichiarato <strong>Jordi Brufau<\/strong>, Executive Vice President della divisione Laboratories.<\/p>\n<p>\u201c<em>Emilab<\/em> \u2013 ha aggiunto il fondatore <strong>Silvano Chialina<\/strong> \u2013 \u00e8 un\u2019azienda che ha sempre operato in settori ad elevato contenuto tecnologico conseguendo ottimi risultati. Con l\u2019ingresso in <em>Applus+<\/em> puntiamo ad aprirci verso il mercato globale rafforzandoci ulteriormente nel settore dei test in ambito automotive sia in Italia che all\u2019esterno. Si tratta di un passo molto importante che dar\u00e0 nuova energia a tutti noi&#8221;.<\/p>\n<p>\u201cL\u2019acquisizione di <em>Emilab<\/em> da parte di <em>Applus+<\/em> &#8211; ha concluso il presidente di <em>Carnia Industrial Park<\/em>, <strong>Mario Gollino<\/strong> -\u00e8 una nuova importante operazione che pone al centro delle dinamiche di investimento a livello internazionale una delle aziende insediate nel nostro parco industriale, a testimonianza del valore, anche e soprattutto tecnologico, delle aziende che operano sul territorio. <em>Emilab<\/em> nata nell\u2019allora <em>Agemont<\/em> con attivit\u00e0 di incubazione tecnologica \u00e8 infatti da alcuni anni ospitato con contratto di locazione in un fabbricato industriale di propriet\u00e0 del <em>Carnia Industrial Park<\/em>\u201d.<\/p>\n","protected":false},"excerpt":{"rendered":"<p>Applus+ acquisisce Emilab<\/p>\n","protected":false},"author":28,"featured_media":23094,"comment_status":"closed","ping_status":"closed","sticky":false,"template":"","format":"standard","meta":{"dwc-title":[],"dwc-content":[],"footnotes":""},"categories":[5],"tags":[],"class_list":["post-23093","post","type-post","status-publish","format-standard","has-post-thumbnail","hentry","category-attualita"],"rttpg_featured_image_url":{"full":["https:\/\/imagazine.it\/wp-content\/uploads\/2024\/01\/18773-1.webp",750,534,false],"landscape":["https:\/\/imagazine.it\/wp-content\/uploads\/2024\/01\/18773-1.webp",750,534,false],"portraits":["https:\/\/imagazine.it\/wp-content\/uploads\/2024\/01\/18773-1.webp",750,534,false],"thumbnail":["https:\/\/imagazine.it\/wp-content\/uploads\/2024\/01\/18773-1-150x150.webp",150,150,true],"medium":["https:\/\/imagazine.it\/wp-content\/uploads\/2024\/01\/18773-1-300x214.webp",300,214,true],"large":["https:\/\/imagazine.it\/wp-content\/uploads\/2024\/01\/18773-1.webp",640,456,false],"thumblist":["https:\/\/imagazine.it\/wp-content\/uploads\/2024\/01\/18773-1.webp",300,214,false],"thumbrelated":["https:\/\/imagazine.it\/wp-content\/uploads\/2024\/01\/18773-1.webp",500,356,false],"meccarouselthumb":["https:\/\/imagazine.it\/wp-content\/uploads\/2024\/01\/18773-1.webp",455,324,false],"gridsquare":["https:\/\/imagazine.it\/wp-content\/uploads\/2024\/01\/18773-1.webp",365,260,false],"tileview":["https:\/\/imagazine.it\/wp-content\/uploads\/2024\/01\/18773-1.webp",300,214,false],"1536x1536":["https:\/\/imagazine.it\/wp-content\/uploads\/2024\/01\/18773-1.webp",750,534,false],"2048x2048":["https:\/\/imagazine.it\/wp-content\/uploads\/2024\/01\/18773-1.webp",750,534,false],"newsup-slider-full":["https:\/\/imagazine.it\/wp-content\/uploads\/2024\/01\/18773-1.webp",750,534,false],"newsup-featured":["https:\/\/imagazine.it\/wp-content\/uploads\/2024\/01\/18773-1.webp",750,534,false],"newsup-medium":["https:\/\/imagazine.it\/wp-content\/uploads\/2024\/01\/18773-1-720x380.webp",720,380,true],"tptn_thumbnail":["https:\/\/imagazine.it\/wp-content\/uploads\/2024\/01\/18773-1.webp",250,178,false],"sow-carousel-default":["https:\/\/imagazine.it\/wp-content\/uploads\/2024\/01\/18773-1-272x182.webp",272,182,true]},"rttpg_author":{"display_name":"redazione","author_link":"https:\/\/imagazine.it\/home_desk\/author\/redazione\/"},"rttpg_comment":0,"rttpg_category":"<a href=\"https:\/\/imagazine.it\/home_desk\/category\/attualita\/\" rel=\"category tag\">ATTUALIT\u00c0<\/a>","rttpg_excerpt":"Applus+ acquisisce Emilab","_links":{"self":[{"href":"https:\/\/imagazine.it\/home_desk\/wp-json\/wp\/v2\/posts\/23093","targetHints":{"allow":["GET"]}}],"collection":[{"href":"https:\/\/imagazine.it\/home_desk\/wp-json\/wp\/v2\/posts"}],"about":[{"href":"https:\/\/imagazine.it\/home_desk\/wp-json\/wp\/v2\/types\/post"}],"author":[{"embeddable":true,"href":"https:\/\/imagazine.it\/home_desk\/wp-json\/wp\/v2\/users\/28"}],"replies":[{"embeddable":true,"href":"https:\/\/imagazine.it\/home_desk\/wp-json\/wp\/v2\/comments?post=23093"}],"version-history":[{"count":0,"href":"https:\/\/imagazine.it\/home_desk\/wp-json\/wp\/v2\/posts\/23093\/revisions"}],"wp:featuredmedia":[{"embeddable":true,"href":"https:\/\/imagazine.it\/home_desk\/wp-json\/wp\/v2\/media\/23094"}],"wp:attachment":[{"href":"https:\/\/imagazine.it\/home_desk\/wp-json\/wp\/v2\/media?parent=23093"}],"wp:term":[{"taxonomy":"category","embeddable":true,"href":"https:\/\/imagazine.it\/home_desk\/wp-json\/wp\/v2\/categories?post=23093"},{"taxonomy":"post_tag","embeddable":true,"href":"https:\/\/imagazine.it\/home_desk\/wp-json\/wp\/v2\/tags?post=23093"}],"curies":[{"name":"wp","href":"https:\/\/api.w.org\/{rel}","templated":true}]}}