{"id":23039,"date":"2017-03-28T00:00:00","date_gmt":"2017-03-27T23:00:00","guid":{"rendered":"https:\/\/imagazine.it\/?p=23039"},"modified":"2017-03-28T00:00:00","modified_gmt":"2017-03-27T23:00:00","slug":"torviscosa-come-new-york","status":"publish","type":"post","link":"https:\/\/imagazine.it\/home_desk\/torviscosa-come-new-york\/","title":{"rendered":"Torviscosa come New York?"},"content":{"rendered":"<p>Una nuova fortunata \u201criscoperta\u201d arricchisce il fondo bibliografico di interesse locale di Torviscosa: si tratta del numero 298 (Ottobre 1965) di\u00a0<em>Casabella. Rivista di architettura e urbanistica<\/em>, storica testata di architettura e design che in quel numero di oltre 50 anni fa dedic\u00f2 al CID (Centro Informazione Documentazione) la copertina, con un\u2019immagine della Struttura 708 che Enzo Mari aveva appena realizzato per il CID, e altre 16 pagine all\u2019interno.<\/p>\n<p>Nell\u2019articolo il CID viene comparato addirittura al MoMA (Museum of Modern Art) di New York, reggendo peraltro il confronto. L\u2019autore \u00e8 Alessandro Mendini, noto e pluripremiato designer italiano, oltre che autore di scritti di architettura e gi\u00e0 direttore di alcune tra le pi\u00f9 importanti riviste del settore come, appunto, <em>Casabella<\/em>. Nell\u2019ampio servizio si elabora un parallelo tra le due strutture museali, che secondo l\u2019autore esprimono \u201cdue tipologie diametralmente opposte\u201d: il MoMA \u00e8 concepito per rispondere a tre precise funzioni (le esposizioni, le attivit\u00e0, il servizio studi) e a queste sacrifica \u201cl\u2019autonomia del valore architettonico\u201d, mentre nel CID, che deve corrispondere al prestigio dell\u2019azienda che lo ha voluto, \u201cl\u2019invenzione formale dell\u2019involucro\u201d prevale sulla funzione.<\/p>\n<p>L\u2019articolo \u00e8 stato ritrovato nell\u2019archivio di Enzo Mari, tra le carte e i progetti dei suoi lavori per Torviscosa. Oltre alla Struttura 708, tuttora presente nel CID, per Torviscosa Mari aveva realizzato anche un\u2019altra scultura cinetica, fatta di fili elastici, che fu poi trasferita a Palazzo Grassi a Venezia e in seguito probabilmente deteriorata per la fragilit\u00e0 dei materiali di cui era composta.<\/p>\n<p>\u201cSi tratta di un contributo a cui l\u2019Amministrazione comunale di Torviscosa attribuisce un grande significato \u2013 afferma l\u2019assessore alla Cultura di Torviscosa <strong>Mareno Settimo<\/strong> \u2013 non soltanto perch\u00e9 ribadisce il valore architettonico della struttura, di cui nessuno ha in realt\u00e0 mai dubitato. Oltre a questo, siamo soddisfatti che le ricerche che ci hanno impegnati in questi anni portino a questi risultati: nei decenni passati molti hanno scritto su Torviscosa, ma questo articolo non era mai stato citato, perch\u00e9 evidentemente non era conosciuto. Infine, siamo orgogliosi di avere in un certo senso interpretato correttamente la volont\u00e0 del progettista e dei committenti del CID nella definizione del nuovo percorso espositivo, che verr\u00e0 inaugurato sabato prossimo, che \u00e8 volutamente essenziale e utilizza quasi esclusivamente le strutture espositive originarie\u201d.<\/p>\n<p>L&#39;intero articolo \u00e8 pubblicato nel\u00a0<strong><a data-saferedirecturl=\"https:\/\/www.google.com\/url?hl=it&#038;q=http:\/\/cid-torviscosa.us14.list-manage.com\/track\/click?u%3Db5e40bee342d678e191391510%26id%3D23c70ea881%26e%3Db77180e757&#038;source=gmail&#038;ust=1490803021735000&#038;usg=AFQjCNHCexCnUF-09y5G7DiOh3XY0H7Z3g\" href=\"http:\/\/cid-torviscosa.us14.list-manage.com\/track\/click?u=b5e40bee342d678e191391510&#038;id=23c70ea881&#038;e=b77180e757\" target=\"_blank\" rel=\"noopener\">sito web del CID<\/a><\/strong>.<\/p>\n","protected":false},"excerpt":{"rendered":"<p>Sabato riapre il CID<\/p>\n","protected":false},"author":28,"featured_media":23040,"comment_status":"closed","ping_status":"closed","sticky":false,"template":"","format":"standard","meta":{"dwc-title":[],"dwc-content":[],"footnotes":""},"categories":[37],"tags":[],"class_list":["post-23039","post","type-post","status-publish","format-standard","has-post-thumbnail","hentry","category-cultura-e-spettacolo"],"rttpg_featured_image_url":{"full":["https:\/\/imagazine.it\/wp-content\/uploads\/2024\/01\/18683-1.webp",750,446,false],"landscape":["https:\/\/imagazine.it\/wp-content\/uploads\/2024\/01\/18683-1.webp",750,446,false],"portraits":["https:\/\/imagazine.it\/wp-content\/uploads\/2024\/01\/18683-1.webp",750,446,false],"thumbnail":["https:\/\/imagazine.it\/wp-content\/uploads\/2024\/01\/18683-1-150x150.webp",150,150,true],"medium":["https:\/\/imagazine.it\/wp-content\/uploads\/2024\/01\/18683-1-300x178.webp",300,178,true],"large":["https:\/\/imagazine.it\/wp-content\/uploads\/2024\/01\/18683-1.webp",640,381,false],"thumblist":["https:\/\/imagazine.it\/wp-content\/uploads\/2024\/01\/18683-1.webp",300,178,false],"thumbrelated":["https:\/\/imagazine.it\/wp-content\/uploads\/2024\/01\/18683-1.webp",500,297,false],"meccarouselthumb":["https:\/\/imagazine.it\/wp-content\/uploads\/2024\/01\/18683-1.webp",474,282,false],"gridsquare":["https:\/\/imagazine.it\/wp-content\/uploads\/2024\/01\/18683-1.webp",391,233,false],"tileview":["https:\/\/imagazine.it\/wp-content\/uploads\/2024\/01\/18683-1.webp",300,178,false],"1536x1536":["https:\/\/imagazine.it\/wp-content\/uploads\/2024\/01\/18683-1.webp",750,446,false],"2048x2048":["https:\/\/imagazine.it\/wp-content\/uploads\/2024\/01\/18683-1.webp",750,446,false],"newsup-slider-full":["https:\/\/imagazine.it\/wp-content\/uploads\/2024\/01\/18683-1.webp",750,446,false],"newsup-featured":["https:\/\/imagazine.it\/wp-content\/uploads\/2024\/01\/18683-1.webp",750,446,false],"newsup-medium":["https:\/\/imagazine.it\/wp-content\/uploads\/2024\/01\/18683-1-720x380.webp",720,380,true],"tptn_thumbnail":["https:\/\/imagazine.it\/wp-content\/uploads\/2024\/01\/18683-1.webp",250,149,false],"sow-carousel-default":["https:\/\/imagazine.it\/wp-content\/uploads\/2024\/01\/18683-1-272x182.webp",272,182,true]},"rttpg_author":{"display_name":"redazione","author_link":"https:\/\/imagazine.it\/home_desk\/author\/redazione\/"},"rttpg_comment":0,"rttpg_category":"<a href=\"https:\/\/imagazine.it\/home_desk\/category\/cultura-e-spettacolo\/\" rel=\"category tag\">CULTURA&amp;SPETTACOLO<\/a>","rttpg_excerpt":"Sabato riapre il CID","_links":{"self":[{"href":"https:\/\/imagazine.it\/home_desk\/wp-json\/wp\/v2\/posts\/23039","targetHints":{"allow":["GET"]}}],"collection":[{"href":"https:\/\/imagazine.it\/home_desk\/wp-json\/wp\/v2\/posts"}],"about":[{"href":"https:\/\/imagazine.it\/home_desk\/wp-json\/wp\/v2\/types\/post"}],"author":[{"embeddable":true,"href":"https:\/\/imagazine.it\/home_desk\/wp-json\/wp\/v2\/users\/28"}],"replies":[{"embeddable":true,"href":"https:\/\/imagazine.it\/home_desk\/wp-json\/wp\/v2\/comments?post=23039"}],"version-history":[{"count":0,"href":"https:\/\/imagazine.it\/home_desk\/wp-json\/wp\/v2\/posts\/23039\/revisions"}],"wp:featuredmedia":[{"embeddable":true,"href":"https:\/\/imagazine.it\/home_desk\/wp-json\/wp\/v2\/media\/23040"}],"wp:attachment":[{"href":"https:\/\/imagazine.it\/home_desk\/wp-json\/wp\/v2\/media?parent=23039"}],"wp:term":[{"taxonomy":"category","embeddable":true,"href":"https:\/\/imagazine.it\/home_desk\/wp-json\/wp\/v2\/categories?post=23039"},{"taxonomy":"post_tag","embeddable":true,"href":"https:\/\/imagazine.it\/home_desk\/wp-json\/wp\/v2\/tags?post=23039"}],"curies":[{"name":"wp","href":"https:\/\/api.w.org\/{rel}","templated":true}]}}