{"id":23037,"date":"2017-03-28T00:00:00","date_gmt":"2017-03-27T23:00:00","guid":{"rendered":"https:\/\/imagazine.it\/?p=23037"},"modified":"2017-03-28T00:00:00","modified_gmt":"2017-03-27T23:00:00","slug":"i-professionisti-della-cultura-si-formano-ad-aquileia","status":"publish","type":"post","link":"https:\/\/imagazine.it\/home_desk\/i-professionisti-della-cultura-si-formano-ad-aquileia\/","title":{"rendered":"I professionisti della cultura si formano ad Aquileia"},"content":{"rendered":"<p>Nella sede del Ministero dei Beni e delle Attivit\u00e0 Culturali e del Turismo, la Fondazione Aquileia ha preso parte alla conferenza stampa di presentazione di <strong>\u201c<a href=\"https:\/\/www.generazionecultura.it\/\" target=\"_blank\" rel=\"noopener\">Generazione Cultura<\/a>\u201d<\/strong>, un progetto rivolto a giovani neolaureati ideato e sostenuto da il Gioco del Lotto, insieme al Ministero Beni e delle Attivit\u00e0 Culturali e del Turismo e ALES S.p.a. (Arte Lavoro e Servizi), in collaborazione con la LUISS Business School. Alla conferenza stampa hanno partecipato <strong>Giampaolo d\u2019Andrea<\/strong>, Capo di Gabinetto del Ministero Beni e delle Attivit\u00e0 Culturali e del Turismo, <strong>Paolo Boccardelli<\/strong>, Direttore della LUISS Business School, <strong>Francesco Scoppola<\/strong>, Direttore generale Belle Arti e Paesaggio del MiBACT, <strong>Fabio Cairoli<\/strong>, Amministratore Delegato di Lottomatica e <strong>Mario De Simoni<\/strong>, Presidente e Amministratore delegato di ALES S.p.a.<\/p>\n<p><strong>La Fondazione Aquileia<\/strong> <strong>\u00e8 una delle oltre 25 Istituzioni Culturali coinvolte nel progetto<\/strong>, che prevede una fase di formazione in aula e un periodo di stage retribuito con lo scopo di valorizzare e far crescere nuove professionalit\u00e0 nel mondo della cultura. Dopo aver completato circa 200 ore in sei settimane d&#39;aula di alta formazione presso la LUISS Business School, alcuni dei 100 giovani saranno ospitati dalla Fondazione Aquileia per un periodo di stage retribuito di 6 mesi. Ai giovani verr\u00e0 cos\u00ec data la possibilit\u00e0 di mettere in pratica le competenze acquisite nella fase di formazione e di metterle al servizio della Fondazione Aquileia, in un percorso virtuoso tra Istituzioni, Universit\u00e0, Territorio e Impresa. La Fondazione potr\u00e0 beneficiare dell\u2019apporto di nuove professionalit\u00e0 nel suo impegno di valorizzazione delle aree di interesse archeologico della citta\u0300 di Aquileia, nonch\u00e9 di sviluppo turistico culturale del territorio.<\/p>\n<p>Con <em>Generazione Cultura<\/em> si vuole dunque raggiungere un triplice obiettivo: sostenere la formazione dei giovani, promuovere nuove figure professionali specializzate e favorire la nascita di moderne imprese culturali.<\/p>\n<p>\u00abGenerazione Cultura \u2013 ha dichiarato il ministro <strong>Dario Franceschini<\/strong> \u2013 \u00e8 frutto della libera iniziativa privata nella promozione di un&#39;adeguata formazione di giovani talenti nel campo della valorizzazione del patrimonio culturale\u00bb.<\/p>\n<p>\u00abSono molto orgoglioso \u2013 <strong>Antonio Zanardi Landi, Presidente della Fondazione Aquileia<\/strong> \u2013della partecipazione della Fondazione Aquileia al Generazione Cultura, un progetto che rappresenta un\u2019ottima opportunit\u00e0 per coinvolgere nuove energie e giovani talenti nella valorizzazione dell\u2019ineguagliabile patrimonio archeologico di Aquileia, contribuendo al contempo alla formazione di giovani risorse e al loro inserimento nel mondo del lavoro\u00bb.<\/p>\n<p>\u00a0<\/p>\n","protected":false},"excerpt":{"rendered":"<p>Progetto presentato a Roma<\/p>\n","protected":false},"author":28,"featured_media":23038,"comment_status":"closed","ping_status":"closed","sticky":false,"template":"","format":"standard","meta":{"dwc-title":[],"dwc-content":[],"footnotes":""},"categories":[37],"tags":[],"class_list":["post-23037","post","type-post","status-publish","format-standard","has-post-thumbnail","hentry","category-cultura-e-spettacolo"],"rttpg_featured_image_url":{"full":["https:\/\/imagazine.it\/wp-content\/uploads\/2024\/01\/18678-1.webp",750,500,false],"landscape":["https:\/\/imagazine.it\/wp-content\/uploads\/2024\/01\/18678-1.webp",750,500,false],"portraits":["https:\/\/imagazine.it\/wp-content\/uploads\/2024\/01\/18678-1.webp",750,500,false],"thumbnail":["https:\/\/imagazine.it\/wp-content\/uploads\/2024\/01\/18678-1-150x150.webp",150,150,true],"medium":["https:\/\/imagazine.it\/wp-content\/uploads\/2024\/01\/18678-1-300x200.webp",300,200,true],"large":["https:\/\/imagazine.it\/wp-content\/uploads\/2024\/01\/18678-1.webp",640,427,false],"thumblist":["https:\/\/imagazine.it\/wp-content\/uploads\/2024\/01\/18678-1.webp",300,200,false],"thumbrelated":["https:\/\/imagazine.it\/wp-content\/uploads\/2024\/01\/18678-1.webp",500,333,false],"meccarouselthumb":["https:\/\/imagazine.it\/wp-content\/uploads\/2024\/01\/18678-1.webp",474,316,false],"gridsquare":["https:\/\/imagazine.it\/wp-content\/uploads\/2024\/01\/18678-1.webp",391,260,false],"tileview":["https:\/\/imagazine.it\/wp-content\/uploads\/2024\/01\/18678-1.webp",300,200,false],"1536x1536":["https:\/\/imagazine.it\/wp-content\/uploads\/2024\/01\/18678-1.webp",750,500,false],"2048x2048":["https:\/\/imagazine.it\/wp-content\/uploads\/2024\/01\/18678-1.webp",750,500,false],"newsup-slider-full":["https:\/\/imagazine.it\/wp-content\/uploads\/2024\/01\/18678-1.webp",750,500,false],"newsup-featured":["https:\/\/imagazine.it\/wp-content\/uploads\/2024\/01\/18678-1.webp",750,500,false],"newsup-medium":["https:\/\/imagazine.it\/wp-content\/uploads\/2024\/01\/18678-1-720x380.webp",720,380,true],"tptn_thumbnail":["https:\/\/imagazine.it\/wp-content\/uploads\/2024\/01\/18678-1.webp",250,167,false],"sow-carousel-default":["https:\/\/imagazine.it\/wp-content\/uploads\/2024\/01\/18678-1-272x182.webp",272,182,true]},"rttpg_author":{"display_name":"redazione","author_link":"https:\/\/imagazine.it\/home_desk\/author\/redazione\/"},"rttpg_comment":0,"rttpg_category":"<a href=\"https:\/\/imagazine.it\/home_desk\/category\/cultura-e-spettacolo\/\" rel=\"category tag\">CULTURA&amp;SPETTACOLO<\/a>","rttpg_excerpt":"Progetto presentato a Roma","_links":{"self":[{"href":"https:\/\/imagazine.it\/home_desk\/wp-json\/wp\/v2\/posts\/23037","targetHints":{"allow":["GET"]}}],"collection":[{"href":"https:\/\/imagazine.it\/home_desk\/wp-json\/wp\/v2\/posts"}],"about":[{"href":"https:\/\/imagazine.it\/home_desk\/wp-json\/wp\/v2\/types\/post"}],"author":[{"embeddable":true,"href":"https:\/\/imagazine.it\/home_desk\/wp-json\/wp\/v2\/users\/28"}],"replies":[{"embeddable":true,"href":"https:\/\/imagazine.it\/home_desk\/wp-json\/wp\/v2\/comments?post=23037"}],"version-history":[{"count":0,"href":"https:\/\/imagazine.it\/home_desk\/wp-json\/wp\/v2\/posts\/23037\/revisions"}],"wp:featuredmedia":[{"embeddable":true,"href":"https:\/\/imagazine.it\/home_desk\/wp-json\/wp\/v2\/media\/23038"}],"wp:attachment":[{"href":"https:\/\/imagazine.it\/home_desk\/wp-json\/wp\/v2\/media?parent=23037"}],"wp:term":[{"taxonomy":"category","embeddable":true,"href":"https:\/\/imagazine.it\/home_desk\/wp-json\/wp\/v2\/categories?post=23037"},{"taxonomy":"post_tag","embeddable":true,"href":"https:\/\/imagazine.it\/home_desk\/wp-json\/wp\/v2\/tags?post=23037"}],"curies":[{"name":"wp","href":"https:\/\/api.w.org\/{rel}","templated":true}]}}