{"id":23035,"date":"2017-03-28T00:00:00","date_gmt":"2017-03-27T23:00:00","guid":{"rendered":"https:\/\/imagazine.it\/?p=23035"},"modified":"2017-03-28T00:00:00","modified_gmt":"2017-03-27T23:00:00","slug":"trieste-in-festa-per-la-majestic-princess","status":"publish","type":"post","link":"https:\/\/imagazine.it\/home_desk\/trieste-in-festa-per-la-majestic-princess\/","title":{"rendered":"Trieste in festa per la &#8220;Majestic Princess&#8221;"},"content":{"rendered":"<p>Trieste si prepara ad accogliere in grande stile l&#39;arrivo della \u201cMajestic Princess\u201d, la nuova nave da crociera progettata da Fincantieri, costruita a Monfalcone, che ormegger\u00e0 alla stazione Marittima nella serata di gioved\u00ec 30 marzo per ripartire alle 17 di venerd\u00ec 31.<\/p>\n<p>Un&#39;ora prima, verso le 16, partiranno i festeggiamenti ideati dal Comune, in accordo con il comandante e i vertici della nuova unit\u00e0 da crociera. In anteprima all&#39;evento di venerd\u00ec, \u00e8 in programma una conferenza che si terr\u00e0 mercoled\u00ec 29 marzo, al Salone degli Incanti, con inizio alle ore 17.45, dal titolo<em> \u201cTrieste, 50 anni di love boats\u201d<\/em> : proprio il viaggio inaugurale della \u201cMajestic Princess\u201d avverr\u00e0 a 50 anni di distanza da quel 1967 che vide partire da Trieste la Motonave \u201cItalia\u201d, considerata la prima Princess del mare, in grado di dare il l\u00e0 alla storia e all&#39;evoluzione del crocierismo nazionale e internazionale. Di questo e altro ancora, parler\u00e0 <strong>Sergio de Luyk<\/strong>, esperto di storia navale e marittima.<\/p>\n<p>\u201cTrieste vuole valorizzare e approfondire il forte legame con il mare \u2013 ha sottolineato l&#39;assessore comunale allo Sviluppo Economico e Turismo <strong>Maurizio Bucci<\/strong>, nel corso della conferenza stampa tenutasi al Museo del Mare, assieme al consulente di Area <strong>Edgardo Bussani <\/strong>e a Sergio de Luyk \u2013 e questa \u00e8 un&#39;ulteriore occasione per far conoscere il deciso impegno dell&#39;amministrazione comunale sul fronte del turismo crocieristico, a favore del complessivo sviluppo dell&#39;economia cittadina\u201d.<\/p>\n<p>Tra gli appuntamenti pi\u00f9 significativi, Bucci ha ricordato l&#39;incontro ufficiale in Municipio, in programma venerd\u00ec 31, alle ore 10, con il comandante della nave, il triestino <strong>Dino Sagani<\/strong>; nel pomeriggio, alle 16, inizieranno i festeggiamenti per la partenza alla Stazione Marittima con la Fanfara dei Bersaglieri e la banda della Polizia Municipale.\u00a0<\/p>\n<p>\u201cAbbiamo organizzato \u2013 ha aggiunto l\u2019assessore \u2013 un piccolo ma significativo saluto alla nuova nave Fincantieri progettata a Trieste con un doppio intrattenimento musicale e sorpresa finale &#39;colorata&#39; da speciali fuochi d&#39;artificio, per un evento unico che tra l&#39;altro si svolge in contemporanea con la &#39;settimana dei motori&#39; che vedr\u00e0 piazza Unit\u00e0 d&#39;Italia ospitare le auto storiche\u201d.<\/p>\n<p>A bordo della Majestic Princess ci saranno 1.000 giornalisti e tour operator provenienti da tutto il mondo che assisteranno all&#39;evento e potranno promuovere le opportunit\u00e0 turistiche di Trieste. Un altro suggestivo spettacolo sar\u00e0 poi offerto dagli &#39;spruzzi d&#39;acqua&#39; dei rimorchiatori.<\/p>\n<p>Dalle Rive si potr\u00e0 ammirare e salutare la Majestic Princess in tutta la sua imponenza: stazza da oltre 143 mila tonnellate, lunghezza di 330 metri, larghezza di quasi 39 metri, capace di ospitare oltre 3.500 passeggeri e pi\u00f9 di 1.000 membri di equipaggio, con una velocit\u00e0 di crociera di 22 nodi.<\/p>\n","protected":false},"excerpt":{"rendered":"<p>Venerd\u00ec al via la crociera inaugurale<\/p>\n","protected":false},"author":28,"featured_media":23036,"comment_status":"closed","ping_status":"closed","sticky":false,"template":"","format":"standard","meta":{"dwc-title":[],"dwc-content":[],"footnotes":""},"categories":[5],"tags":[],"class_list":["post-23035","post","type-post","status-publish","format-standard","has-post-thumbnail","hentry","category-attualita"],"rttpg_featured_image_url":{"full":["https:\/\/imagazine.it\/wp-content\/uploads\/2024\/01\/18674-1.webp",750,480,false],"landscape":["https:\/\/imagazine.it\/wp-content\/uploads\/2024\/01\/18674-1.webp",750,480,false],"portraits":["https:\/\/imagazine.it\/wp-content\/uploads\/2024\/01\/18674-1.webp",750,480,false],"thumbnail":["https:\/\/imagazine.it\/wp-content\/uploads\/2024\/01\/18674-1-150x150.webp",150,150,true],"medium":["https:\/\/imagazine.it\/wp-content\/uploads\/2024\/01\/18674-1-300x192.webp",300,192,true],"large":["https:\/\/imagazine.it\/wp-content\/uploads\/2024\/01\/18674-1.webp",640,410,false],"thumblist":["https:\/\/imagazine.it\/wp-content\/uploads\/2024\/01\/18674-1.webp",300,192,false],"thumbrelated":["https:\/\/imagazine.it\/wp-content\/uploads\/2024\/01\/18674-1.webp",500,320,false],"meccarouselthumb":["https:\/\/imagazine.it\/wp-content\/uploads\/2024\/01\/18674-1.webp",474,303,false],"gridsquare":["https:\/\/imagazine.it\/wp-content\/uploads\/2024\/01\/18674-1.webp",391,250,false],"tileview":["https:\/\/imagazine.it\/wp-content\/uploads\/2024\/01\/18674-1.webp",300,192,false],"1536x1536":["https:\/\/imagazine.it\/wp-content\/uploads\/2024\/01\/18674-1.webp",750,480,false],"2048x2048":["https:\/\/imagazine.it\/wp-content\/uploads\/2024\/01\/18674-1.webp",750,480,false],"newsup-slider-full":["https:\/\/imagazine.it\/wp-content\/uploads\/2024\/01\/18674-1.webp",750,480,false],"newsup-featured":["https:\/\/imagazine.it\/wp-content\/uploads\/2024\/01\/18674-1.webp",750,480,false],"newsup-medium":["https:\/\/imagazine.it\/wp-content\/uploads\/2024\/01\/18674-1-720x380.webp",720,380,true],"tptn_thumbnail":["https:\/\/imagazine.it\/wp-content\/uploads\/2024\/01\/18674-1.webp",250,160,false],"sow-carousel-default":["https:\/\/imagazine.it\/wp-content\/uploads\/2024\/01\/18674-1-272x182.webp",272,182,true]},"rttpg_author":{"display_name":"redazione","author_link":"https:\/\/imagazine.it\/home_desk\/author\/redazione\/"},"rttpg_comment":0,"rttpg_category":"<a href=\"https:\/\/imagazine.it\/home_desk\/category\/attualita\/\" rel=\"category tag\">ATTUALIT\u00c0<\/a>","rttpg_excerpt":"Venerd\u00ec al via la crociera inaugurale","_links":{"self":[{"href":"https:\/\/imagazine.it\/home_desk\/wp-json\/wp\/v2\/posts\/23035","targetHints":{"allow":["GET"]}}],"collection":[{"href":"https:\/\/imagazine.it\/home_desk\/wp-json\/wp\/v2\/posts"}],"about":[{"href":"https:\/\/imagazine.it\/home_desk\/wp-json\/wp\/v2\/types\/post"}],"author":[{"embeddable":true,"href":"https:\/\/imagazine.it\/home_desk\/wp-json\/wp\/v2\/users\/28"}],"replies":[{"embeddable":true,"href":"https:\/\/imagazine.it\/home_desk\/wp-json\/wp\/v2\/comments?post=23035"}],"version-history":[{"count":0,"href":"https:\/\/imagazine.it\/home_desk\/wp-json\/wp\/v2\/posts\/23035\/revisions"}],"wp:featuredmedia":[{"embeddable":true,"href":"https:\/\/imagazine.it\/home_desk\/wp-json\/wp\/v2\/media\/23036"}],"wp:attachment":[{"href":"https:\/\/imagazine.it\/home_desk\/wp-json\/wp\/v2\/media?parent=23035"}],"wp:term":[{"taxonomy":"category","embeddable":true,"href":"https:\/\/imagazine.it\/home_desk\/wp-json\/wp\/v2\/categories?post=23035"},{"taxonomy":"post_tag","embeddable":true,"href":"https:\/\/imagazine.it\/home_desk\/wp-json\/wp\/v2\/tags?post=23035"}],"curies":[{"name":"wp","href":"https:\/\/api.w.org\/{rel}","templated":true}]}}