{"id":22939,"date":"2017-03-17T00:00:00","date_gmt":"2017-03-16T23:00:00","guid":{"rendered":"https:\/\/imagazine.it\/?p=22939"},"modified":"2017-03-17T00:00:00","modified_gmt":"2017-03-16T23:00:00","slug":"una-palestra-lunga-42-chilometri","status":"publish","type":"post","link":"https:\/\/imagazine.it\/home_desk\/una-palestra-lunga-42-chilometri\/","title":{"rendered":"Una palestra lunga 42 chilometri"},"content":{"rendered":"<p>La corsa che entra nella Storia d\u00e0 appuntamento a <strong>domenica 26 marzo.<\/strong> La quinta edizione dell\u2019<strong>Unesco Cities Marathon<\/strong> \u2013 presentata ufficialmente oggi nella sede della Regione Friuli Venezia Giulia a Udine &#8211; sar\u00e0 uno spettacolo che coniugher\u00e0 <strong>sport, arte, cultura e solidariet\u00e0<\/strong>, unendo idealmente due citt\u00e0 \u2013 <strong>Cividale del Friuli<\/strong> e <strong>Aquileia<\/strong> &#8211; che sono Patrimonio Mondiale dell\u2019Unesco e una terza \u2013 <strong>Palmanova<\/strong> \u2013 candidata a diventarlo. Una festa lunga 42 km e sempre pi\u00f9 allargata a discipline diverse. Perch\u00e9 l\u2019Unesco Cities Marathon non \u00e8 solo <strong>running<\/strong>, in tutte le sue declinazioni, ma anche <strong>triathlon<\/strong>, <strong>pattinaggio<\/strong>, <strong>handbike<\/strong>, e altro ancora. \u00a0<\/p>\n<p><strong>UNA MARATONA, MILLE TRAGUARDI \u2013 Non solo 42 chilometri. <\/strong>\u201cAbbiamo una palestra lunga 42 chilometri e 195 metri, vogliamo sfruttarla per coinvolgere altri sport. All\u2019Unesco Cities Marathon saranno presenti l\u2019atletica, il triathlon, i pattini e l\u2019handbike. Mondi diversi che, grazie alla maratona, abbiamo portato a dialogare\u201d, spiega il segretario genera UCM, <strong>Giuseppe Donno<\/strong>. Sulle strade della storia, oltre alla maratona, si correranno la <strong>staffetta a coppie<\/strong> (25,600 km + 16,595 km) e la <strong>Iulia Augusta Run<\/strong>, prova sulla distanza di 16,595 km (aperta agli appassionati del <strong>Nordic Walking<\/strong>) che percorrer\u00e0 il tratto finale del percorso della maratona. Unesco Cities Marathon sar\u00e0 anche <strong>Grand Prix di Handbike<\/strong>, con i campioni del mondo paralimpico. Si garegger\u00e0 inoltre nel triathlon, sia pure in forma atipica, con il <strong>Trysport Unesco Cities <\/strong>(sabato 25 marzo la frazione di nuoto alla piscina di Feletto, domenica 26 marzo la prova di ciclismo da Cividale a Palmanova e quella di podismo da Palmanova ad Aquileia). Quest\u2019anno sar\u00e0 introdotta anche la gara di <strong>pattinaggio<\/strong> (distanza completa della maratona e ridotta sul tragitto da Palmanova ad Aquileia).\u00a0 Su un percorso ridotto (4 km), con partenza da Terzo di Aquileia, spazio pure per la <strong>Special Run<\/strong>, che vedr\u00e0 al via gli atleti <strong>Special Olympics<\/strong>. Ad Aquileia si rinnover\u00e0 infine l\u2019appuntamento con la <strong>Run for Life \u2013 Marcia per la vita<\/strong>, prova aperta a tutti sulle distanze di <strong>7, 12 e 21 chilometri<\/strong>.<\/p>\n<p><strong>TOP RUNNERS \u2013 <\/strong>I favoriti sono il keniano <strong>Henry Kimtai Kibet<\/strong> e la croata <strong>Marija Vrajic<\/strong>. Entrambi si sono gi\u00e0 imposti sul traguardo di Aquileia: Kimtai Kibet nel 2015, quando vinse in 2h15\u201913\u201d, primato personale. La Vrajic (bronzo mondiale nella 100 km nel 2015) l\u2019anno scorso, all\u2019inizio di una stagione indimenticabile, perch\u00e9, dopo aver portato il personale a 2h40\u201941\u201d alla <em>Treviso Marathon<\/em>, ha partecipato alla maratona olimpica di Rio de Janeiro. In gara anche il vicecampione sloveno di maratona, <strong>Martin Ocepek<\/strong>. Curiosit\u00e0: a questa edizione dell\u2019<em>Unesco Cities Marathon<\/em> parteciper\u00e0 anche una campionessa mondiale. \u00c8 la veneziana <strong>Erica Zanetti<\/strong>, monumento azzurro del pattinaggio a rotelle. L\u2019Unesco Cities Marathon sar\u00e0 valida come <strong>Campionato Italiano Esercito<\/strong> e come <strong>campionato regionale assoluto e master Fidal<\/strong>. In palio, inoltre, i titoli dell\u2019<strong>Unione Nazionale Veterani dello Sport (UNVS)<\/strong>.\u00a0\u00a0\u00a0\u00a0\u00a0\u00a0\u00a0<\/p>\n<p><strong>LAURA BASSI E I FORMIDABILI \u2013 <\/strong>All\u2019<em>Unesco<\/em> <em>Cities Marathon<\/em> parteciper\u00e0, anche quest\u2019anno, <strong>Laura Bassi<\/strong>, la ragazza friulana rimasta ferita, a giugno del 2014, in un grave incidente stradale, in seguito al quale le \u00e8 stata amputata una gamba. Laura affronter\u00e0 il percorso da Palmanova ad Aquileia insieme ai ragazzi dell\u2019<strong>Associazione FomidAbili Onlus<\/strong>, da lei stessa presieduta.<\/p>\n<p><strong>IL PERCORSO \u2013 <\/strong>L\u2019<em>Unesco<\/em> <em>Cities Marathon<\/em> scatter\u00e0 da <strong>Cividale del Friuli<\/strong>, in via Tombe Romane. L\u2019arrivo \u00e8 ad <strong>Aquileia<\/strong>, in Piazza Capitolo, tra l\u2019antica Basilica, il campanile e il battistero. Tra i passaggi pi\u00f9 suggestivi, l\u2019attraversamento di <strong>Palmanova<\/strong>. Undici i comuni coinvolti: <strong>Cividale, Premariacco, Manzano, San Giovanni al Natisone, Chiopris Viscone, San Vito al Torre, Palmanova, Bagnaria Arsa, Cervignano, Terzo di Aquileia <\/strong>e <strong>Aquileia<\/strong>. Alcune curiosit\u00e0: all\u2019<em>Unesco<\/em> <em>Cities Marathon<\/em> correr\u00e0 il <strong>Bls-Run Team<\/strong>, una squadra di runners addestrati a manovre di primo soccorso, pronti ad intervenire nel caso di atleti che, durante la corsa, fossero colpiti da problemi cardiaci. Per la gestione di punti di ristoro e spugnaggi saranno coinvolte una <strong>dozzina di societ\u00e0 sportive friulane e venete<\/strong>. Fondamentale l\u2019apporto della <strong>Protezione Civile<\/strong>, per la messa in sicurezza del percorso di gara, e della <strong>Croce Rossa di Palmanova<\/strong>, per l\u2019assistenza sanitaria agli atleti. Al traguardo, assistenza fisioterapica garantita da <strong>Movita<\/strong>.\u00a0\u00a0<\/p>\n<p><strong>CONVEGNO CON MAURO FERRARI &#8211;<\/strong> <strong>\u201cSport, salute e societ\u00e0: ricerca, energie e opportunit\u00e0 per le persone e le famiglie\u201d<\/strong>\u00a0. Questo il titolo del convegno &#8211; organizzato da\u00a0<strong>Federsanit\u00e0 Anci Fvg<\/strong> &#8211; che si terr\u00e0\u00a0<strong>sabato 25 marzo<\/strong>, con inizio alle 9, all\u2019auditorium del\u00a0<strong>Liceo \u201cCaterina Percoto\u201d<\/strong>\u00a0di\u00a0<strong>Udine<\/strong>. Si tratta di un evento culturale, scientifico e divulgativo, aperto a giovani, famiglie, operatori sanitari e sociosanitari. Temi centrali dell\u2019incontro, i valori e il forte legame tra sport, famiglia e ricerca. Testimonial d\u2019eccezione, il professor\u00a0<strong>Mauro Ferrari<\/strong>, scienziato friulano noto in tutto il mondo, presidente e amministratore delegato del \u201cMethodist Research Institute\u201d di Houston, pioniere della ricerca nanotecnologica applicata alla medicina ed esperto nel settore della biotecnologie. A lui sar\u00e0 affidata la \u201clectio magistralis\u201d. Coordinamento scientifico del convegno da parte di <strong>Tiziana Scaccabarozzi<\/strong> (direttore \u201cIRCCS E. Medea La Nostra Famiglia\u201d). Organizzazione a cura di <strong>Tiziana Del Fabbro<\/strong> (segretario generale Federsanit\u00e0 Anci Fvg).\u00a0\u00a0<\/p>\n<p><strong>SCUOLE DI CORSA AD AQUILEIA \u2013 Sabato 18 marzo<\/strong>, ad Aquileia, anteprima della maratona, con l\u2019<strong><em>Unesco<\/em> <em>Cities Marathon Education<\/em><\/strong>. Coinvolti oltre 230 studenti delle classi seconde e terze delle scuole medie di <strong>Aquileia, Palmanova, Aiello, Fiumicello, Cervignano e Cividale del Friuli<\/strong>. All\u2019inizio della manifestazione, <strong>promessa solenne<\/strong> da parte dei giovani a <strong>tutelare i luoghi del patrimonio culturale e storico<\/strong>.\u00a0\u00a0<\/p>\n<p>\u201c<em>Unesco Cities Marathon<\/em> \u2013 afferma il consigliere regionale <strong>Roberto Novelli<\/strong> \u2013 \u00e8 un evento unico. Unico anche per il rilievo internazionale che sta assumendo. Passando di borgo in borgo, venendo a contatto con la nostra gente,\u00a0 la maratona rappresenta una stupenda cartolina per l\u2019intero territorio\u201d.<\/p>\n<p>\u201cLa manifestazione \u2013 sottolinea il sindaco di Palmanova, <strong>Francesco Martines<\/strong> \u2013 abbraccia un territorio ampio, ricco di cultura e arte. Lo sport in questo caso diventa volano dell\u2019economia , con vantaggi diffusi. La maratona unisce due citt\u00e0 dell\u2019Unesco, Cividale e Aquileia. Spero che dal prossimo anno, con il riconoscimento di Palmanova, si possa dire che le citt\u00e0 della maratona dell\u2019Unesco sono diventate tre\u201d\u00a0<\/p>\n<p>\u201cIl messaggio dello sport \u2013 dichiara <strong>Gabriele Spanghero<\/strong>, sindaco di Aquileia \u2013 \u00e8 trasversale e racchiude valori importanti. Ho chiesto ai sindaci degli altri siti Unesco di inviare degli ambasciatori alla maratona. C\u2019\u00e8 l\u2019esigenza di fare squadra per veicolare al meglio\u00a0 la ricchezza del nostro territorio. Molto \u00e8 ancora possibile fare sotto questo profilo\u201d.<\/p>\n<p>\u201cA Cividale \u2013 precisa l\u2019assessore del Comune ducale, <strong>Flavio Pesante<\/strong> \u2013 l\u2019abbiamo vista nascere, perch\u00e9 l\u2019idea\u00a0 di organizzare la maratona \u00e8 venuta ad un nostro concittadino, Giovanni Cozzi. Fu lui a notare, si dice dopo un giro in bicicletta, che Cividale e Aquileia sono separate esattamente da 42 chilometri, la distanza della maratona.\u00a0 Apprezziamo il fatto che l\u2019Unesco Cities Marathon continui a crescere di anno in anno\u201d.<\/p>\n<p>\u201cSiamo un piccolo Comune e ci fa molto piacere che l\u2019<em>Unesco Cities Marathon<\/em> abbia scelto il nostro paese \u2013 dichiara <strong>Francesco Contin<\/strong>, assessore del Comune di Terzo di Aquileia \u2013 per la partenza della corsa riservata agli atleti Special Olympics. Un momento che vedr\u00e0 impegnate dieci associazioni locali\u201d.<\/p>\n<p>\u201c<em>Unesco Cities Marathon<\/em> \u2013 rimarca l\u2019assessore allo Sport della Provincia di Udine, <strong>Beppino Govetto<\/strong> \u2013 \u00e8 soprattutto inclusione. Ad Aquileia riproporremo l\u2019<em>Unesco<\/em> <em>Cities Marathon Education<\/em>: una corsa per gli studenti, che diventa\u00a0 occasione\u00a0 per lanciare un messaggio ai giovani di sensibilizzazione verso il nostro patrimonio artistico\u201d.<\/p>\n<p>\u201cUnesco Cities Marathon \u2013 conclude il presidente della manifestazione, <strong>Giuliano Gemo<\/strong> \u2013 \u00e8 sport, ma anche e soprattutto cultura. Cinque anni fa abbiamo iniziato un percorso e lo stiamo portando avanti nel segno di un ampio coinvolgimento dell\u2019associazionismo. Dobbiamo ringraziare le tantissime realt\u00e0 che ci supportano, a partire dalla Protezione Civile, senza la quale organizzare un evento di questo tipo sarebbe impossibile\u201d.<\/p>\n","protected":false},"excerpt":{"rendered":"<p>Presentata la 5^ edizione della Unesco Cities Marathon<\/p>\n","protected":false},"author":28,"featured_media":22940,"comment_status":"closed","ping_status":"closed","sticky":false,"template":"","format":"standard","meta":{"dwc-title":[],"dwc-content":[],"footnotes":""},"categories":[38],"tags":[],"class_list":["post-22939","post","type-post","status-publish","format-standard","has-post-thumbnail","hentry","category-sport"],"rttpg_featured_image_url":{"full":["https:\/\/imagazine.it\/wp-content\/uploads\/2024\/01\/18475-1.webp",750,353,false],"landscape":["https:\/\/imagazine.it\/wp-content\/uploads\/2024\/01\/18475-1.webp",750,353,false],"portraits":["https:\/\/imagazine.it\/wp-content\/uploads\/2024\/01\/18475-1.webp",750,353,false],"thumbnail":["https:\/\/imagazine.it\/wp-content\/uploads\/2024\/01\/18475-1-150x150.webp",150,150,true],"medium":["https:\/\/imagazine.it\/wp-content\/uploads\/2024\/01\/18475-1-300x141.webp",300,141,true],"large":["https:\/\/imagazine.it\/wp-content\/uploads\/2024\/01\/18475-1.webp",640,301,false],"thumblist":["https:\/\/imagazine.it\/wp-content\/uploads\/2024\/01\/18475-1.webp",300,141,false],"thumbrelated":["https:\/\/imagazine.it\/wp-content\/uploads\/2024\/01\/18475-1.webp",500,235,false],"meccarouselthumb":["https:\/\/imagazine.it\/wp-content\/uploads\/2024\/01\/18475-1.webp",474,223,false],"gridsquare":["https:\/\/imagazine.it\/wp-content\/uploads\/2024\/01\/18475-1.webp",391,184,false],"tileview":["https:\/\/imagazine.it\/wp-content\/uploads\/2024\/01\/18475-1.webp",300,141,false],"1536x1536":["https:\/\/imagazine.it\/wp-content\/uploads\/2024\/01\/18475-1.webp",750,353,false],"2048x2048":["https:\/\/imagazine.it\/wp-content\/uploads\/2024\/01\/18475-1.webp",750,353,false],"newsup-slider-full":["https:\/\/imagazine.it\/wp-content\/uploads\/2024\/01\/18475-1.webp",750,353,false],"newsup-featured":["https:\/\/imagazine.it\/wp-content\/uploads\/2024\/01\/18475-1.webp",750,353,false],"newsup-medium":["https:\/\/imagazine.it\/wp-content\/uploads\/2024\/01\/18475-1-720x353.webp",720,353,true],"tptn_thumbnail":["https:\/\/imagazine.it\/wp-content\/uploads\/2024\/01\/18475-1.webp",250,118,false],"sow-carousel-default":["https:\/\/imagazine.it\/wp-content\/uploads\/2024\/01\/18475-1-272x182.webp",272,182,true]},"rttpg_author":{"display_name":"redazione","author_link":"https:\/\/imagazine.it\/home_desk\/author\/redazione\/"},"rttpg_comment":0,"rttpg_category":"<a href=\"https:\/\/imagazine.it\/home_desk\/category\/sport\/\" rel=\"category tag\">SPORT<\/a>","rttpg_excerpt":"Presentata la 5^ edizione della Unesco Cities Marathon","_links":{"self":[{"href":"https:\/\/imagazine.it\/home_desk\/wp-json\/wp\/v2\/posts\/22939","targetHints":{"allow":["GET"]}}],"collection":[{"href":"https:\/\/imagazine.it\/home_desk\/wp-json\/wp\/v2\/posts"}],"about":[{"href":"https:\/\/imagazine.it\/home_desk\/wp-json\/wp\/v2\/types\/post"}],"author":[{"embeddable":true,"href":"https:\/\/imagazine.it\/home_desk\/wp-json\/wp\/v2\/users\/28"}],"replies":[{"embeddable":true,"href":"https:\/\/imagazine.it\/home_desk\/wp-json\/wp\/v2\/comments?post=22939"}],"version-history":[{"count":0,"href":"https:\/\/imagazine.it\/home_desk\/wp-json\/wp\/v2\/posts\/22939\/revisions"}],"wp:featuredmedia":[{"embeddable":true,"href":"https:\/\/imagazine.it\/home_desk\/wp-json\/wp\/v2\/media\/22940"}],"wp:attachment":[{"href":"https:\/\/imagazine.it\/home_desk\/wp-json\/wp\/v2\/media?parent=22939"}],"wp:term":[{"taxonomy":"category","embeddable":true,"href":"https:\/\/imagazine.it\/home_desk\/wp-json\/wp\/v2\/categories?post=22939"},{"taxonomy":"post_tag","embeddable":true,"href":"https:\/\/imagazine.it\/home_desk\/wp-json\/wp\/v2\/tags?post=22939"}],"curies":[{"name":"wp","href":"https:\/\/api.w.org\/{rel}","templated":true}]}}