{"id":22933,"date":"2017-03-17T00:00:00","date_gmt":"2017-03-16T23:00:00","guid":{"rendered":"https:\/\/imagazine.it\/?p=22933"},"modified":"2017-03-17T00:00:00","modified_gmt":"2017-03-16T23:00:00","slug":"palmanova-al-via-raccolta-testamenti-biologici","status":"publish","type":"post","link":"https:\/\/imagazine.it\/home_desk\/palmanova-al-via-raccolta-testamenti-biologici\/","title":{"rendered":"Palmanova, al via raccolta testamenti biologici"},"content":{"rendered":"<p>Con una delibera di Giunta il Comune di Palmanova ha deciso di\u00a0<strong>istituire il Registro del Testamento Biologico<\/strong>, per la raccolta e la conservazione delle volont\u00e0 dei cittadini residenti, in merito ai trattamenti clinico-medici a cui sottoporsi, qualora non pi\u00f9 in grado di esprimersi.<\/p>\n<p>Assieme all\u2019atto \u00e8 stato approvato anche lo schema della \u201cDichiarazione di volont\u00e0 anticipate per i trattamenti sanitari\u201d.\u00a0<strong>Gi\u00e0 da luned\u00ec\u00a0<\/strong>sar\u00e0 possibile compilare e depositare le proprie volont\u00e0 presso gli uffici comunali.<\/p>\n<p>\u201cQuesta amministrazione \u2013 commenta il sindaco Francesco Martines \u2013 vuole tutelare i diritti di ogni singola persona a compiere le proprie scelte in piena libert\u00e0\u00a0e nello stesso tempo favorire, con iniziative concrete, l&#39;estensione dei diritti civili. Riconosciamo l&#39;estrema delicatezza delle questioni che riguardano i trattamenti clinici di fine vita, sia dal punto di vista etico-scientifico, sia sotto l&#39;aspetto ancor pi\u00f9 sensibile dei convincimenti religiosi\u201d commenta il Sindaco\u00a0<strong>Francesco Martines<\/strong>. \u201cAuspichiamo che su questa materia si giunga in tempi rapidi all&#39;approvazione di un&#39;apposita legge che regolamenti le modalit\u00e0 con cui rendere possibile, a chi ne senta il bisogno, depositare e dunque far applicare le proprie volont\u00e0 sui trattamenti clinici di fine vita.\u00a0Nessuno pu\u00f2 essere assoggettato a trattamento terapeutico contro la sua volont\u00e0\u201d.<\/p>\n<p>Per\u00a0<strong>Testamento Biologico si intende<\/strong>\u00a0la manifestazione di volont\u00e0 di una persona, resa in condizioni di lucidit\u00e0 mentale, in merito alle terapie che intende o non intende accettare nell&#39;eventualit\u00e0 in cui dovesse trovarsi nella condizione di incapacit\u00e0 di esprimere il proprio diritto di acconsentire o non acconsentire alle cure proposte per malattie o lesioni traumatiche cerebrali irreversibili o invalidanti, malattie che costringano a trattamenti permanenti con macchine o sistemi artificiali che impediscano una normale vita di relazione.<\/p>\n","protected":false},"excerpt":{"rendered":"<p>Istituito l&#8217;apposito registro<\/p>\n","protected":false},"author":28,"featured_media":22934,"comment_status":"closed","ping_status":"closed","sticky":false,"template":"","format":"standard","meta":{"dwc-title":[],"dwc-content":[],"footnotes":""},"categories":[5],"tags":[],"class_list":["post-22933","post","type-post","status-publish","format-standard","has-post-thumbnail","hentry","category-attualita"],"rttpg_featured_image_url":{"full":["https:\/\/imagazine.it\/wp-content\/uploads\/2024\/01\/18469-1.webp",750,538,false],"landscape":["https:\/\/imagazine.it\/wp-content\/uploads\/2024\/01\/18469-1.webp",750,538,false],"portraits":["https:\/\/imagazine.it\/wp-content\/uploads\/2024\/01\/18469-1.webp",750,538,false],"thumbnail":["https:\/\/imagazine.it\/wp-content\/uploads\/2024\/01\/18469-1-150x150.webp",150,150,true],"medium":["https:\/\/imagazine.it\/wp-content\/uploads\/2024\/01\/18469-1-300x215.webp",300,215,true],"large":["https:\/\/imagazine.it\/wp-content\/uploads\/2024\/01\/18469-1.webp",640,459,false],"thumblist":["https:\/\/imagazine.it\/wp-content\/uploads\/2024\/01\/18469-1.webp",300,215,false],"thumbrelated":["https:\/\/imagazine.it\/wp-content\/uploads\/2024\/01\/18469-1.webp",500,359,false],"meccarouselthumb":["https:\/\/imagazine.it\/wp-content\/uploads\/2024\/01\/18469-1.webp",452,324,false],"gridsquare":["https:\/\/imagazine.it\/wp-content\/uploads\/2024\/01\/18469-1.webp",362,260,false],"tileview":["https:\/\/imagazine.it\/wp-content\/uploads\/2024\/01\/18469-1.webp",300,215,false],"1536x1536":["https:\/\/imagazine.it\/wp-content\/uploads\/2024\/01\/18469-1.webp",750,538,false],"2048x2048":["https:\/\/imagazine.it\/wp-content\/uploads\/2024\/01\/18469-1.webp",750,538,false],"newsup-slider-full":["https:\/\/imagazine.it\/wp-content\/uploads\/2024\/01\/18469-1.webp",750,538,false],"newsup-featured":["https:\/\/imagazine.it\/wp-content\/uploads\/2024\/01\/18469-1.webp",750,538,false],"newsup-medium":["https:\/\/imagazine.it\/wp-content\/uploads\/2024\/01\/18469-1-720x380.webp",720,380,true],"tptn_thumbnail":["https:\/\/imagazine.it\/wp-content\/uploads\/2024\/01\/18469-1.webp",250,179,false],"sow-carousel-default":["https:\/\/imagazine.it\/wp-content\/uploads\/2024\/01\/18469-1-272x182.webp",272,182,true]},"rttpg_author":{"display_name":"redazione","author_link":"https:\/\/imagazine.it\/home_desk\/author\/redazione\/"},"rttpg_comment":0,"rttpg_category":"<a href=\"https:\/\/imagazine.it\/home_desk\/category\/attualita\/\" rel=\"category tag\">ATTUALIT\u00c0<\/a>","rttpg_excerpt":"Istituito l'apposito registro","_links":{"self":[{"href":"https:\/\/imagazine.it\/home_desk\/wp-json\/wp\/v2\/posts\/22933","targetHints":{"allow":["GET"]}}],"collection":[{"href":"https:\/\/imagazine.it\/home_desk\/wp-json\/wp\/v2\/posts"}],"about":[{"href":"https:\/\/imagazine.it\/home_desk\/wp-json\/wp\/v2\/types\/post"}],"author":[{"embeddable":true,"href":"https:\/\/imagazine.it\/home_desk\/wp-json\/wp\/v2\/users\/28"}],"replies":[{"embeddable":true,"href":"https:\/\/imagazine.it\/home_desk\/wp-json\/wp\/v2\/comments?post=22933"}],"version-history":[{"count":0,"href":"https:\/\/imagazine.it\/home_desk\/wp-json\/wp\/v2\/posts\/22933\/revisions"}],"wp:featuredmedia":[{"embeddable":true,"href":"https:\/\/imagazine.it\/home_desk\/wp-json\/wp\/v2\/media\/22934"}],"wp:attachment":[{"href":"https:\/\/imagazine.it\/home_desk\/wp-json\/wp\/v2\/media?parent=22933"}],"wp:term":[{"taxonomy":"category","embeddable":true,"href":"https:\/\/imagazine.it\/home_desk\/wp-json\/wp\/v2\/categories?post=22933"},{"taxonomy":"post_tag","embeddable":true,"href":"https:\/\/imagazine.it\/home_desk\/wp-json\/wp\/v2\/tags?post=22933"}],"curies":[{"name":"wp","href":"https:\/\/api.w.org\/{rel}","templated":true}]}}