{"id":22925,"date":"2017-03-16T00:00:00","date_gmt":"2017-03-15T23:00:00","guid":{"rendered":"https:\/\/imagazine.it\/?p=22925"},"modified":"2017-03-16T00:00:00","modified_gmt":"2017-03-15T23:00:00","slug":"agiurgiuculese-vola-verso-la-world-cup-di-pesaro","status":"publish","type":"post","link":"https:\/\/imagazine.it\/home_desk\/agiurgiuculese-vola-verso-la-world-cup-di-pesaro\/","title":{"rendered":"Agiurgiuculese vola verso la World Cup di Pesaro"},"content":{"rendered":"<p>Intenso weekend quello appena trascorso per la sezione ritmica dell\u2019Associazione Sportiva Udinese. La compagine bianconera di Ginnastica Ritmica, allenata da <strong>\u0160pela Draga\u0161<\/strong>, <strong>Magda Pigano<\/strong> con la collaborazione della coreografa <strong>Sonya Manukyan<\/strong>, ha iniziato con il piede giusto il nuovo quadriennio olimpico, che avr\u00e0 il suo apice con le Olimpiadi di Tokyo nel 2020, obiettivo e sogno di una vita della giovane ginnasta <strong>Alexandra Agiurgiuculese<\/strong>, gi\u00e0 vincitrice di 4 medaglie ai Campionati Europei Juniores 2016.<\/p>\n<p><strong>5\u00b0 Trofeo Citt\u00e0 di Desio \u201cBilaterale Italia \u2013 Russia\u201d<\/strong><br \/> Alexandra, 16enne fuoriclasse della scuola udinese, dopo lo strabiliante debutto dello scorso febbraio, in campo Internazionale nella categoria maggiore al Grand Prix di Mosca (8\u00b0posto nell\u2019<em>All<\/em> <em>Around<\/em>, 4 finali su 4 e quinto posto alle clavette), si \u00e8 confrontata per la prima volta con le veterane di terra nostra. Sabato scorso infatti si \u00e8 svolto il 5\u00b0 Trofeo Citt\u00e0 di Desio \u201cBilaterale Italia \u2013 Russia\u201d, dove Alexandra, pur non avendo una tenuta di gara perfetta, \u00e8 riuscita a piazzarsi ai piedi del podio, alle spalle delle inavvicinabili gemelle russe <strong>Dina e Arina Averina<\/strong>, e alla padrona di casa <strong>Veronica Bertolini<\/strong> 22 anni, olimpionica a Rio 2016. La giovane atleta bianconera, gi\u00e0 componente della rosa Team Italia, \u00e8 riuscita a passare avanti ad <strong>Alessia Russo<\/strong>, <strong>Milena Baldassarri<\/strong> e <strong>Letizia Cicconcelli<\/strong>, conquistando cos\u00ec la fiducia del direttore tecnico nazionale, <strong>Marina Piazza<\/strong>, che ha gi\u00e0 confermato Alexandra per <strong>la Coppa del Mondo di Pesaro, che si svolger\u00e0 nella citt\u00e0 di Rossini dal 7 al 9 aprile prossimo<\/strong>.<\/p>\n<p>\u201c<em>Abbiamo iniziato la nuova stagione con il piede giusto. <\/em>\u00a0<em>Siamo molto felici <\/em>\u2013 commenta Draga\u0161 \u2013 <em>che Alexandra si sia guadagnata un posto alla World Cup di Pesaro. Questa \u00e8 una stagione importante. Si comincia a preparare il terreno che accompagner\u00e0 la crescita delle ginnaste fino al grande obiettivo che chiuder\u00e0 questo ciclo. Come pure sono motivo di orgoglio le nostre ginnaste che ogni giorno dedicano l\u2019intero pomeriggio a questa disciplina, seguite da uno staff instancabile e da una societ\u00e0 solida<\/em>\u201d.<\/p>\n<p><strong>Risultati lusinghieri anche da fronte territoriale<\/strong><br \/> Si sono concluse infatti le prove regionali del Campionato Gold Individuale e di Specialit\u00e0 Junior e Senior. Campionessa Regionale Senior di 1^ Fascia, <strong>Virginia Samez<\/strong>, che alla seconda prova ha avuto una tenuta di gara impeccabile, dominando il Campionato con un totale di 60,700, davanti a <strong>Beatrice Pilosio<\/strong> 53,400. Campionesse Regionali anche <strong>Viola Romano<\/strong> (cat. Junior 2), \u00a0<strong>Nicole Stroppolo<\/strong> (Senior 2) e <strong>Alexia Gorina<\/strong> (Junior 1). Ottimi piazzamenti anche per le giovanissime atlete dell\u2019ASU protagoniste della prima prova regionale Gold Allieve: 1\u00b0 posto nelle Allieve 2-10 anni, per <strong>Tara Draga\u0161<\/strong>, gi\u00e0 Campionessa Nazionale d\u2019Italia e di Slovenia nel 2016, che si \u00e8 piazzata avanti alla compagna di squadra <strong>Isabelle Tavano<\/strong>. 1\u00b0 posto nelle Allieve 3 (11 anni) per <strong>Katia Stepanov<\/strong>, che ha staccato di due punti la pordenonese Kodra. 1\u00b0 posto anche per la sorellina <strong>Nicole<\/strong> (9 anni).<\/p>\n<p><strong>Prossime gare<\/strong><br \/> I prossimi impegni della sezione vedranno impegnate <strong>Erica Cosatti<\/strong> (Campionessa Regionale di Specialit\u00e0 alle clavette e al nastro) e <strong>Nicole Reganaz<\/strong> (vice campionessa Regionale di Specialit\u00e0 al cerchio e alla palla) al Campionato Interregionale di Specialit\u00e0 Gold che si svolger\u00e0 a Castelletto Sopra Ticino il prossimo weekend, evento valido per accedere ai Campionati Italiani.<\/p>\n","protected":false},"excerpt":{"rendered":"<p>Ginnastica ritmica<\/p>\n","protected":false},"author":28,"featured_media":22926,"comment_status":"closed","ping_status":"closed","sticky":false,"template":"","format":"standard","meta":{"dwc-title":[],"dwc-content":[],"footnotes":""},"categories":[38],"tags":[],"class_list":["post-22925","post","type-post","status-publish","format-standard","has-post-thumbnail","hentry","category-sport"],"rttpg_featured_image_url":{"full":["https:\/\/imagazine.it\/wp-content\/uploads\/2024\/01\/18446-1.webp",750,649,false],"landscape":["https:\/\/imagazine.it\/wp-content\/uploads\/2024\/01\/18446-1.webp",750,649,false],"portraits":["https:\/\/imagazine.it\/wp-content\/uploads\/2024\/01\/18446-1.webp",750,649,false],"thumbnail":["https:\/\/imagazine.it\/wp-content\/uploads\/2024\/01\/18446-1-150x150.webp",150,150,true],"medium":["https:\/\/imagazine.it\/wp-content\/uploads\/2024\/01\/18446-1-300x260.webp",300,260,true],"large":["https:\/\/imagazine.it\/wp-content\/uploads\/2024\/01\/18446-1.webp",640,554,false],"thumblist":["https:\/\/imagazine.it\/wp-content\/uploads\/2024\/01\/18446-1.webp",300,260,false],"thumbrelated":["https:\/\/imagazine.it\/wp-content\/uploads\/2024\/01\/18446-1.webp",500,433,false],"meccarouselthumb":["https:\/\/imagazine.it\/wp-content\/uploads\/2024\/01\/18446-1.webp",374,324,false],"gridsquare":["https:\/\/imagazine.it\/wp-content\/uploads\/2024\/01\/18446-1.webp",300,260,false],"tileview":["https:\/\/imagazine.it\/wp-content\/uploads\/2024\/01\/18446-1.webp",300,260,false],"1536x1536":["https:\/\/imagazine.it\/wp-content\/uploads\/2024\/01\/18446-1.webp",750,649,false],"2048x2048":["https:\/\/imagazine.it\/wp-content\/uploads\/2024\/01\/18446-1.webp",750,649,false],"newsup-slider-full":["https:\/\/imagazine.it\/wp-content\/uploads\/2024\/01\/18446-1.webp",750,649,false],"newsup-featured":["https:\/\/imagazine.it\/wp-content\/uploads\/2024\/01\/18446-1.webp",750,649,false],"newsup-medium":["https:\/\/imagazine.it\/wp-content\/uploads\/2024\/01\/18446-1-720x380.webp",720,380,true],"tptn_thumbnail":["https:\/\/imagazine.it\/wp-content\/uploads\/2024\/01\/18446-1.webp",243,210,false],"sow-carousel-default":["https:\/\/imagazine.it\/wp-content\/uploads\/2024\/01\/18446-1-272x182.webp",272,182,true]},"rttpg_author":{"display_name":"redazione","author_link":"https:\/\/imagazine.it\/home_desk\/author\/redazione\/"},"rttpg_comment":0,"rttpg_category":"<a href=\"https:\/\/imagazine.it\/home_desk\/category\/sport\/\" rel=\"category tag\">SPORT<\/a>","rttpg_excerpt":"Ginnastica ritmica","_links":{"self":[{"href":"https:\/\/imagazine.it\/home_desk\/wp-json\/wp\/v2\/posts\/22925","targetHints":{"allow":["GET"]}}],"collection":[{"href":"https:\/\/imagazine.it\/home_desk\/wp-json\/wp\/v2\/posts"}],"about":[{"href":"https:\/\/imagazine.it\/home_desk\/wp-json\/wp\/v2\/types\/post"}],"author":[{"embeddable":true,"href":"https:\/\/imagazine.it\/home_desk\/wp-json\/wp\/v2\/users\/28"}],"replies":[{"embeddable":true,"href":"https:\/\/imagazine.it\/home_desk\/wp-json\/wp\/v2\/comments?post=22925"}],"version-history":[{"count":0,"href":"https:\/\/imagazine.it\/home_desk\/wp-json\/wp\/v2\/posts\/22925\/revisions"}],"wp:featuredmedia":[{"embeddable":true,"href":"https:\/\/imagazine.it\/home_desk\/wp-json\/wp\/v2\/media\/22926"}],"wp:attachment":[{"href":"https:\/\/imagazine.it\/home_desk\/wp-json\/wp\/v2\/media?parent=22925"}],"wp:term":[{"taxonomy":"category","embeddable":true,"href":"https:\/\/imagazine.it\/home_desk\/wp-json\/wp\/v2\/categories?post=22925"},{"taxonomy":"post_tag","embeddable":true,"href":"https:\/\/imagazine.it\/home_desk\/wp-json\/wp\/v2\/tags?post=22925"}],"curies":[{"name":"wp","href":"https:\/\/api.w.org\/{rel}","templated":true}]}}