{"id":22909,"date":"2017-03-15T00:00:00","date_gmt":"2017-03-14T23:00:00","guid":{"rendered":"https:\/\/imagazine.it\/?p=22909"},"modified":"2017-03-15T00:00:00","modified_gmt":"2017-03-14T23:00:00","slug":"la-primavera-sboccia-in-anticipo","status":"publish","type":"post","link":"https:\/\/imagazine.it\/home_desk\/la-primavera-sboccia-in-anticipo\/","title":{"rendered":"La primavera sboccia in anticipo"},"content":{"rendered":"<p>Apre i battenti sabato e sar\u00e0 a disposizione del pubblico fino al 26 marzo la 16esima edizione della tradizionale mostra-mercato <em>\u201cTrieste in Fiore\u201d <\/em>lungo viale XX Settembre, a ingresso libero, promossa da AssofiorItalia e Flash Srl, in co-organizzazione con il Comune di Trieste.<\/p>\n<p>Ad accogliere l&#39;arrivo della stagione primaverile saranno fiori, piante, composizioni e 57 stand di espositori provenienti da tutta Italia oltre a una rappresentanza anche di operatori internazionali, che proporranno una mostra-mercato (con fiori, piante, bulbi, semi, terriccio, concimi, attrezzature per il giardinaggio, vasi, arredo giardino, essenze e fiori secchi) per la cura di giardini e balconi. In Largo Bonifacio sar\u00e0 allestito un giardino con decorazioni e fiori che celebreranno idealmente l\u2019inizio della primavera. Manufatti e fioriere abbelliranno tutte le intersezioni del viale e delle vie adiacenti, e una particolare illuminazione colorata far\u00e0 da cornice ai due ingressi principali.<\/p>\n<p>Da quest&#39;anno la manifestazione propone anche dolci e prodotti tipici, nonch\u00e9 un tema specifico, questa volta ecologico, intitolato \u201cUn mondo pulito\u201d, rivolto alle scuole. Il concorso \u201cIl Fiore d&#39;oro\u201d premier\u00e0 la creazione floreale pi\u00f9 bella e originale. Previste anche iniziative parallele, con dimostrazioni, laboratori, incontri per i pi\u00f9 piccoli e consigli da parte degli esperti di Promo Flor.<\/p>\n<p>Alla presentazione dell&#39;iniziativa, tenutasi in Municipio, sono intervenuti l&#39;assessore comunale al Commercio ed eventi correlati <strong>Lorenzo Giorgi<\/strong>, il presidente di AssoFiorItalia <strong>Alessandro Muzina<\/strong> con la vicepresidente\u00a0 <strong>Manuela Zaccaria<\/strong>, il consigliere <strong>Lucio Degrassi<\/strong> e l&#39;ideatore dell&#39;evento, <strong>Vincenzo Rovinelli<\/strong> di Flash Srl.<\/p>\n","protected":false},"excerpt":{"rendered":"<p>Presentata &#8220;Trieste in Fiore&#8221;<\/p>\n","protected":false},"author":28,"featured_media":22910,"comment_status":"closed","ping_status":"closed","sticky":false,"template":"","format":"standard","meta":{"dwc-title":[],"dwc-content":[],"footnotes":""},"categories":[8],"tags":[],"class_list":["post-22909","post","type-post","status-publish","format-standard","has-post-thumbnail","hentry","category-turismo"],"rttpg_featured_image_url":{"full":["https:\/\/imagazine.it\/wp-content\/uploads\/2024\/01\/18415-1.webp",750,493,false],"landscape":["https:\/\/imagazine.it\/wp-content\/uploads\/2024\/01\/18415-1.webp",750,493,false],"portraits":["https:\/\/imagazine.it\/wp-content\/uploads\/2024\/01\/18415-1.webp",750,493,false],"thumbnail":["https:\/\/imagazine.it\/wp-content\/uploads\/2024\/01\/18415-1-150x150.webp",150,150,true],"medium":["https:\/\/imagazine.it\/wp-content\/uploads\/2024\/01\/18415-1-300x197.webp",300,197,true],"large":["https:\/\/imagazine.it\/wp-content\/uploads\/2024\/01\/18415-1.webp",640,421,false],"thumblist":["https:\/\/imagazine.it\/wp-content\/uploads\/2024\/01\/18415-1.webp",300,197,false],"thumbrelated":["https:\/\/imagazine.it\/wp-content\/uploads\/2024\/01\/18415-1.webp",500,329,false],"meccarouselthumb":["https:\/\/imagazine.it\/wp-content\/uploads\/2024\/01\/18415-1.webp",474,312,false],"gridsquare":["https:\/\/imagazine.it\/wp-content\/uploads\/2024\/01\/18415-1.webp",391,257,false],"tileview":["https:\/\/imagazine.it\/wp-content\/uploads\/2024\/01\/18415-1.webp",300,197,false],"1536x1536":["https:\/\/imagazine.it\/wp-content\/uploads\/2024\/01\/18415-1.webp",750,493,false],"2048x2048":["https:\/\/imagazine.it\/wp-content\/uploads\/2024\/01\/18415-1.webp",750,493,false],"newsup-slider-full":["https:\/\/imagazine.it\/wp-content\/uploads\/2024\/01\/18415-1.webp",750,493,false],"newsup-featured":["https:\/\/imagazine.it\/wp-content\/uploads\/2024\/01\/18415-1.webp",750,493,false],"newsup-medium":["https:\/\/imagazine.it\/wp-content\/uploads\/2024\/01\/18415-1-720x380.webp",720,380,true],"tptn_thumbnail":["https:\/\/imagazine.it\/wp-content\/uploads\/2024\/01\/18415-1.webp",250,164,false],"sow-carousel-default":["https:\/\/imagazine.it\/wp-content\/uploads\/2024\/01\/18415-1-272x182.webp",272,182,true]},"rttpg_author":{"display_name":"redazione","author_link":"https:\/\/imagazine.it\/home_desk\/author\/redazione\/"},"rttpg_comment":0,"rttpg_category":"<a href=\"https:\/\/imagazine.it\/home_desk\/category\/turismo\/\" rel=\"category tag\">TURISMO<\/a>","rttpg_excerpt":"Presentata \"Trieste in Fiore\"","_links":{"self":[{"href":"https:\/\/imagazine.it\/home_desk\/wp-json\/wp\/v2\/posts\/22909","targetHints":{"allow":["GET"]}}],"collection":[{"href":"https:\/\/imagazine.it\/home_desk\/wp-json\/wp\/v2\/posts"}],"about":[{"href":"https:\/\/imagazine.it\/home_desk\/wp-json\/wp\/v2\/types\/post"}],"author":[{"embeddable":true,"href":"https:\/\/imagazine.it\/home_desk\/wp-json\/wp\/v2\/users\/28"}],"replies":[{"embeddable":true,"href":"https:\/\/imagazine.it\/home_desk\/wp-json\/wp\/v2\/comments?post=22909"}],"version-history":[{"count":0,"href":"https:\/\/imagazine.it\/home_desk\/wp-json\/wp\/v2\/posts\/22909\/revisions"}],"wp:featuredmedia":[{"embeddable":true,"href":"https:\/\/imagazine.it\/home_desk\/wp-json\/wp\/v2\/media\/22910"}],"wp:attachment":[{"href":"https:\/\/imagazine.it\/home_desk\/wp-json\/wp\/v2\/media?parent=22909"}],"wp:term":[{"taxonomy":"category","embeddable":true,"href":"https:\/\/imagazine.it\/home_desk\/wp-json\/wp\/v2\/categories?post=22909"},{"taxonomy":"post_tag","embeddable":true,"href":"https:\/\/imagazine.it\/home_desk\/wp-json\/wp\/v2\/tags?post=22909"}],"curies":[{"name":"wp","href":"https:\/\/api.w.org\/{rel}","templated":true}]}}