{"id":22903,"date":"2017-03-14T00:00:00","date_gmt":"2017-03-13T23:00:00","guid":{"rendered":"https:\/\/imagazine.it\/?p=22903"},"modified":"2017-03-14T00:00:00","modified_gmt":"2017-03-13T23:00:00","slug":"pedalando-verso-la-vita","status":"publish","type":"post","link":"https:\/\/imagazine.it\/home_desk\/pedalando-verso-la-vita\/","title":{"rendered":"Pedalando verso la vita"},"content":{"rendered":"<p>\u201cTrovate una motivazione, vi cambier\u00e0 la vita\u201d. La frase conclusiva del cartellone realizzato per riassumere la sua prossima avventura spiega meglio di mille parole la storia di <strong>Mauro Buoro<\/strong>. Il 22 aprile compir\u00e0 60 anni, eppure la sua vita sembra iniziata poco fa. O forse \u00e8 meglio dire ricominciata. Nato in Svizzera, da tempo vive a Perteole, frazione di Ruda. La sua rinascita inizia nel 2013, quando la bilancia sotto il suo peso raggiunge i 151 kg. La salute \u00e8 seriamente in pericolo e la dietologa gli impone di perdere peso e cambiare stile di vita. La vicinanza della famiglia e dell\u2019amata nipotina Denise fanno il resto. Fino al giorno in cui suo figlio lo invita a uscire in bici assieme.<\/p>\n<p>All\u2019epoca, nessuno dei due poteva sapere che Mauro non si sarebbe pi\u00f9 fermato, percorrendo in sella chilometri su chilometri, perdendo la met\u00e0 dei chili e trovando la pace e la serenit\u00e0 che credeva disperse. Ora entrambi raggiungeranno Berlino: Mauro pedalando, suo figlio seguendolo in auto. E sotto la Porta di Brandeburgo coroneranno un sogno che sembrava impossibile da realizzare.<\/p>\n<p><strong>Mauro Buoro, com\u2019\u00e8 nato il progetto di percorrere la tratta Trieste-Berlino in mountain bike?<\/strong><\/p>\n<p>\u00abAndando pi\u00f9 volte a Trieste per allenarmi, in una di queste occasioni scorsi una pietra militare vicino al Castello di Miramare con scritto Trieste-Berlino 1180 km. Mi sono detto: quando arrivo a 80 kg la prover\u00f2. Ora \u00e8 giunto quel momento\u00bb.<\/p>\n<p><strong>Non proprio una localit\u00e0 dietro l\u2019angolo\u2026<\/strong><\/p>\n<p>\u00abBerlino \u00e8 una citt\u00e0 che ha sofferto molto dalla Seconda guerra mondiale al crollo del Muro. Io poi sono nato in Svizzera e amo la lingua tedesca\u2026\u00bb<\/p>\n<p><strong>Facciamo un passo indietro: la sua passione per la bici quando \u00e8 scoccata?<\/strong><\/p>\n<p>\u00abHo sempre amato il ciclismo fin dai tempi in cui lo seguivo con mio padre. Per\u00f2 devo molto a mio figlio Michele: un giorno mi disse, \u201cPap\u00e0 vieni con me a fare un giro in bici, ti fa bene&#8230; Forse puoi dimagrire\u201d. Da allora non mi sono pi\u00f9 fermato\u00bb.<\/p>\n<p><strong>Nella presentazione del suo progetto, rivolgendosi a coloro che come lei hanno problemi di peso, scrive testualmente: \u201cTrovate una motivazione, vi cambier\u00e0 la vita\u201d. La sua motivazione qual \u00e8 stata?<\/strong><\/p>\n<p>\u00abNel mio caso sono state due. Una il matrimonio di mio figlio: volevo dimagrire perch\u00e9 mi sentivo ridicolo in mezzo a gente \u201cnormale\u201d. La seconda \u00e8 mia nipote Denise: ho un rapporto incredibile con lei e mi d\u00e0 la forza per andare avanti\u00bb.<\/p>\n<p><strong>Grazie alla bici com\u2019\u00e8 cambiata la sua vita?<\/strong><\/p>\n<p>\u00abOltre a migliorare la mia salute in maniera incredibile, mi sento molto felice e sicuro di me stesso\u00bb.<\/p>\n<p><strong>In sella alla sua mountain bike in tre anni ha percorso 19.500 km, raggiungendo perfino Roma e pedalando anche in Australia alla volta di Sydney. Tutti viaggi compiuti in solitaria: come mai?<\/strong><\/p>\n<p>\u00abMi ritengo una persona solare e altruista ma correre in bici \u00e8 un\u2019emozione grande. Puoi gestire da solo le situazioni e i tempi. Ti senti libero di decidere di te stesso\u00bb.<\/p>\n<p><strong>A cosa pensa mentre pedala?<\/strong><\/p>\n<p>\u00abPassano per la testa tanti pensieri: famiglia, amici, lavoro&#8230; Ma anche i dolori da sopportare \u00a0quando si percorrono strade che non terminano mai. Alla meta per\u00f2 tutto finisce\u00bb.<\/p>\n<p><strong>Oltre alla passione e alla determinazione, serve anche allenamento: quanto tempo dedica alla bici?<\/strong><\/p>\n<p>\u00abNei weekend ci dedico diverse ore, ma anche durante la settimana vado al lavoro o a fare la spesa con il mio zaino. Riesco a percorrere anche 150-200 km al giorno\u00bb.<\/p>\n<p><strong>La contrapposizione tra le immagini che la ritraggono 70 kg fa e adesso non lascia indifferenti: rivedendosi nelle foto del passato qual \u00e8 il suo primo pensiero?<\/strong><\/p>\n<p>\u00abOsservo quella foto molte volte, chiedendomi come ho fatto ad arrivare a pesare 151 kg. C\u2019\u00e8 sempre un dispiacere, una malattia, un disturbo alimentare che spinge a lasciarsi andare. Ma io ho capito che voglio vivere e vedere le famiglie dei mie figli\u00bb.<\/p>\n<p><strong>Lei \u00e8 nato in Svizzera e viaggiato in bici in tutta Italia e non solo: con il Friuli Venezia Giulia che rapporto ha?<\/strong><\/p>\n<p>\u00abOttimo. \u00c8 una bellissima regione di frontiera: in pochi chilometri puoi raggiungere Austria e Slovenia, ma anche il mare e la montagna, transitando per la pianura dove sono state realizzate belle piste ciclabili\u00bb.<\/p>\n<p><strong>Quando corre in bici nella nostra regione quali sono i percorsi che predilige?<\/strong><\/p>\n<p>\u00abLa mia base di partenza \u00e8 Perteole. Da qui parto per Trieste lungo la strada costiera o verso Udine per proseguire in direzione Tarvisio. Spesso vado a trovare la zia a Conegliano: andata e ritorno 212 km. Ho fatto il Piancavallo, le Valli del Natisone, la salita del Porzus\u2026 Mi manca ancora il mitico Zoncolan, ma un giorno affronter\u00f2 anche questa sfida\u00bb.<\/p>\n<p><strong>A proposito di sfide, dopo Berlino ne ha gi\u00e0 in mente di nuove?<\/strong><\/p>\n<p>\u00abEntro fine anno percorrer\u00f2 <em>coast to coast <\/em>il nord Italia, partendo da Muggia per andare a Bardonecchia, in Piemonte, al confine con la Francia: circa 670 km in quattro giorni. Il prossimo anno, invece, andr\u00f2 in Nuova Zelanda per correre in Mountain Bike nell\u2019isola di Waiheke, a un\u2019ora di battello da Auckland. Quindi tappa a Sydney. Ma anche partire da Perteole, via Milano, per attraversare la Svizzera e arrivare a Zurigo, dove sono nato\u00bb.<\/p>\n<p><img decoding=\"async\" alt=\"\" src=\"\/ckeditor_assets\/pictures\/57\/content_low_piantina.jpg\" style=\"width: 600px; height: 842px;\" title=\"\"><\/p>\n<p><strong>Proiettiamoci al viaggio in programma ad agosto: dopo 1.180 km e il passaggio attraverso citt\u00e0 come Salisburgo, Monaco di Baviera, Norimberga e Lipsia, giunger\u00e0 sotto la Porta di Brandeburgo nella capitale tedesca: che significato avr\u00e0 per lei quell\u2019arrivo?<\/strong><\/p>\n<p>\u00abIl coronamento di un sogno. La consapevolezza che con grande forza di volont\u00e0 ho lottato contro l\u2019obesit\u00e0 che tanto mi ha fatto tanto soffrire nella vita\u00bb.<\/p>\n<p><strong>Ha definito questa avventura \u201cun sogno\u201d: a chi lo dedica?<\/strong><\/p>\n<p>\u00abA mio pap\u00e0 e mia mamma che da lass\u00f9 mi guardano e mi proteggono. Ai miei figli Samuele e \u00a0Michele e alle loro famiglie. Ma anche ai tanti amici che credono in me, cos\u00ec come alla mia nipotina Denise che vive a Milano e che \u00e8 tanto orgogliosa del nonno. Ma un pensiero va a tutte le persone che, come me, lottano contro l\u2019obesit\u00e0. A loro ribadisco: trovate una motivazione, vi pu\u00f2 salvare la vita\u00bb.<\/p>\n","protected":false},"excerpt":{"rendered":"<p>Mauro Buoro: da Trieste a Berlino in Mountain Bike<\/p>\n","protected":false},"author":28,"featured_media":22904,"comment_status":"closed","ping_status":"closed","sticky":false,"template":"","format":"standard","meta":{"dwc-title":[],"dwc-content":[],"footnotes":""},"categories":[38],"tags":[],"class_list":["post-22903","post","type-post","status-publish","format-standard","has-post-thumbnail","hentry","category-sport"],"rttpg_featured_image_url":{"full":["https:\/\/imagazine.it\/wp-content\/uploads\/2024\/01\/18399-1.webp",750,475,false],"landscape":["https:\/\/imagazine.it\/wp-content\/uploads\/2024\/01\/18399-1.webp",750,475,false],"portraits":["https:\/\/imagazine.it\/wp-content\/uploads\/2024\/01\/18399-1.webp",750,475,false],"thumbnail":["https:\/\/imagazine.it\/wp-content\/uploads\/2024\/01\/18399-1-150x150.webp",150,150,true],"medium":["https:\/\/imagazine.it\/wp-content\/uploads\/2024\/01\/18399-1-300x190.webp",300,190,true],"large":["https:\/\/imagazine.it\/wp-content\/uploads\/2024\/01\/18399-1.webp",640,405,false],"thumblist":["https:\/\/imagazine.it\/wp-content\/uploads\/2024\/01\/18399-1.webp",300,190,false],"thumbrelated":["https:\/\/imagazine.it\/wp-content\/uploads\/2024\/01\/18399-1.webp",500,317,false],"meccarouselthumb":["https:\/\/imagazine.it\/wp-content\/uploads\/2024\/01\/18399-1.webp",474,300,false],"gridsquare":["https:\/\/imagazine.it\/wp-content\/uploads\/2024\/01\/18399-1.webp",391,248,false],"tileview":["https:\/\/imagazine.it\/wp-content\/uploads\/2024\/01\/18399-1.webp",300,190,false],"1536x1536":["https:\/\/imagazine.it\/wp-content\/uploads\/2024\/01\/18399-1.webp",750,475,false],"2048x2048":["https:\/\/imagazine.it\/wp-content\/uploads\/2024\/01\/18399-1.webp",750,475,false],"newsup-slider-full":["https:\/\/imagazine.it\/wp-content\/uploads\/2024\/01\/18399-1.webp",750,475,false],"newsup-featured":["https:\/\/imagazine.it\/wp-content\/uploads\/2024\/01\/18399-1.webp",750,475,false],"newsup-medium":["https:\/\/imagazine.it\/wp-content\/uploads\/2024\/01\/18399-1-720x380.webp",720,380,true],"tptn_thumbnail":["https:\/\/imagazine.it\/wp-content\/uploads\/2024\/01\/18399-1.webp",250,158,false],"sow-carousel-default":["https:\/\/imagazine.it\/wp-content\/uploads\/2024\/01\/18399-1-272x182.webp",272,182,true]},"rttpg_author":{"display_name":"redazione","author_link":"https:\/\/imagazine.it\/home_desk\/author\/redazione\/"},"rttpg_comment":0,"rttpg_category":"<a href=\"https:\/\/imagazine.it\/home_desk\/category\/sport\/\" rel=\"category tag\">SPORT<\/a>","rttpg_excerpt":"Mauro Buoro: da Trieste a Berlino in Mountain Bike","_links":{"self":[{"href":"https:\/\/imagazine.it\/home_desk\/wp-json\/wp\/v2\/posts\/22903","targetHints":{"allow":["GET"]}}],"collection":[{"href":"https:\/\/imagazine.it\/home_desk\/wp-json\/wp\/v2\/posts"}],"about":[{"href":"https:\/\/imagazine.it\/home_desk\/wp-json\/wp\/v2\/types\/post"}],"author":[{"embeddable":true,"href":"https:\/\/imagazine.it\/home_desk\/wp-json\/wp\/v2\/users\/28"}],"replies":[{"embeddable":true,"href":"https:\/\/imagazine.it\/home_desk\/wp-json\/wp\/v2\/comments?post=22903"}],"version-history":[{"count":0,"href":"https:\/\/imagazine.it\/home_desk\/wp-json\/wp\/v2\/posts\/22903\/revisions"}],"wp:featuredmedia":[{"embeddable":true,"href":"https:\/\/imagazine.it\/home_desk\/wp-json\/wp\/v2\/media\/22904"}],"wp:attachment":[{"href":"https:\/\/imagazine.it\/home_desk\/wp-json\/wp\/v2\/media?parent=22903"}],"wp:term":[{"taxonomy":"category","embeddable":true,"href":"https:\/\/imagazine.it\/home_desk\/wp-json\/wp\/v2\/categories?post=22903"},{"taxonomy":"post_tag","embeddable":true,"href":"https:\/\/imagazine.it\/home_desk\/wp-json\/wp\/v2\/tags?post=22903"}],"curies":[{"name":"wp","href":"https:\/\/api.w.org\/{rel}","templated":true}]}}