{"id":22883,"date":"2017-03-13T00:00:00","date_gmt":"2017-03-12T23:00:00","guid":{"rendered":"https:\/\/imagazine.it\/?p=22883"},"modified":"2017-03-13T00:00:00","modified_gmt":"2017-03-12T23:00:00","slug":"premio-terzani-annunciati-i-finalisti","status":"publish","type":"post","link":"https:\/\/imagazine.it\/home_desk\/premio-terzani-annunciati-i-finalisti\/","title":{"rendered":"Premio Terzani, annunciati i finalisti"},"content":{"rendered":"<p><strong>Sorj Chalandon<\/strong> per <em>La quarta parete<\/em> (Keller); <strong>Li Kunwu\u00a0<\/strong>e <strong>P.\u00d4ti\u00e9<\/strong> per <em>Una vita cinese <\/em>\u00a0(add editore), <strong>Domenico Quirico<\/strong> per <em>Esodo<\/em> (Neri Pozza); <strong>Gerard Russell<\/strong> per <em>Regni dimenticati <\/em>\u00a0(Adelphi) e <strong>Brian Turner<\/strong> per <em>La mia vita \u00e8 una paese straniero<\/em> (NN) <strong>sono i cinque finalisti della 13^ edizione del Premio letterario internazionale Tiziano Terzani<\/strong>, riconoscimento istituito e promosso dall\u2019associazione culturale vicino\/lontano di Udine insieme alla famiglia Terzani.<\/p>\n<p>La giuria, riunitasi nei giorni scorsi a Firenze a casa Terzani, ha selezionato i titoli che andranno in votazione a partire da un elenco di quaranta libri: \u00abCerchiamo ogni anno \u2013 commenta<strong> Angela Terzani<\/strong>, presidente della giuria \u2013 di candidare al premio opere che aiutano a far luce sui retroscena umani, storici o politici delle questioni di maggiore attualit\u00e0 nel mondo. Questo, per restare fedeli allo spirito di Tiziano \u2013 alla cui memoria il premio \u00e8 dedicato \u2013 che ha sempre voluto tentare di capire, e far capire, ci\u00f2 che avveniva di l\u00e0 dai nostri orizzonti\u00bb.\u00a0<\/p>\n<p>I giurati \u2013 <strong>Giulio Anselmi, Enza Campino, Toni Capuozzo, Tommaso Cerno, Marco Del Corona, Andrea Filippi, \u00c0len Loreti, Milena Gabanelli, Ettore Mo, Carla Nicolini, Paolo Pecile, Valerio Pellizzari,<\/strong> <strong>Peter Popham, Marino Sinibaldi <\/strong>\u2013 si sono riservati un supplemento di riflessione prima di passare alla votazione finale. Il vincitore sar\u00e0 annunciato a fine aprile e <strong>sabato 13 maggio<\/strong>, al Teatro Nuovo Giovanni da Udine (ore 21), sar\u00e0 il protagonista della serata-evento per la consegna del premio, da sempre l\u2019appuntamento centrale del <em>Festival vicino\/lontano<\/em>, in programma quest\u2019anno a Udine dall\u201911 al 14 maggio. Info <strong><a href=\"http:\/\/www.vicinolontano.it\/\" target=\"_blank\" rel=\"noopener\">www.vicinolontano.it<\/a> <\/strong><\/p>\n<p><strong>Sorj Chalandon<\/strong> \u00e8 stato per trent\u2019anni corrispondente e giornalista per <em>Lib\u00e9ration,<\/em> prima di entrare nella squadra irriverente del settimanale <em>Le Canard Encha\u00een\u00e9<\/em>. Come inviato ha coperto i maggiori conflitti del secolo scorso, dal Libano all\u2019Afghanistan. A Beirut, nel 1982, fu tra i testimoni dell\u2019eccidio nel campo profughi palestinese di Sabra e Chatila. <strong><em>La quarta parete<\/em><\/strong>, vincitore in Francia del Prix Goncourt des lyc\u00e9ens, \u00e8 ambientato nel Libano della guerra civile, all\u2019inizio degli anni Ottanta, nel pieno del conflitto che dal 1975 al 1990 ha insanguinato il Paese: non un reportage di guerra, ma un libro sulla guerra, sulla sua pervasivit\u00e0, sul suo impatto nel quotidiano di chi la vive.<\/p>\n<p><strong>Li Kunwu<\/strong>\u00a0\u00e8 un artista cinese, uno dei pochi della sua generazione a essersi potuto dedicare esclusivamente al fumetto. Specializzato in cartoon di propaganda, oggi lavora allo studio delle minoranze etniche e culturali nella provincia dello Yunnan, una delle pi\u00f9 diversificate del paese. <strong><em>Una vita cinese. Il tempo del padre<\/em><\/strong>, pubblicato in 16 Paesi, \u00e8 la sua autobiografia a fumetti, disegnata da Li Kunwu e scritta a quattro mani con P. \u00d4ti\u00e9. L\u2019autore si racconta registrando fedelmente le vicende della sua vita, intrecciandole alla storia del suo paese: la Rivoluzione culturale, il Grande balzo in avanti.<\/p>\n<p><strong>Domenico Quirico<\/strong> \u00e8 giornalista a\u00a0<em>La Stampa<\/em>, responsabile degli esteri, corrispondente da Parigi e ora inviato. Ha seguito in particolare tutte le vicende africane degli ultimi vent\u2019anni dalla Somalia al Congo, dal Ruanda alle primavere arabe. Nell&#39;agosto 2011 \u00e8 stato rapito in Libia e liberato dopo due giorni. Nell\u2019aprile 2013, mentre si trovava in Siria, \u00e8 stato nuovamente rapito e liberato dopo 5 mesi di sequestro. <strong><em>Esodo. Storia del nuovo millennio <\/em><\/strong>\u00e8 la cronaca dei viaggi fatti in compagnia dei migranti nei principali luoghi da cui partono, e in cui sostano o si riversano. In questo senso, \u00e8 il racconto in presa diretta dell\u2019esodo che sta gi\u00e0 mutando il mondo e la storia.<\/p>\n<p><strong>Gerard Russell<\/strong>, inglese, ha lavorato come diplomatico alle Nazioni Unite per 14 anni. Ha vissuto al Cairo, a Gerusalemme, a Baghdad, a Kabul e a Gedda. Per conto del governo britannico \u00e8 stato tra i primi a sperimentare l\u2019uso della lingua araba negli incontri con gli esponenti mediorientali. \u00c8 docente per il Programma di Sicurezza Internazionale della New America Foundation e del Foreign Policy Centre di Londra.\u00a0<strong><em>Regni dimenticati. Viaggio nelle religioni minacciate del Medio Oriente<\/em>\u00a0<\/strong>\u00e8 il suo primo libro: racconta di un altro Medio Oriente, una terra di straordinaria diversit\u00e0 religiosa e di scambi fecondi tra culture, e di un altro Islam, una civilt\u00e0 che in passato ha saputo esprimere grande tolleranza verso i culti religiosi pagani\u00a0 assai pi\u00f9 dell&#39;Europa cristiana. Russell ci introduce a fedi orgogliose e millenarie progressivamente stritolate dai blocchi contrapposti delle \u00abgrandi religioni mondiali\u00bb.<\/p>\n<p><strong>Brian Turner, <\/strong>oggi saggista e docente universitario, \u00e8 stato un soldato<strong>, <\/strong>figlio e nipote di militari, ha servito per sette anni nell\u2019esercito americano: in Bosnia-Erzegovina e in Iraq, in Medio ed Estremo Oriente. Lasciate le armi, ha debuttato nel 2005 con la raccolta di poesie <em>Here, Bullet,<\/em> ottenendo riconoscimenti di critica e di pubblico. <strong><em>La mia vita \u00e8 un paese straniero <\/em><\/strong>\u00e8 il suo primo romanzo, un memoir dedicato all\u2019esperienza di guerra. Diviso in 136 brevi capitoli, segue l\u2019autore dall\u2019infanzia all\u2019arruolamento, fino al ritorno a casa. Le sue esperienze si fondono con quelle del padre e del nonno, con i giochi da bambino e le vite degli amici caduti in battaglia. Cos\u00ec, tutti i conflitti si dispiegano sotto di lui in un\u00a0unico, immenso territorio di guerra e violenza.<\/p>\n","protected":false},"excerpt":{"rendered":"<p>Il 13 maggio la consegna a Udine<\/p>\n","protected":false},"author":28,"featured_media":22884,"comment_status":"closed","ping_status":"closed","sticky":false,"template":"","format":"standard","meta":{"dwc-title":[],"dwc-content":[],"footnotes":""},"categories":[37],"tags":[],"class_list":["post-22883","post","type-post","status-publish","format-standard","has-post-thumbnail","hentry","category-cultura-e-spettacolo"],"rttpg_featured_image_url":{"full":["https:\/\/imagazine.it\/wp-content\/uploads\/2024\/01\/18364-1.webp",750,526,false],"landscape":["https:\/\/imagazine.it\/wp-content\/uploads\/2024\/01\/18364-1.webp",750,526,false],"portraits":["https:\/\/imagazine.it\/wp-content\/uploads\/2024\/01\/18364-1.webp",750,526,false],"thumbnail":["https:\/\/imagazine.it\/wp-content\/uploads\/2024\/01\/18364-1-150x150.webp",150,150,true],"medium":["https:\/\/imagazine.it\/wp-content\/uploads\/2024\/01\/18364-1-300x210.webp",300,210,true],"large":["https:\/\/imagazine.it\/wp-content\/uploads\/2024\/01\/18364-1.webp",640,449,false],"thumblist":["https:\/\/imagazine.it\/wp-content\/uploads\/2024\/01\/18364-1.webp",300,210,false],"thumbrelated":["https:\/\/imagazine.it\/wp-content\/uploads\/2024\/01\/18364-1.webp",500,351,false],"meccarouselthumb":["https:\/\/imagazine.it\/wp-content\/uploads\/2024\/01\/18364-1.webp",462,324,false],"gridsquare":["https:\/\/imagazine.it\/wp-content\/uploads\/2024\/01\/18364-1.webp",371,260,false],"tileview":["https:\/\/imagazine.it\/wp-content\/uploads\/2024\/01\/18364-1.webp",300,210,false],"1536x1536":["https:\/\/imagazine.it\/wp-content\/uploads\/2024\/01\/18364-1.webp",750,526,false],"2048x2048":["https:\/\/imagazine.it\/wp-content\/uploads\/2024\/01\/18364-1.webp",750,526,false],"newsup-slider-full":["https:\/\/imagazine.it\/wp-content\/uploads\/2024\/01\/18364-1.webp",750,526,false],"newsup-featured":["https:\/\/imagazine.it\/wp-content\/uploads\/2024\/01\/18364-1.webp",750,526,false],"newsup-medium":["https:\/\/imagazine.it\/wp-content\/uploads\/2024\/01\/18364-1-720x380.webp",720,380,true],"tptn_thumbnail":["https:\/\/imagazine.it\/wp-content\/uploads\/2024\/01\/18364-1.webp",250,175,false],"sow-carousel-default":["https:\/\/imagazine.it\/wp-content\/uploads\/2024\/01\/18364-1-272x182.webp",272,182,true]},"rttpg_author":{"display_name":"redazione","author_link":"https:\/\/imagazine.it\/home_desk\/author\/redazione\/"},"rttpg_comment":0,"rttpg_category":"<a href=\"https:\/\/imagazine.it\/home_desk\/category\/cultura-e-spettacolo\/\" rel=\"category tag\">CULTURA&amp;SPETTACOLO<\/a>","rttpg_excerpt":"Il 13 maggio la consegna a Udine","_links":{"self":[{"href":"https:\/\/imagazine.it\/home_desk\/wp-json\/wp\/v2\/posts\/22883","targetHints":{"allow":["GET"]}}],"collection":[{"href":"https:\/\/imagazine.it\/home_desk\/wp-json\/wp\/v2\/posts"}],"about":[{"href":"https:\/\/imagazine.it\/home_desk\/wp-json\/wp\/v2\/types\/post"}],"author":[{"embeddable":true,"href":"https:\/\/imagazine.it\/home_desk\/wp-json\/wp\/v2\/users\/28"}],"replies":[{"embeddable":true,"href":"https:\/\/imagazine.it\/home_desk\/wp-json\/wp\/v2\/comments?post=22883"}],"version-history":[{"count":0,"href":"https:\/\/imagazine.it\/home_desk\/wp-json\/wp\/v2\/posts\/22883\/revisions"}],"wp:featuredmedia":[{"embeddable":true,"href":"https:\/\/imagazine.it\/home_desk\/wp-json\/wp\/v2\/media\/22884"}],"wp:attachment":[{"href":"https:\/\/imagazine.it\/home_desk\/wp-json\/wp\/v2\/media?parent=22883"}],"wp:term":[{"taxonomy":"category","embeddable":true,"href":"https:\/\/imagazine.it\/home_desk\/wp-json\/wp\/v2\/categories?post=22883"},{"taxonomy":"post_tag","embeddable":true,"href":"https:\/\/imagazine.it\/home_desk\/wp-json\/wp\/v2\/tags?post=22883"}],"curies":[{"name":"wp","href":"https:\/\/api.w.org\/{rel}","templated":true}]}}