{"id":22842,"date":"2017-03-07T00:00:00","date_gmt":"2017-03-06T23:00:00","guid":{"rendered":"https:\/\/imagazine.it\/?p=22842"},"modified":"2017-03-07T00:00:00","modified_gmt":"2017-03-06T23:00:00","slug":"nel-regno-della-biodiversita","status":"publish","type":"post","link":"https:\/\/imagazine.it\/home_desk\/nel-regno-della-biodiversita\/","title":{"rendered":"Nel regno della biodiversit\u00e0"},"content":{"rendered":"<p>Eventi a tema, mostre, laboratori, percorsi didattici e visite guidate alla scoperta delle meraviglie della natura. Sar\u00e0 una stagione ricca di novit\u00e0 quella proposta dalla Riserva Naturale Regionale del Lago di Cornino, nel Comune di Forgaria nel Friuli, che ha chiuso il 2016 con oltre 15 mila visitatori, tra cui migliaia di studenti provenienti da tutta la regione ma anche dal Veneto, dall\u2019Austria e dalla Slovenia.<\/p>\n<p>Per il 2017 le visite scolastiche gi\u00e0 prenotate sono oltre 1.500. Alla conferenza stampa di presentazione della nuova stagione, questa mattina, a Udine, nella sede della Regione, erano presenti <strong>Ylenia Cristofoli<\/strong>, presidente della cooperativa Pavees, che gestisce la riserva, l\u2019assessore regionale <strong>Mariagrazia Santoro<\/strong>, il sindaco di Forgaria nel Friuli, <strong>Pierluigi Molinaro<\/strong>, il vicesindaco <strong>Luigino Ingrassi<\/strong> e <strong>Fulvio Genero<\/strong>, responsabile scientifico del \u201cProgetto Grifone\u201d. \u00abCon l\u2019impegno della Regione a favore della biodiversit\u00e0 e delle aree protette \u2013 ha evidenziato l\u2019assessore Santoro \u2013 si coniuga la fondamentale esigenza della tutela dell\u2019ambiente e lo sviluppo delle potenzialit\u00e0 turistiche ed economiche del nostro territorio. Il binomio tutela-sviluppo economico e territoriale deve andare di pari passo per poter raggiungere gli obiettivi che ci si \u00e8 dati: far conoscere la nostra regione per il suo enorme patrimonio di biodiversit\u00e0, uno dei pi\u00f9 grandi in Italia. Per questo motivo l\u2019importate sostegno finanziario agli enti gestori delle riserve naturali, in particolare ai Comuni e agli Enti Parco, garantisce la tutela di aree di estremo interesse naturalistico e di valore internazionale\u00bb.<\/p>\n<p>Santoro ha ricordato che la Regione garantisce al Comune di Forgaria un sostegno per la Riserva del Lago del Cornino di 100 mila euro annui, che consentono la conservazione e valorizzazione di un compendio davvero unico del nostro territorio. \u00abCome ulteriore segnale di miglioramento e vicinanza delle esigenze espresse dal territorio \u2013 ha aggiunto l\u2019assessore \u2013 recentemente si \u00e8 deciso di fare un ulteriore passo avanti con il finanziamento per circa 70 mila euro al fine di realizzare una strada di accesso al carnaio, l\u2019acquisto di un mezzo idoneo al trasporto delle carcasse e ausili fondamentali per il rifornimento del punto di alimentazione degli avvoltoi\u00bb.<\/p>\n<p>Il sindaco Molinaro ha sottolineato l\u2019importanza della riserva naturale anche ai fini turistici. \u00abOrmai \u2013 le parole di Molinaro \u2013 il centro visite, con tutta l\u2019area naturalistica, ha una rilevanza internazionale. I visitatori stanno continuando ad aumentare grazie alle tante attivit\u00e0 organizzate dalla cooperativa, in collaborazione con il Comune e le associazioni. C\u2019\u00e8 un riflesso immediato dal punto di vista turistico. Il futuro del nostro territorio passa anche attraverso la sinergia tra tutti gli attori che lavorano in quest\u2019area. L\u2019amministrazione comunale continuer\u00e0 a potenziare le attivit\u00e0 economiche e questo comprender\u00e0 anche la riserva\u00bb.<\/p>\n<p>Il programma della stagione 2017 inizier\u00e0 sabato <strong>11 marzo<\/strong> con l\u2019evento \u201cLa notte della civetta\u201d, una serata, organizzata in collaborazione con l\u2019associazione Astore, dedicata alle civette ma anche agli altri rapaci notturni. In programma una conferenza sulla biologia, sul comportamento, sui miti e leggende di questi animali. Ci sar\u00e0 anche un\u2019escursione sul territorio, con l\u2019accompagnamento di alcune guide esperte. L\u2019<strong>8<\/strong> <strong>aprile<\/strong> appuntamento con \u201cLe voci del buio, i misteri della notte\u201d, evento dedicato ai rapaci notturni e agli animali della notte. Il <strong>4 giugno<\/strong> sar\u00e0 proposto il \u201cGriffonday\u201d, un\u2019intera giornata dedicata ai grifoni, con una grande festa a misura di bimbo e la partecipazione di tanti ospiti speciali. Il <strong>18 giugno<\/strong> viaggio alla scoperta del territorio di Forgaria nel Friuli con \u201cFood&#038;Drink walk\u201d, una passeggiata per scoprire gli scorci pi\u00f9 caratteristici e degustare i sapori tipici del luogo. Nel mese di luglio ci sar\u00e0 l\u2019evento \u201cAvere sangue caldo, un modo di dire ma anche di vivere\u201d, dedicato agli animali insoliti, che spesso suscitano ingiustificate paure. E\u2019 prevista anche un\u2019interessante escursione all\u2019interno della riserva. Due appuntamenti da non perdere caratterizzeranno il mese di agosto: il <strong>12 agosto<\/strong> sar\u00e0 proposto un evento inedito \u201cNotte da gufi per bimbi coraggiosi\u201d, una serata con laboratori, letture e tante altre attivit\u00e0 per rendere unica questa notte d\u2019estate mentre il <strong>25 agosto<\/strong> spazio all\u2019osservazione delle stelle e dei pianeti con \u201cUna Riserva di stelle\u201d, in collaborazione con l\u2019associazione Calma. Il <strong>3 settembre<\/strong>, in occasione della giornata internazionale di sensibilizzazione al rispetto degli avvoltoi, l\u2019evento \u201cVivi e liberi di volare\u201d, in collaborazione con il Parco Natura Viva di Bussolengo, consentir\u00e0 ai visitatori di conoscere meglio il comportamento, la biologia e i progetti di conservazione degli avvoltoi. Chiuderanno la stagione 2017 due eventi: \u201cHalloween. Una Riserva da paura\u201d, il <strong>31 ottobre<\/strong>, con giochi, animazione e laboratori dedicati ai pi\u00f9 piccoli, e, la Vigilia di Natale, il <strong>24 dicembre<\/strong>, la tradizionale messa serale celebrata sulle sponde del lago.<\/p>\n<p>La Riserva Naturale Regionale del Lago di Cornino rester\u00e0 aperta, fino alla fine di aprile, marted\u00ec e gioved\u00ec, dalle 9 alle 13, sabato, domenica e festivi dalle 9 alle 13 e dalle 14 alle 17. Da maggio a settembre il centro visite rester\u00e0 aperto tutti i giorni fino alle 18.<\/p>\n","protected":false},"excerpt":{"rendered":"<p>Conferenza stampa a Udine<\/p>\n","protected":false},"author":28,"featured_media":22843,"comment_status":"closed","ping_status":"closed","sticky":false,"template":"","format":"standard","meta":{"dwc-title":[],"dwc-content":[],"footnotes":""},"categories":[8],"tags":[],"class_list":["post-22842","post","type-post","status-publish","format-standard","has-post-thumbnail","hentry","category-turismo"],"rttpg_featured_image_url":{"full":["https:\/\/imagazine.it\/wp-content\/uploads\/2024\/01\/18261-1.webp",750,500,false],"landscape":["https:\/\/imagazine.it\/wp-content\/uploads\/2024\/01\/18261-1.webp",750,500,false],"portraits":["https:\/\/imagazine.it\/wp-content\/uploads\/2024\/01\/18261-1.webp",750,500,false],"thumbnail":["https:\/\/imagazine.it\/wp-content\/uploads\/2024\/01\/18261-1-150x150.webp",150,150,true],"medium":["https:\/\/imagazine.it\/wp-content\/uploads\/2024\/01\/18261-1-300x200.webp",300,200,true],"large":["https:\/\/imagazine.it\/wp-content\/uploads\/2024\/01\/18261-1.webp",640,427,false],"thumblist":["https:\/\/imagazine.it\/wp-content\/uploads\/2024\/01\/18261-1.webp",300,200,false],"thumbrelated":["https:\/\/imagazine.it\/wp-content\/uploads\/2024\/01\/18261-1.webp",500,333,false],"meccarouselthumb":["https:\/\/imagazine.it\/wp-content\/uploads\/2024\/01\/18261-1.webp",474,316,false],"gridsquare":["https:\/\/imagazine.it\/wp-content\/uploads\/2024\/01\/18261-1.webp",391,260,false],"tileview":["https:\/\/imagazine.it\/wp-content\/uploads\/2024\/01\/18261-1.webp",300,200,false],"1536x1536":["https:\/\/imagazine.it\/wp-content\/uploads\/2024\/01\/18261-1.webp",750,500,false],"2048x2048":["https:\/\/imagazine.it\/wp-content\/uploads\/2024\/01\/18261-1.webp",750,500,false],"newsup-slider-full":["https:\/\/imagazine.it\/wp-content\/uploads\/2024\/01\/18261-1.webp",750,500,false],"newsup-featured":["https:\/\/imagazine.it\/wp-content\/uploads\/2024\/01\/18261-1.webp",750,500,false],"newsup-medium":["https:\/\/imagazine.it\/wp-content\/uploads\/2024\/01\/18261-1-720x380.webp",720,380,true],"tptn_thumbnail":["https:\/\/imagazine.it\/wp-content\/uploads\/2024\/01\/18261-1.webp",250,167,false],"sow-carousel-default":["https:\/\/imagazine.it\/wp-content\/uploads\/2024\/01\/18261-1-272x182.webp",272,182,true]},"rttpg_author":{"display_name":"redazione","author_link":"https:\/\/imagazine.it\/home_desk\/author\/redazione\/"},"rttpg_comment":0,"rttpg_category":"<a href=\"https:\/\/imagazine.it\/home_desk\/category\/turismo\/\" rel=\"category tag\">TURISMO<\/a>","rttpg_excerpt":"Conferenza stampa a Udine","_links":{"self":[{"href":"https:\/\/imagazine.it\/home_desk\/wp-json\/wp\/v2\/posts\/22842","targetHints":{"allow":["GET"]}}],"collection":[{"href":"https:\/\/imagazine.it\/home_desk\/wp-json\/wp\/v2\/posts"}],"about":[{"href":"https:\/\/imagazine.it\/home_desk\/wp-json\/wp\/v2\/types\/post"}],"author":[{"embeddable":true,"href":"https:\/\/imagazine.it\/home_desk\/wp-json\/wp\/v2\/users\/28"}],"replies":[{"embeddable":true,"href":"https:\/\/imagazine.it\/home_desk\/wp-json\/wp\/v2\/comments?post=22842"}],"version-history":[{"count":0,"href":"https:\/\/imagazine.it\/home_desk\/wp-json\/wp\/v2\/posts\/22842\/revisions"}],"wp:featuredmedia":[{"embeddable":true,"href":"https:\/\/imagazine.it\/home_desk\/wp-json\/wp\/v2\/media\/22843"}],"wp:attachment":[{"href":"https:\/\/imagazine.it\/home_desk\/wp-json\/wp\/v2\/media?parent=22842"}],"wp:term":[{"taxonomy":"category","embeddable":true,"href":"https:\/\/imagazine.it\/home_desk\/wp-json\/wp\/v2\/categories?post=22842"},{"taxonomy":"post_tag","embeddable":true,"href":"https:\/\/imagazine.it\/home_desk\/wp-json\/wp\/v2\/tags?post=22842"}],"curies":[{"name":"wp","href":"https:\/\/api.w.org\/{rel}","templated":true}]}}