{"id":22840,"date":"2017-03-07T00:00:00","date_gmt":"2017-03-06T23:00:00","guid":{"rendered":"https:\/\/imagazine.it\/?p=22840"},"modified":"2017-03-07T00:00:00","modified_gmt":"2017-03-06T23:00:00","slug":"sacile-futuro-europeo-con-spagna-e-francia","status":"publish","type":"post","link":"https:\/\/imagazine.it\/home_desk\/sacile-futuro-europeo-con-spagna-e-francia\/","title":{"rendered":"Sacile, futuro europeo con Spagna e Francia"},"content":{"rendered":"<p>Una settimana di formazione\u00a0a fine marzo in Spagna a Vila-real, il Comune gemellato con la Citt\u00e0 di Sacile, tutta dedicata alla metodologia della \u201cmediazione scolastica\u201d. Il progetto europeo <em>Medes<\/em> sta proseguendo le sue attivit\u00e0 coinvolgendo tutti i partner, associazione El Porc Esp\u00ed, Scuola Media Balliana-Nievo, Ies Miralcamp, Cooperativa sociale Itaca e Comune di Sacile. E intanto due Istituti scolastici francesi potrebbero applicare in futuro la metodologia <em>Medes<\/em> in elaborazione per contrastare l\u2019abbandono scolastico.<\/p>\n<p><strong>Sar\u00e0 un mese sotto il segno dell\u2019Europa e del progetto <em>Medes<\/em> quello che si appresta a vivere la citt\u00e0 di Sacile<\/strong>, grazie alle relazioni instaurate attraverso i gemellaggi stretti in particolare in Spagna e in Francia. Dopo la riunione di monitoraggio e supervisione del gruppo di coordinamento del progetto <em>Medes<\/em>, riunitosi il mese scorso sotto il coordinamento del Municipio di Vila-real, il cronoprogramma proseguir\u00e0 con\u00a0<strong>una settimana dedicata alla formazione nella metodologia della mediazione scolastica<\/strong>, che si terr\u00e0\u00a0<strong>in Spagna dal 27 al 31 marzo<\/strong>\u00a0sotto la guida\u00a0<strong>dell\u2019associazione<\/strong>\u00a0<strong>El Porc Esp\u00ed<\/strong>. Destinatari del workshop i rappresentanti gi\u00e0 selezionati dai diversi partner per realizzare questo percorso condiviso, cui far\u00e0 seguito<strong>\u00a0nel 2018 uno scambio che coinvolger\u00e0, oltre agli adulti \u2013 educatori, docenti, esperti del settore sociale \u2013 anche gli studenti<\/strong>\u00a0dei due Istituti partecipanti, la Scuola Media Balliana-Nievo e l\u2019Ies Miralcamp, affiancati dagli altri enti coinvolti, che oltre ai gi\u00e0 citati soggetti vede impegnati attivamente anche la Cooperativa sociale Itaca e il Comune di Sacile, al quale spetter\u00e0 tra un anno l\u2019organizzazione dell\u2019evento finale.<\/p>\n<p>Si stanno ultimando gli\u00a0<strong>ultimi preparativi per la partenza del gruppo di\u00a0ragazzi dei Licei Pujati e dell\u2019Isis di Sacile e Brugnera<\/strong>\u00a0(Istituto Marchesini e Ipsia di Sacile-Brugnera) che\u00a0<strong>dal 19 marzo\u00a0saranno per una settimana sulle rive della Garonna<\/strong>\u00a0insieme ai loro omologhi francesi di\u00a0<strong>La R\u00e9ole<\/strong>, la cui visita di ritorno \u00e8 prevista dal 5 aprile, sotto il coordinamento dei\u00a0<strong>docenti Carina Cesa Sava e Mirto Antonel con Enrico Ioppo.<\/strong>\u00a0Anche dalla Francia si sta guardando con molto interesse al percorso del progetto <em>Medes<\/em>, del quale sono stati informati sia il Municipio sia i referenti dei due Istituti scolastici, il Coll\u00e8ge Paul Esquinance e il Lyc\u00e9e Jean Renou, che potrebbero essere\u00a0<strong>disponibili a coglierne i risultati finali<\/strong>\u00a0e la metodologia proposta per un\u2019applicazione all\u2019interno delle proprie strutture.\u00a0<strong>Un esempio di come l\u2019integrazione europea possa realizzarsi\u00a0<\/strong>nel modo migliore proprio a partire dal coinvolgimento diretto dei giovani e della societ\u00e0 civile, con il supporto virtuoso delle istituzioni e in piena sintonia con l\u2019Erasmus +.<\/p>\n<p>Nel frattempo\u00a0<strong>fino al 14 marzo<\/strong>\u00a0saranno ospiti a Sacile, in un\u00a0<strong>progetto che vede coinvolto l\u2019Istituto Marchesini sotto il coordinamento della professoressa Nicoletta Caine,\u00a0gli\u00a0studenti dell\u2019Ies Francesc Tarrega di Vila-real,<\/strong>\u00a0che a sua volta accoglier\u00e0 il gruppo italiano nel mese di aprile. La comitiva, composta da\u00a0<strong>circa 25 persone<\/strong>, avr\u00e0 modo di visitare la citt\u00e0, attuare alcune attivit\u00e0 didattiche in aula e conoscere Pordenone, Venezia e Trieste.\u00a0<strong>Gioved\u00ec 9 marzo alle ore 9 l\u2019accoglienza ufficiale<\/strong>\u00a0da parte del sindaco <strong>Roberto Ceraolo<\/strong> e degli assessori <strong>Carlo Spagnol<\/strong> e <strong>Claudio Salvador<\/strong> a Palazzo Ragazzoni, insieme a studenti e docenti dell\u2019Istituto sacilese.<\/p>\n","protected":false},"excerpt":{"rendered":"<p>Prosegue il Progetto &#8220;Medes&#8221;<\/p>\n","protected":false},"author":28,"featured_media":22841,"comment_status":"closed","ping_status":"closed","sticky":false,"template":"","format":"standard","meta":{"dwc-title":[],"dwc-content":[],"footnotes":""},"categories":[5],"tags":[],"class_list":["post-22840","post","type-post","status-publish","format-standard","has-post-thumbnail","hentry","category-attualita"],"rttpg_featured_image_url":{"full":["https:\/\/imagazine.it\/wp-content\/uploads\/2024\/01\/18259-1.webp",750,447,false],"landscape":["https:\/\/imagazine.it\/wp-content\/uploads\/2024\/01\/18259-1.webp",750,447,false],"portraits":["https:\/\/imagazine.it\/wp-content\/uploads\/2024\/01\/18259-1.webp",750,447,false],"thumbnail":["https:\/\/imagazine.it\/wp-content\/uploads\/2024\/01\/18259-1-150x150.webp",150,150,true],"medium":["https:\/\/imagazine.it\/wp-content\/uploads\/2024\/01\/18259-1-300x179.webp",300,179,true],"large":["https:\/\/imagazine.it\/wp-content\/uploads\/2024\/01\/18259-1.webp",640,381,false],"thumblist":["https:\/\/imagazine.it\/wp-content\/uploads\/2024\/01\/18259-1.webp",300,179,false],"thumbrelated":["https:\/\/imagazine.it\/wp-content\/uploads\/2024\/01\/18259-1.webp",500,298,false],"meccarouselthumb":["https:\/\/imagazine.it\/wp-content\/uploads\/2024\/01\/18259-1.webp",474,283,false],"gridsquare":["https:\/\/imagazine.it\/wp-content\/uploads\/2024\/01\/18259-1.webp",391,233,false],"tileview":["https:\/\/imagazine.it\/wp-content\/uploads\/2024\/01\/18259-1.webp",300,179,false],"1536x1536":["https:\/\/imagazine.it\/wp-content\/uploads\/2024\/01\/18259-1.webp",750,447,false],"2048x2048":["https:\/\/imagazine.it\/wp-content\/uploads\/2024\/01\/18259-1.webp",750,447,false],"newsup-slider-full":["https:\/\/imagazine.it\/wp-content\/uploads\/2024\/01\/18259-1.webp",750,447,false],"newsup-featured":["https:\/\/imagazine.it\/wp-content\/uploads\/2024\/01\/18259-1.webp",750,447,false],"newsup-medium":["https:\/\/imagazine.it\/wp-content\/uploads\/2024\/01\/18259-1-720x380.webp",720,380,true],"tptn_thumbnail":["https:\/\/imagazine.it\/wp-content\/uploads\/2024\/01\/18259-1.webp",250,149,false],"sow-carousel-default":["https:\/\/imagazine.it\/wp-content\/uploads\/2024\/01\/18259-1-272x182.webp",272,182,true]},"rttpg_author":{"display_name":"redazione","author_link":"https:\/\/imagazine.it\/home_desk\/author\/redazione\/"},"rttpg_comment":0,"rttpg_category":"<a href=\"https:\/\/imagazine.it\/home_desk\/category\/attualita\/\" rel=\"category tag\">ATTUALIT\u00c0<\/a>","rttpg_excerpt":"Prosegue il Progetto \"Medes\"","_links":{"self":[{"href":"https:\/\/imagazine.it\/home_desk\/wp-json\/wp\/v2\/posts\/22840","targetHints":{"allow":["GET"]}}],"collection":[{"href":"https:\/\/imagazine.it\/home_desk\/wp-json\/wp\/v2\/posts"}],"about":[{"href":"https:\/\/imagazine.it\/home_desk\/wp-json\/wp\/v2\/types\/post"}],"author":[{"embeddable":true,"href":"https:\/\/imagazine.it\/home_desk\/wp-json\/wp\/v2\/users\/28"}],"replies":[{"embeddable":true,"href":"https:\/\/imagazine.it\/home_desk\/wp-json\/wp\/v2\/comments?post=22840"}],"version-history":[{"count":0,"href":"https:\/\/imagazine.it\/home_desk\/wp-json\/wp\/v2\/posts\/22840\/revisions"}],"wp:featuredmedia":[{"embeddable":true,"href":"https:\/\/imagazine.it\/home_desk\/wp-json\/wp\/v2\/media\/22841"}],"wp:attachment":[{"href":"https:\/\/imagazine.it\/home_desk\/wp-json\/wp\/v2\/media?parent=22840"}],"wp:term":[{"taxonomy":"category","embeddable":true,"href":"https:\/\/imagazine.it\/home_desk\/wp-json\/wp\/v2\/categories?post=22840"},{"taxonomy":"post_tag","embeddable":true,"href":"https:\/\/imagazine.it\/home_desk\/wp-json\/wp\/v2\/tags?post=22840"}],"curies":[{"name":"wp","href":"https:\/\/api.w.org\/{rel}","templated":true}]}}