{"id":22816,"date":"2017-03-03T00:00:00","date_gmt":"2017-03-02T23:00:00","guid":{"rendered":"https:\/\/imagazine.it\/?p=22816"},"modified":"2017-03-03T00:00:00","modified_gmt":"2017-03-02T23:00:00","slug":"trieste-si-mobilita-in-nome-delle-donne","status":"publish","type":"post","link":"https:\/\/imagazine.it\/home_desk\/trieste-si-mobilita-in-nome-delle-donne\/","title":{"rendered":"Trieste si mobilita in nome delle donne"},"content":{"rendered":"<p>Presentato a Trieste il programma di appuntamenti organizzati in occasione della Giornata Internazionale della Donna, prevista l\u20198 marzo.<\/p>\n<p>\u201cL\u2019evento \u2013 afferma l&#39;assessore comunale alle Pari Opportunit\u00e0 <strong>Serena Tonel<\/strong> \u2013 vuole essere un importante momento di riflessione per aiutarci non solo a prevenire, ma anche a intervenire in modo concreto contro le violenze e i femminicidi e per contribuire all&#39;emancipazione delle donne\u201d.\u00a0<\/p>\n<p>La realizzazione del calendario di iniziative ha visto la partecipazione di numerose donne, rappresentanti del mondo associativo e della Polizia di Stato, che si attiver\u00e0 con la presenza di personale specializzato per fornire informazioni e consigli, mercoled\u00ec 8 marzo, dalle 9 alle 15, nella Sala Matrimoni Municipale, nell&#39;ambito del progetto \u201c&#8230;Questo non \u00e8 amore\u201d. I diversi appuntamenti in programma si terranno presso le sedi messe a disposizione dall&#39;amministrazione comunale: la Sala del Consiglio comunale, il Museo Revoltella, Palazzo Gopcevich, il Salone degli Incanti, il Bagno \u201cLanterna\u201d e il Mercato Coperto. Nella Sala comunale Fittke \u00e8 invece in corso la mostra \u201cLa bellezza \u00e8 donna\u201d.<\/p>\n<p>Alla conferenza stampa sono intervenuti la presidente della Casa Internazionale delle Donne, <strong>Patrizia Saina<\/strong>, il Commissario Capo dirigente dell&#39;Ufficio prevenzione generale e soccorso pubblico della Questura, <strong>Davide D&#39;Auria<\/strong>, il presidente dell&#39;Accademia di Fumetto, Arti grafiche, Design, Moda di Trieste, <strong>Mario Cerne<\/strong>, il direttore artistico del <em>Trieste Flute Ensemble<\/em>, <strong>Giorgio Blasco<\/strong>, <strong>Arnaldo Dovigo<\/strong> degli Stati Generali dell&#39;Innovazione, <strong>Natalina Folla<\/strong>, autrice assieme a Patrizia Romito e a Mauro Melato del Manuale \u201cLa violenza sulle donne e sui minori\u201d, la vicepresidente della Consulta Femminile di Trieste, <strong>Annamaria Mozzi<\/strong>, la funzionaria comunale <strong>Elisabetta Belullo<\/strong>.<\/p>\n<p>\u00a0<\/p>\n<p><strong>PROGRAMMA DEGLI EVENTI<\/strong><\/p>\n<p>\u00a0<\/p>\n<p><strong>Luned\u00ec 6 marzo<\/strong><\/p>\n<p>Ore 16.00 Adoro Caff\u00e8- Piazza Cavana, 5 \u2013 Trieste<\/p>\n<p><em>La poesia delle Voci<\/em><\/p>\n<p>Il gruppo\u00a0 di lettura <em>Le<\/em> <em>Voci<\/em> de<em> Luna e l&#39;Altra, <\/em>in collaborazione con il progetto di genere<em> Una casa tutta per noi, <\/em>propone poesie da tutto il mondo, dal libro \u201cr<em>imad&#39;origine<\/em>\u201d, di <em>Elisa Vladilo, <\/em>edito da Vita Activa. Progetto di Public Art promosso da s\/paesati.<\/p>\n<p>\u00a0<\/p>\n<p><strong>Mercoled\u00ec 8 marzo<\/strong><\/p>\n<p>Ore 17.30 Sala del Consiglio Comunale &#8211; Piazza dell&#39;Unit\u00e0 d&#39;Italia, 4 &#8211; Trieste<\/p>\n<p>Concerto del <em>Trieste Flute Ensemble<\/em><\/p>\n<p>\u00a0<\/p>\n<p><strong>Venerd\u00ec 10 marzo<\/strong><\/p>\n<p>Ore 16.00 Auditorium &#8211; Civico Museo Revoltella &#8211; Via A. Diaz, 27 &#8211; Trieste<\/p>\n<p><em>Sarah, Carrie, Martine e le altre&#8230;Storie di donne e pari opportunit\u00e0 nel fumetto<\/em><\/p>\n<p>Seminario multimediale. Interverranno <em>Mario Cerne<\/em> e <em>Roberta Piazza<\/em>.<\/p>\n<p>A cura dell&#39;Accademia di Fumetto, Arti Grafiche, Design, Moda di Trieste.<\/p>\n<p>\u00a0<\/p>\n<p><strong><em>Laboratorio gratuito di fumetto <\/em><\/strong>per giovani dai 16 ai 25 anni, presso la Biblioteca Comunale Stelio Mattioni,Via Laura Silvano Petracco, 10 \u2013 Trieste, a cura dell&#39;Accademia di Fumetto, Arti grafiche, Design, Moda di Trieste.<\/p>\n<p>Si ha tempo fino al <strong>19 marzo 2017 <\/strong>per presentare domanda di iscrizione(fino ad esaurimento dei posti disponibili circa 25) <em>:<\/em><\/p>\n<p>&#8211; inviando un&#39;email all&#39;indirizzo di posta elettronica bibmattioni@comune.trieste.it indicando nome, cognome, data di nascita, indirizzo e contatto telefonico oppure<\/p>\n<p>&#8211; contattando la biblioteca comunale Stelio Mattioni al n. tel. 040 823893 nei seguenti orari di apertura: luned\u00ec, mercoled\u00ec, venerd\u00ec 15-19, marted\u00ec, gioved\u00ec, sabato 9-13.<\/p>\n<p>\u00a0<\/p>\n<p><strong>Mercoled\u00ec 15 marzo<\/strong><\/p>\n<p>Ore 17.30 Sala B. Bazlen &#8211; Palazzo Gopcevich &#8211; Via Rossini, 4 &#8211; Trieste<\/p>\n<p><em>El lusigor de i oci tui<\/em><\/p>\n<p>Lettura scenica di poesie della poetessa greca <em>Saffo<\/em> tradotte in dialetto triestino di <em>Raffaele<\/em> <em>Sincovich<\/em> con la partecipazione di <em>Daniela Mazzucato e Myriam Cosotti, <\/em>al piano<em> Giorgio Manzin.<\/em><\/p>\n<p>A cura dell&#39;Associazione Culturale Atto Quinto<\/p>\n<p>\u00a0<\/p>\n<p><strong>Sabato 18 marzo<\/strong><\/p>\n<p>Ore 11.00 Casa Internazionale delle Donne \u2013 Via Pisoni, 3 &#8211; Trieste<\/p>\n<p>Conferenza stampa <em>Donne al lavoro<\/em><\/p>\n<p>Il Progetto <em>Donne al lavoro <\/em>della Casa Internazionale delle Donne, con la collaborazione della Consigliera di parit\u00e0 di Trieste e finanziato dalla Regione Friuli Venezia Giulia nasce con l&#39;obiettivo di favorire l&#39;occupazione e lo sviluppo professionale delle donne.<\/p>\n<p>A cura della Casa Internazionale delle Donne &#8211; Trieste.<\/p>\n<p>\u00a0<\/p>\n<p>\u00a0<\/p>\n<p><strong>Mercoled\u00ec 22 marzo <\/strong><\/p>\n<p>Ore 17.30 Aula Magna &#8211; Scuola Superiore di Lingue Moderne per Interpreti e Traduttori &#8211; Via Filzi, 14 &#8211; Trieste<\/p>\n<p>Incontro con la scrittrice <em>Dacia Maraini<\/em> e presentazione dei suoi ultimi romanzi \u201cL<em>a bambina e il sognatore<\/em>\u201d e \u201c<em>Il Taccuino Americano\u201d<\/em><\/p>\n<p>Introduce <em>Sergia Adamo<\/em>, coordina <em>Mariella Grande, <\/em>letture di<em> Luisa Cividin e Dino Pacco.<\/em><\/p>\n<p>A cura della Casa Internazionale delle Donne &#8211; Trieste<\/p>\n<p>\u00a0<\/p>\n<p><strong>Marted\u00ec 28 marzo<\/strong><\/p>\n<p>Ore 17.00 Sala B. Bazlen &#8211; Palazzo Gopcevich &#8211; Via Rossini, 4 &#8211; Trieste<\/p>\n<p><em>Chiamatemi Sindaca<\/em><\/p>\n<p>Tavola rotonda sull&#39;uso del femminile nella comunicazione pubblica istituzionale.<\/p>\n<p>Interverranno: <em>Serena Tonel<\/em> Assessore Comune di Trieste, <em>Maria Rosaria Di Lorenzo<\/em> di Wister degli Stati Generali dell&#39;Innovazione,. <em>Gabriella Taddeo<\/em> Consigliera di parit\u00e0 di Trieste, <em>Arnaldo Dovigo<\/em> documentalista e scrittore, <em>Davis Dartis<\/em> psicologo.<\/p>\n<p>A cura degli Stati Generali dell&#39;Innovazione<\/p>\n<p>\u00a0<\/p>\n<p><strong>Gioved\u00ec 30 marzo<\/strong><\/p>\n<p>Ore 15.00 c\/o CSM Maddalena &#8211; Via Molino a Vento, 123 &#8211; Trieste<\/p>\n<p><em>Disturbi affettivi nel ciclo di vita delle donne. Una visione sistemica <\/em><\/p>\n<p>Interverranno: Jana Pe\u010dar, psicologa e Michela Carmignani psichiatra e psicoterapeuta.<\/p>\n<p>Primo di quattro incontri sulla depressione a cura dell&#39;Associazione Luna e l&#39;Altra in collaborazione con il Dipartimento di Salute Mentale di Trieste.<\/p>\n<p>I successivi tre incontri avranno luogo indicativamente l&#39;ultimo gioved\u00ec dei mesi di aprile, maggio e giugno.<\/p>\n<p>\u00a0<\/p>\n<p><strong>Gioved\u00ec 30 marzo<\/strong><\/p>\n<p>Ore 17.30 Sala del Consiglio Comunale &#8211; Piazza dell&#39;Unit\u00e0 d&#39;Italia, 4 &#8211; Trieste<\/p>\n<p>Presentazione del Manuale <em>La violenza sulle donne e sui minori<\/em> , una guida per chi lavora sul campo a cura delle autrici <em>Patrizia Romito e Natalina Folla<\/em> e dell&#39;autore <em>Mauro Melato, <\/em>promosso dalla Rete dei Comitati Unici di Garanzia territoriali.<\/p>\n<p>\u00a0<\/p>\n<p><strong>Venerd\u00ec 31 marzo<\/strong><\/p>\n<p>Ore 16.30 Casa Internazionale delle Donne &#8211; Via Pisoni, 3 &#8211; Trieste<\/p>\n<p><em>Ricami e Biotech <\/em><\/p>\n<p>Presentazione con le autrici <em>Lucia Magro<\/em> e <em>Rosita Strona <\/em>del libro \u201c<em>Ricami e biotech. Una scuola triestina dall&#39;ottocento ad oggi<\/em>\u201d, edito da Vita\u00a0 Activa, coordina <em>Patrizia Saina<\/em><\/p>\n<p>A cura della Casa Internazionale delle Donne &#8211; Trieste<\/p>\n<p>\u00a0<\/p>\n<p><strong>Sabato 1 aprile<\/strong><\/p>\n<p>Ore 10.30 Mercato Coperto &#8211; Via Carducci, 36 &#8211; Trieste<\/p>\n<p><em>\u201cDonne in movimento\u201d<\/em><\/p>\n<p><em>\u201c<\/em>Mani di donna&#8230;<em>\u201d <\/em>\u00a0incontro di parole, musica e danza sul tema del lavoro femminile realizzato dal gruppo <em>Danzare si pu\u00f2 <\/em>e il gruppo di teatro diretto da <em>Luisa Cividin<\/em> e <em>Dino Pacco.<\/em><\/p>\n<p>A cura della Casa Internazionale delle Donne \u2013 Trieste.<\/p>\n<p>\u00a0<\/p>\n<p><strong>Gioved\u00ec 27 aprile<\/strong><\/p>\n<p>Ore 16.30 Auditorium Salone degli Incanti &#8211; Riva Nazario Sauro, 1 &#8211; Trieste<\/p>\n<p>Incontro con la scrittrice <em>Laila Wadia\u00a0 <\/em>e presentazione del suo ultimo libro \u201c<em>Algoritmi indiani<\/em>\u201d, edito da Vita Activa.<\/p>\n<p>A cura della Casa Internazionale delle Donne- Trieste<\/p>\n<p>\u00a0<\/p>\n<p><strong>Gioved\u00ec 6 aprile<\/strong><\/p>\n<p>Ore 17.00 Sala del Consiglio Comunale &#8211; Piazza dell&#39;Unit\u00e0 d&#39;Italia, 4 &#8211; Trieste<\/p>\n<p>Cerimonia di Premiazione del <em>XIII Concorso di Scrittura Femminile<\/em> \u201c<em>Citt\u00e0 di Trieste<\/em>\u201d<\/p>\n<p>A cura della Consulta Femminile<\/p>\n<p>\u00a0<\/p>\n<p><u>Data da definire nel mese di maggio<\/u><\/p>\n<p>Ore 11.00 Stabilimento Balneare \u201cLanterna\u201d- Molo Fratelli Bandiera,3 &#8211; Trieste<\/p>\n<p><em>Donne in movimento<\/em><\/p>\n<p>\u201cUn tuffo nel mare di Trieste\u201d incontro di parole, musica, danza sul tema del mare.<\/p>\n<p>I brani sono tratti dal libro Oltre le parole. Scrittrici triestine del Primo Novecento.<\/p>\n<p>A cura\u00a0 della Casa Internazionale delle Donne &#8211; Trieste<\/p>\n<p>\u00a0<\/p>\n<p>Le date degli eventi si possono verificare al seguente indirizzo:<\/p>\n<p><a href=\"http:\/\/pariopportunita.comune.trieste.it\/\" target=\"_blank\" rel=\"noopener\">http:\/\/pariopportunita.comune.trieste.it\/<\/a><\/p>\n","protected":false},"excerpt":{"rendered":"<p>In occasione dell&#8217;8 marzo<\/p>\n","protected":false},"author":28,"featured_media":22817,"comment_status":"closed","ping_status":"closed","sticky":false,"template":"","format":"standard","meta":{"dwc-title":[],"dwc-content":[],"footnotes":""},"categories":[5],"tags":[],"class_list":["post-22816","post","type-post","status-publish","format-standard","has-post-thumbnail","hentry","category-attualita"],"rttpg_featured_image_url":{"full":["https:\/\/imagazine.it\/wp-content\/uploads\/2024\/01\/18222-1.webp",750,491,false],"landscape":["https:\/\/imagazine.it\/wp-content\/uploads\/2024\/01\/18222-1.webp",750,491,false],"portraits":["https:\/\/imagazine.it\/wp-content\/uploads\/2024\/01\/18222-1.webp",750,491,false],"thumbnail":["https:\/\/imagazine.it\/wp-content\/uploads\/2024\/01\/18222-1-150x150.webp",150,150,true],"medium":["https:\/\/imagazine.it\/wp-content\/uploads\/2024\/01\/18222-1-300x196.webp",300,196,true],"large":["https:\/\/imagazine.it\/wp-content\/uploads\/2024\/01\/18222-1.webp",640,419,false],"thumblist":["https:\/\/imagazine.it\/wp-content\/uploads\/2024\/01\/18222-1.webp",300,196,false],"thumbrelated":["https:\/\/imagazine.it\/wp-content\/uploads\/2024\/01\/18222-1.webp",500,327,false],"meccarouselthumb":["https:\/\/imagazine.it\/wp-content\/uploads\/2024\/01\/18222-1.webp",474,310,false],"gridsquare":["https:\/\/imagazine.it\/wp-content\/uploads\/2024\/01\/18222-1.webp",391,256,false],"tileview":["https:\/\/imagazine.it\/wp-content\/uploads\/2024\/01\/18222-1.webp",300,196,false],"1536x1536":["https:\/\/imagazine.it\/wp-content\/uploads\/2024\/01\/18222-1.webp",750,491,false],"2048x2048":["https:\/\/imagazine.it\/wp-content\/uploads\/2024\/01\/18222-1.webp",750,491,false],"newsup-slider-full":["https:\/\/imagazine.it\/wp-content\/uploads\/2024\/01\/18222-1.webp",750,491,false],"newsup-featured":["https:\/\/imagazine.it\/wp-content\/uploads\/2024\/01\/18222-1.webp",750,491,false],"newsup-medium":["https:\/\/imagazine.it\/wp-content\/uploads\/2024\/01\/18222-1-720x380.webp",720,380,true],"tptn_thumbnail":["https:\/\/imagazine.it\/wp-content\/uploads\/2024\/01\/18222-1.webp",250,164,false],"sow-carousel-default":["https:\/\/imagazine.it\/wp-content\/uploads\/2024\/01\/18222-1-272x182.webp",272,182,true]},"rttpg_author":{"display_name":"redazione","author_link":"https:\/\/imagazine.it\/home_desk\/author\/redazione\/"},"rttpg_comment":0,"rttpg_category":"<a href=\"https:\/\/imagazine.it\/home_desk\/category\/attualita\/\" rel=\"category tag\">ATTUALIT\u00c0<\/a>","rttpg_excerpt":"In occasione dell'8 marzo","_links":{"self":[{"href":"https:\/\/imagazine.it\/home_desk\/wp-json\/wp\/v2\/posts\/22816","targetHints":{"allow":["GET"]}}],"collection":[{"href":"https:\/\/imagazine.it\/home_desk\/wp-json\/wp\/v2\/posts"}],"about":[{"href":"https:\/\/imagazine.it\/home_desk\/wp-json\/wp\/v2\/types\/post"}],"author":[{"embeddable":true,"href":"https:\/\/imagazine.it\/home_desk\/wp-json\/wp\/v2\/users\/28"}],"replies":[{"embeddable":true,"href":"https:\/\/imagazine.it\/home_desk\/wp-json\/wp\/v2\/comments?post=22816"}],"version-history":[{"count":0,"href":"https:\/\/imagazine.it\/home_desk\/wp-json\/wp\/v2\/posts\/22816\/revisions"}],"wp:featuredmedia":[{"embeddable":true,"href":"https:\/\/imagazine.it\/home_desk\/wp-json\/wp\/v2\/media\/22817"}],"wp:attachment":[{"href":"https:\/\/imagazine.it\/home_desk\/wp-json\/wp\/v2\/media?parent=22816"}],"wp:term":[{"taxonomy":"category","embeddable":true,"href":"https:\/\/imagazine.it\/home_desk\/wp-json\/wp\/v2\/categories?post=22816"},{"taxonomy":"post_tag","embeddable":true,"href":"https:\/\/imagazine.it\/home_desk\/wp-json\/wp\/v2\/tags?post=22816"}],"curies":[{"name":"wp","href":"https:\/\/api.w.org\/{rel}","templated":true}]}}