{"id":22792,"date":"2017-03-01T00:00:00","date_gmt":"2017-02-28T23:00:00","guid":{"rendered":"https:\/\/imagazine.it\/?p=22792"},"modified":"2017-03-01T00:00:00","modified_gmt":"2017-02-28T23:00:00","slug":"i-litfiba-tornano-in-fvg","status":"publish","type":"post","link":"https:\/\/imagazine.it\/home_desk\/i-litfiba-tornano-in-fvg\/","title":{"rendered":"I Litfiba tornano in FVG"},"content":{"rendered":"<p>Il <strong>Festival di Majano<\/strong> ha annunciato il primo grande nome musicale della <strong>57^ edizione<\/strong>. <strong>Sabato 22 luglio<\/strong>, all\u2019<strong>Area Concerti Festival<\/strong>, con inizio alle <strong>21.30<\/strong>, a scatenare il pubblico saranno i <strong>Litfiba<\/strong>, in quello che sar\u00e0 l\u2019unico concerto della band in Friuli Venezia Giuli parte del nuovissimo \u201c<strong>Eutopia Tour<\/strong>\u201d. Un ritorno quello della band che ha fatto la storia del rock italiano al Festival di Majano, che arriva a distanza di due anni dal trionfale concerto del \u201c<strong>Tetralogia degli Elementi Tour<\/strong>\u201d. I <strong>biglietti<\/strong> per questo nuovo importante appuntamento musicale estivo saranno in vendita a partire dalle <strong>11<\/strong> di <strong>gioved\u00ec 2 marzo<\/strong> sul circuito <strong>Ticketone<\/strong>. Info e punti vendita su <a href=\"http:\/\/www.azalea.it\/\" target=\"_blank\" rel=\"noopener\">www.azalea.it<\/a> .<\/p>\n<p>L\u2019album \u201cEut\u00f2pia\u201d, che ha esordito al terzo posto della classifica degli album pi\u00f9 venduti in Italia e al primo posto della classifica dei vinili, \u00e8 composto da dieci graffianti tracce in puro stile Litfiba, dove <strong>Piero Pel\u00f9<\/strong> e <strong>Ghigo Renzulli<\/strong> trattano diversi temi: dall\u2019inquinamento all\u2019estremismo religioso, passando per le vittime della \u2018Ndrangheta ai nuovi media. Il disco \u00e8 disponibile anche nella versione doppio vinile, dove sono presenti due bonus track strumentali: \u201cTu non c\u2019eri\u201d, scritta da Piero Pel\u00f9, e \u201cLa danza di Minerva\u201d, scritta da Ghigo Renzulli.<\/p>\n<p>I <strong>Litfiba<\/strong>, nascono a Firenze nel 1980. Nell&#39;ottobre 1983 esce l&#39; LP \u201c<strong>Eneide di Krypton<\/strong>\u201d che portano in tour in Francia. Nella primavera del 1985 esce &#8220;<strong>Desaparecido<\/strong>&#8220;, il secondo album in studio, orientato su uno stile etno-wave rock e psichedelico, primo atto della trilogia dedicata alle vittime del potere. Nel dicembre 1986 esce &#8220;<strong>17Re<\/strong>&#8221; disco doppio in stile wave, sperimentale, etno, rock considerato uno dei dischi pi\u00f9 innovativi e complessi della wave italiana. Successivo album della band \u00e8 \u201c<strong>Litfiba 3<\/strong>\u201d(1988), lavoro che segna la fine della trilogia. Il 1990 vede l\u2019uscita di &#8220;<strong>El Diablo<\/strong>&#8221; una svolta stilistica che orienta il sound della band verso l&#39;hard-rock latino e che inaugura la mitica tetralogia degli elementi naturali, completata da &#8220;<strong>Terremoto<\/strong>&#8221; (1993), &#8220;<strong>Spirito<\/strong>&#8221; (1994) e &#8220;<strong>Mondi Sommersi<\/strong>&#8221; (1997). &#8220;<strong>Infinito<\/strong>&#8220;, del 1999, \u00e8 invece l\u2019album pi\u00f9 venduto della band, con un milione di copie. A questo punto le tensioni fra Piero e Ghigo hanno il sopravvento, al termine del tour nei palazzetti Pel\u00f9 decide di abbandonare i Litfiba dedicandosi alla carriera solista. Senza il suo storico frontman la band dar\u00e0 alla luce tre dischi: \u201c<strong>Elettromacumba<\/strong>\u201d (2000), \u201c<strong>Insidia<\/strong>\u201d (2001), \u201c<strong>Essere o Sembrare<\/strong>\u201d (2005).\u00a0 L&#39;11 dicembre 2009 viene annunciata la tanto attesa reunion di Piero e Ghigo, che porta all\u2019uscita di 2 nuovi brani &#8220;<strong>Sole Nero<\/strong>\u201d e &#8220;<strong>Barcollo<\/strong>&#8220;. Seguir\u00e0 il &#8220;<strong>Litfiba Reunion Tour<\/strong>&#8220;, in Italia e all\u2019estero, ovunque un grande successo di pubblico. Nel gennaio 2012 \u00e8 la volta di &#8220;<strong>Grande nazione<\/strong>\u201d mentre del novembre 2016 \u00e8 \u201c<strong>Eutopia<\/strong>\u201d, ad oggi ultimo album della band che i tanti fan potranno riabbracciare nelle date estive, inclusa quella del 22 luglio al Festival di Majano.<\/p>\n<p>Il <strong>Festival di Majano <\/strong>\u00e8 organizzato dalla <strong>Pro Majano<\/strong>, in collaborazione con la <strong>Regione Friuli Venezia Giulia<\/strong>, l\u2019<strong>Agenzia PromoTurismoFVG<\/strong>, il <strong>Comune di Majano<\/strong>, la <strong>Provincia di Udine<\/strong>, l\u2019<strong>Associazione regionale tra le Pro Loco<\/strong>, la <strong>Comunit\u00e0 Collinare del Friuli<\/strong>, il <strong>Consorzio tra le Pro Loco della Comunit\u00e0 Collinare<\/strong>. Il programma completo \u00e8 disponibile sul sito <a href=\"http:\/\/www.festivalmajano.it\/\" target=\"_blank\" rel=\"noopener\">www.festivalmajano.it<\/a><\/p>\n","protected":false},"excerpt":{"rendered":"<p>In concerto il 22 luglio<\/p>\n","protected":false},"author":28,"featured_media":22793,"comment_status":"closed","ping_status":"closed","sticky":false,"template":"","format":"standard","meta":{"dwc-title":[],"dwc-content":[],"footnotes":""},"categories":[37],"tags":[],"class_list":["post-22792","post","type-post","status-publish","format-standard","has-post-thumbnail","hentry","category-cultura-e-spettacolo"],"rttpg_featured_image_url":{"full":["https:\/\/imagazine.it\/wp-content\/uploads\/2024\/01\/18177-1.webp",750,500,false],"landscape":["https:\/\/imagazine.it\/wp-content\/uploads\/2024\/01\/18177-1.webp",750,500,false],"portraits":["https:\/\/imagazine.it\/wp-content\/uploads\/2024\/01\/18177-1.webp",750,500,false],"thumbnail":["https:\/\/imagazine.it\/wp-content\/uploads\/2024\/01\/18177-1-150x150.webp",150,150,true],"medium":["https:\/\/imagazine.it\/wp-content\/uploads\/2024\/01\/18177-1-300x200.webp",300,200,true],"large":["https:\/\/imagazine.it\/wp-content\/uploads\/2024\/01\/18177-1.webp",640,427,false],"thumblist":["https:\/\/imagazine.it\/wp-content\/uploads\/2024\/01\/18177-1.webp",300,200,false],"thumbrelated":["https:\/\/imagazine.it\/wp-content\/uploads\/2024\/01\/18177-1.webp",500,333,false],"meccarouselthumb":["https:\/\/imagazine.it\/wp-content\/uploads\/2024\/01\/18177-1.webp",474,316,false],"gridsquare":["https:\/\/imagazine.it\/wp-content\/uploads\/2024\/01\/18177-1.webp",391,260,false],"tileview":["https:\/\/imagazine.it\/wp-content\/uploads\/2024\/01\/18177-1.webp",300,200,false],"1536x1536":["https:\/\/imagazine.it\/wp-content\/uploads\/2024\/01\/18177-1.webp",750,500,false],"2048x2048":["https:\/\/imagazine.it\/wp-content\/uploads\/2024\/01\/18177-1.webp",750,500,false],"newsup-slider-full":["https:\/\/imagazine.it\/wp-content\/uploads\/2024\/01\/18177-1.webp",750,500,false],"newsup-featured":["https:\/\/imagazine.it\/wp-content\/uploads\/2024\/01\/18177-1.webp",750,500,false],"newsup-medium":["https:\/\/imagazine.it\/wp-content\/uploads\/2024\/01\/18177-1-720x380.webp",720,380,true],"tptn_thumbnail":["https:\/\/imagazine.it\/wp-content\/uploads\/2024\/01\/18177-1.webp",250,167,false],"sow-carousel-default":["https:\/\/imagazine.it\/wp-content\/uploads\/2024\/01\/18177-1-272x182.webp",272,182,true]},"rttpg_author":{"display_name":"redazione","author_link":"https:\/\/imagazine.it\/home_desk\/author\/redazione\/"},"rttpg_comment":0,"rttpg_category":"<a href=\"https:\/\/imagazine.it\/home_desk\/category\/cultura-e-spettacolo\/\" rel=\"category tag\">CULTURA&amp;SPETTACOLO<\/a>","rttpg_excerpt":"In concerto il 22 luglio","_links":{"self":[{"href":"https:\/\/imagazine.it\/home_desk\/wp-json\/wp\/v2\/posts\/22792","targetHints":{"allow":["GET"]}}],"collection":[{"href":"https:\/\/imagazine.it\/home_desk\/wp-json\/wp\/v2\/posts"}],"about":[{"href":"https:\/\/imagazine.it\/home_desk\/wp-json\/wp\/v2\/types\/post"}],"author":[{"embeddable":true,"href":"https:\/\/imagazine.it\/home_desk\/wp-json\/wp\/v2\/users\/28"}],"replies":[{"embeddable":true,"href":"https:\/\/imagazine.it\/home_desk\/wp-json\/wp\/v2\/comments?post=22792"}],"version-history":[{"count":0,"href":"https:\/\/imagazine.it\/home_desk\/wp-json\/wp\/v2\/posts\/22792\/revisions"}],"wp:featuredmedia":[{"embeddable":true,"href":"https:\/\/imagazine.it\/home_desk\/wp-json\/wp\/v2\/media\/22793"}],"wp:attachment":[{"href":"https:\/\/imagazine.it\/home_desk\/wp-json\/wp\/v2\/media?parent=22792"}],"wp:term":[{"taxonomy":"category","embeddable":true,"href":"https:\/\/imagazine.it\/home_desk\/wp-json\/wp\/v2\/categories?post=22792"},{"taxonomy":"post_tag","embeddable":true,"href":"https:\/\/imagazine.it\/home_desk\/wp-json\/wp\/v2\/tags?post=22792"}],"curies":[{"name":"wp","href":"https:\/\/api.w.org\/{rel}","templated":true}]}}