{"id":22712,"date":"2017-02-19T00:00:00","date_gmt":"2017-02-18T23:00:00","guid":{"rendered":"https:\/\/imagazine.it\/?p=22712"},"modified":"2017-02-19T00:00:00","modified_gmt":"2017-02-18T23:00:00","slug":"trieste-al-via-il-carnevale","status":"publish","type":"post","link":"https:\/\/imagazine.it\/home_desk\/trieste-al-via-il-carnevale\/","title":{"rendered":"Trieste, al via il Carnevale"},"content":{"rendered":"<p>Si \u00e8 aperto ufficialmente con la consegna delle Chiavi al Re e alla Regina il Carnevale di Trieste 2017. La cerimonia in piazza Unit\u00e0 \u00e8 seguita alla prima edizione della \u201c<strong>Corsa di Carnevale\u201d<\/strong>, marcia non competitiva a passo libero di 4 km organizzata da Trieste Atletica, accompagnata dalle note della Banda Vecia Trieste attraverso un percorso pedonale nel centro cittadino per chiudersi con l&#39;arrivo del corteo del Re e della Regina del Carnevale, giunti in carrozza a cavalli. A loro l\u2019assessore comunale al Turismo, <strong>Maurizio Bucci<\/strong>, ha simbolicamente consegnato le chiavi della citt\u00e0, davanti agli occhi del presidente del Comitato di coordinamento per il Carnevale di Trieste Roberto de Gioia.<\/p>\n<p>Immutata la ricetta del Carnevale di Trieste, che sar\u00e0 ancora una volta un Carnevale per tutti, grandi e piccini, singoli e gruppi. Tutti quanti avranno l&#39;opportunit\u00e0 di iscriversi gratuitamente e prendere parte alla sfilata cittadina concorrendo all&#39;assegnazione dei premi riservati alle maschere pi\u00f9 belle.<\/p>\n<p>Per le iscrizioni gratuite \u2013 riservate ai gruppi e alle maschere singole (sia adulti che bambini) \u2013 da gioved\u00ec 23 a luned\u00ec 27 febbraio sar\u00e0 attivo l&#39;<strong>Infopoint <\/strong>allestito presso la Sala \u201cArturo Fittke\u201d in piazza Piccola 3 (dietro al Municipio) ogni giorno dalle 16 alle 19 (sabato 25 febbraio anche dalle 11 alle 13).<\/p>\n<p>Per la prima volta, in contemporanea con il Carnevale di Trieste, in piazza Ponterosso da <strong>gioved\u00ec 23 febbraio <\/strong>si terr\u00e0 infine la mostra mercato \u201c<strong>Costumi e sapori del mondo<\/strong>\u201d con giostre per i bambini.<\/p>\n<p>Nel frattempo negli spazi della Fiera gli otto rioni in lizza stanno ultimando i loro carri per la sfilata di Marted\u00ec Grasso (28 febbraio). Questi i temi rionali del 2017: <strong>Barriera Vecchia<\/strong>: \u201cBarcolada de febbraio\u201d; <strong>San Giovanni<\/strong>: \u201cTrieste &#8230;el bunigolo del mondo!\u201d; <strong>Cologna<\/strong>: \u201cAl fuocooooo!! Al fuocooooo!!\u201d; <strong>Valmaura<\/strong>: \u201cValmaura riscopre le Americhe\u201d; <strong>Cittavecchia San Giusto<\/strong>: \u201cPan\u201d; <strong>Servola<\/strong>: \u201cAra come se vola a Servola\u201d; <strong>Roiano<\/strong>: \u201cRe e Regine alla corte di Re Art\u00f9\u201d; <strong>Borgo San Sergio<\/strong>: \u201cFavole per i fioi e&#8230; per i veci\u201d.<\/p>\n<p>Il <strong>percorso del Corso mascherato<\/strong> da piazza Oberdan si snoder\u00e0 lungo via Carducci, via Reti, via Imbriani e Corso Italia per sfociare in piazza dell&#39;Unit\u00e0 d&#39;Italia, dove si concluder\u00e0 e dove, in attesa e al termine delle premiazioni, si scatener\u00e0 il ballo con dj.<\/p>\n<p>Per tutte le informazioni e gli aggiornamenti in tempo reale sul Carnevale 2017, sono attivi anche quest&#39;anno il <strong>sito internet<\/strong>, online all&#39;indirizzo <a href=\"http:\/\/www.carnevaletrieste.it\/\" target=\"_blank\" rel=\"noopener\">www.carnevaletrieste.it<\/a>, dove reperire tutte le informazioni e il gruppo facebook Il Carnevale di Trieste con foto e notizie.<\/p>\n","protected":false},"excerpt":{"rendered":"<p>Inaugurati i festeggiamenti cittadini<\/p>\n","protected":false},"author":28,"featured_media":22713,"comment_status":"closed","ping_status":"closed","sticky":false,"template":"","format":"standard","meta":{"dwc-title":[],"dwc-content":[],"footnotes":""},"categories":[5],"tags":[],"class_list":["post-22712","post","type-post","status-publish","format-standard","has-post-thumbnail","hentry","category-attualita"],"rttpg_featured_image_url":{"full":["https:\/\/imagazine.it\/wp-content\/uploads\/2024\/01\/18040-1.webp",750,563,false],"landscape":["https:\/\/imagazine.it\/wp-content\/uploads\/2024\/01\/18040-1.webp",750,563,false],"portraits":["https:\/\/imagazine.it\/wp-content\/uploads\/2024\/01\/18040-1.webp",750,563,false],"thumbnail":["https:\/\/imagazine.it\/wp-content\/uploads\/2024\/01\/18040-1-150x150.webp",150,150,true],"medium":["https:\/\/imagazine.it\/wp-content\/uploads\/2024\/01\/18040-1-300x225.webp",300,225,true],"large":["https:\/\/imagazine.it\/wp-content\/uploads\/2024\/01\/18040-1.webp",640,480,false],"thumblist":["https:\/\/imagazine.it\/wp-content\/uploads\/2024\/01\/18040-1.webp",300,225,false],"thumbrelated":["https:\/\/imagazine.it\/wp-content\/uploads\/2024\/01\/18040-1.webp",500,375,false],"meccarouselthumb":["https:\/\/imagazine.it\/wp-content\/uploads\/2024\/01\/18040-1.webp",432,324,false],"gridsquare":["https:\/\/imagazine.it\/wp-content\/uploads\/2024\/01\/18040-1.webp",346,260,false],"tileview":["https:\/\/imagazine.it\/wp-content\/uploads\/2024\/01\/18040-1.webp",300,225,false],"1536x1536":["https:\/\/imagazine.it\/wp-content\/uploads\/2024\/01\/18040-1.webp",750,563,false],"2048x2048":["https:\/\/imagazine.it\/wp-content\/uploads\/2024\/01\/18040-1.webp",750,563,false],"newsup-slider-full":["https:\/\/imagazine.it\/wp-content\/uploads\/2024\/01\/18040-1.webp",750,563,false],"newsup-featured":["https:\/\/imagazine.it\/wp-content\/uploads\/2024\/01\/18040-1.webp",750,563,false],"newsup-medium":["https:\/\/imagazine.it\/wp-content\/uploads\/2024\/01\/18040-1-720x380.webp",720,380,true],"tptn_thumbnail":["https:\/\/imagazine.it\/wp-content\/uploads\/2024\/01\/18040-1.webp",250,188,false],"sow-carousel-default":["https:\/\/imagazine.it\/wp-content\/uploads\/2024\/01\/18040-1-272x182.webp",272,182,true]},"rttpg_author":{"display_name":"redazione","author_link":"https:\/\/imagazine.it\/home_desk\/author\/redazione\/"},"rttpg_comment":0,"rttpg_category":"<a href=\"https:\/\/imagazine.it\/home_desk\/category\/attualita\/\" rel=\"category tag\">ATTUALIT\u00c0<\/a>","rttpg_excerpt":"Inaugurati i festeggiamenti cittadini","_links":{"self":[{"href":"https:\/\/imagazine.it\/home_desk\/wp-json\/wp\/v2\/posts\/22712","targetHints":{"allow":["GET"]}}],"collection":[{"href":"https:\/\/imagazine.it\/home_desk\/wp-json\/wp\/v2\/posts"}],"about":[{"href":"https:\/\/imagazine.it\/home_desk\/wp-json\/wp\/v2\/types\/post"}],"author":[{"embeddable":true,"href":"https:\/\/imagazine.it\/home_desk\/wp-json\/wp\/v2\/users\/28"}],"replies":[{"embeddable":true,"href":"https:\/\/imagazine.it\/home_desk\/wp-json\/wp\/v2\/comments?post=22712"}],"version-history":[{"count":0,"href":"https:\/\/imagazine.it\/home_desk\/wp-json\/wp\/v2\/posts\/22712\/revisions"}],"wp:featuredmedia":[{"embeddable":true,"href":"https:\/\/imagazine.it\/home_desk\/wp-json\/wp\/v2\/media\/22713"}],"wp:attachment":[{"href":"https:\/\/imagazine.it\/home_desk\/wp-json\/wp\/v2\/media?parent=22712"}],"wp:term":[{"taxonomy":"category","embeddable":true,"href":"https:\/\/imagazine.it\/home_desk\/wp-json\/wp\/v2\/categories?post=22712"},{"taxonomy":"post_tag","embeddable":true,"href":"https:\/\/imagazine.it\/home_desk\/wp-json\/wp\/v2\/tags?post=22712"}],"curies":[{"name":"wp","href":"https:\/\/api.w.org\/{rel}","templated":true}]}}