{"id":22682,"date":"2017-02-15T00:00:00","date_gmt":"2017-02-14T23:00:00","guid":{"rendered":"https:\/\/imagazine.it\/?p=22682"},"modified":"2017-02-15T00:00:00","modified_gmt":"2017-02-14T23:00:00","slug":"riqualificare-gli-edifici-per-rinascere","status":"publish","type":"post","link":"https:\/\/imagazine.it\/home_desk\/riqualificare-gli-edifici-per-rinascere\/","title":{"rendered":"Riqualificare gli edifici per rinascere"},"content":{"rendered":"<p>Un piano da cinque miliardi di investimenti in cinque anni, per la maggior parte privati. Per spingere l\u2019economia attraverso il volano di una riqualificazione degli edifici vetusti, che passa dunque per l\u2019edilizia, ma che deve coinvolgere una strategia pi\u00f9 ampia di riqualificazione del \u201ccapitale territoriale e umano\u201d della regione.<\/p>\n<p>Secondo <strong>Sandro Fabbro<\/strong>, vicepresidente dell\u2019Associazione Friuli Europa, intervenuto al primo degli appuntamenti della seconda giornata di Future Forum, \u00abnegli ultimi anni la capacit\u00e0 della regione di produrre ricchezza ha subito un arretramento pi\u00f9 forte che in altre regioni: \u00e8 15esima in termini di perdita di Pil. Occorrono dunque almeno due misure di investimento, una di breve e una di lungo periodo, per uscire dalla gabbia in cui il territorio \u00e8 finito\u00bb.<\/p>\n<p>A discutere del tema assieme a Fabbro, dopo i saluti del componente di giunta camerale <strong>Graziano Tilatti<\/strong>, anche <strong>Alessandro Colautti<\/strong>, componente della IV commissione consiliare regionale, <strong>Roberto Muradore<\/strong>, segretario generale della Cisl dell\u2019udinese e della Bassa friulana, <strong>Roberto Contessi<\/strong>, capogruppo della sezione \u201cIndustrie costruzioni edilizie\u201d aderenti a Confindustria Udine, intervistati dal giornalista <strong>Paolo Mosanghini<\/strong>.<\/p>\n<p>Il \u201cPiano\u00a0 straordinario regionale anticrisi\u201d sar\u00e0 presentato nei dettagli operativi il 3 marzo dall\u2019Afe ed \u00e8 un percorso avviato gi\u00e0 dal 2014. L\u2019obiettivo \u00e8, prioritariamente, \u00abil forte rilancio dell\u2019occupazione attraverso la rigenerazione del capitale territoriale regionale. Le risorse per finanziare il piano \u2013 ha precisato Fabbro \u2013 dovrebbero essere prevalentemente private, attivate da una significativa leva finanziaria pubblica regionale\u00bb. Alla strategia a lungo termine (10-20 anni) Fabbro unisce una \u00abtattica da attivare subito per \u201crimettere in piedi il malato\u201d e dargli le forze\u00bb per muoversi da solo in pochi anni.<\/p>\n<p>In regione ci sono 300 mila edifici residenziali precedenti agli anni \u201870. Ipotizzando di recuperarne anche solo un terzo, a 50 mila euro di costo medio per intervento di riqualificazione energetica, si genererebbe un piano da 5 miliardi, senza conteggiare gli interventi per la sicurezza antisismica, la difesa idrogeologica e il recupero dei monumenti storici, che pure andrebbero integrati in un piano di rigenerazione territoriale. \u00c8 un investimento diffuso e con rilevanti effetti occupazionali, ambientali, insediativi e di volano economico su una ampia filiera produttiva e tecnologica. Solo uno di questi 5 miliardi in 5 anni sarebbe di spesa pubblica regionale. Un impegno, per il bilancio regionale, di almeno 200 milioni l\u2019anno, per Fabbro \u00abdel tutto sostenibile\u00bb.<\/p>\n<p>Il \u00abPiano straordinario anticrisi\u00bb di legislatura \u00abdeve cominciare a programmare \u2013 ha proseguito \u2013, su una prospettiva pluridecennale, anche la messa in sicurezza del patrimonio esistente esposto a rischio sismico\u00bb.<\/p>\n<p>\u00a0Ma ci vuole un cambio di passo in tutto il sistema, hanno convenuto tutti i relatori, a partire da una burocrazia che si \u00e8 avvitata su se stessa, a discapito di cittadini e imprese. E non solo.\u00a0Secondo Muradore, \u00abper costruire oggi il futuro della regione va compresa la specificit\u00e0 dei singoli territori. E non l\u2019abbiamo ancora fatto\u00bb. E se per Contessi dovremmo anche cominciare a guardare a chi fa meglio di noi, come il Trentino Alto Adige, con tutte le differenze del caso, Colautti ha evidenziato come quella regione abbia \u00abmesso un filtro nella contribuzione al debito nazionale. Fino al 10% e poi \u2013 ha detto con una metafora \u2013 lo Stato deve \u201csuonar loro il campanello\u201d e chiedere il permesso. Mentre noi non abbiamo messo una soglia. E questa \u00e8 una battaglia da fare\u00bb.<\/p>\n","protected":false},"excerpt":{"rendered":"<p>La proposta dell&#8217;Associazione Friuli Europa<\/p>\n","protected":false},"author":28,"featured_media":22683,"comment_status":"closed","ping_status":"closed","sticky":false,"template":"","format":"standard","meta":{"dwc-title":[],"dwc-content":[],"footnotes":""},"categories":[6],"tags":[],"class_list":["post-22682","post","type-post","status-publish","format-standard","has-post-thumbnail","hentry","category-societa"],"rttpg_featured_image_url":{"full":["https:\/\/imagazine.it\/wp-content\/uploads\/2024\/01\/17989-1.webp",750,563,false],"landscape":["https:\/\/imagazine.it\/wp-content\/uploads\/2024\/01\/17989-1.webp",750,563,false],"portraits":["https:\/\/imagazine.it\/wp-content\/uploads\/2024\/01\/17989-1.webp",750,563,false],"thumbnail":["https:\/\/imagazine.it\/wp-content\/uploads\/2024\/01\/17989-1-150x150.webp",150,150,true],"medium":["https:\/\/imagazine.it\/wp-content\/uploads\/2024\/01\/17989-1-300x225.webp",300,225,true],"large":["https:\/\/imagazine.it\/wp-content\/uploads\/2024\/01\/17989-1.webp",640,480,false],"thumblist":["https:\/\/imagazine.it\/wp-content\/uploads\/2024\/01\/17989-1.webp",300,225,false],"thumbrelated":["https:\/\/imagazine.it\/wp-content\/uploads\/2024\/01\/17989-1.webp",500,375,false],"meccarouselthumb":["https:\/\/imagazine.it\/wp-content\/uploads\/2024\/01\/17989-1.webp",432,324,false],"gridsquare":["https:\/\/imagazine.it\/wp-content\/uploads\/2024\/01\/17989-1.webp",346,260,false],"tileview":["https:\/\/imagazine.it\/wp-content\/uploads\/2024\/01\/17989-1.webp",300,225,false],"1536x1536":["https:\/\/imagazine.it\/wp-content\/uploads\/2024\/01\/17989-1.webp",750,563,false],"2048x2048":["https:\/\/imagazine.it\/wp-content\/uploads\/2024\/01\/17989-1.webp",750,563,false],"newsup-slider-full":["https:\/\/imagazine.it\/wp-content\/uploads\/2024\/01\/17989-1.webp",750,563,false],"newsup-featured":["https:\/\/imagazine.it\/wp-content\/uploads\/2024\/01\/17989-1.webp",750,563,false],"newsup-medium":["https:\/\/imagazine.it\/wp-content\/uploads\/2024\/01\/17989-1-720x380.webp",720,380,true],"tptn_thumbnail":["https:\/\/imagazine.it\/wp-content\/uploads\/2024\/01\/17989-1.webp",250,188,false],"sow-carousel-default":["https:\/\/imagazine.it\/wp-content\/uploads\/2024\/01\/17989-1-272x182.webp",272,182,true]},"rttpg_author":{"display_name":"redazione","author_link":"https:\/\/imagazine.it\/home_desk\/author\/redazione\/"},"rttpg_comment":0,"rttpg_category":"<a href=\"https:\/\/imagazine.it\/home_desk\/category\/societa\/\" rel=\"category tag\">SOCIET\u00c0<\/a>","rttpg_excerpt":"La proposta dell'Associazione Friuli Europa","_links":{"self":[{"href":"https:\/\/imagazine.it\/home_desk\/wp-json\/wp\/v2\/posts\/22682","targetHints":{"allow":["GET"]}}],"collection":[{"href":"https:\/\/imagazine.it\/home_desk\/wp-json\/wp\/v2\/posts"}],"about":[{"href":"https:\/\/imagazine.it\/home_desk\/wp-json\/wp\/v2\/types\/post"}],"author":[{"embeddable":true,"href":"https:\/\/imagazine.it\/home_desk\/wp-json\/wp\/v2\/users\/28"}],"replies":[{"embeddable":true,"href":"https:\/\/imagazine.it\/home_desk\/wp-json\/wp\/v2\/comments?post=22682"}],"version-history":[{"count":0,"href":"https:\/\/imagazine.it\/home_desk\/wp-json\/wp\/v2\/posts\/22682\/revisions"}],"wp:featuredmedia":[{"embeddable":true,"href":"https:\/\/imagazine.it\/home_desk\/wp-json\/wp\/v2\/media\/22683"}],"wp:attachment":[{"href":"https:\/\/imagazine.it\/home_desk\/wp-json\/wp\/v2\/media?parent=22682"}],"wp:term":[{"taxonomy":"category","embeddable":true,"href":"https:\/\/imagazine.it\/home_desk\/wp-json\/wp\/v2\/categories?post=22682"},{"taxonomy":"post_tag","embeddable":true,"href":"https:\/\/imagazine.it\/home_desk\/wp-json\/wp\/v2\/tags?post=22682"}],"curies":[{"name":"wp","href":"https:\/\/api.w.org\/{rel}","templated":true}]}}