{"id":22612,"date":"2017-02-07T00:00:00","date_gmt":"2017-02-06T23:00:00","guid":{"rendered":"https:\/\/imagazine.it\/?p=22612"},"modified":"2017-02-07T00:00:00","modified_gmt":"2017-02-06T23:00:00","slug":"a-gorizia-ritorna-expomego","status":"publish","type":"post","link":"https:\/\/imagazine.it\/home_desk\/a-gorizia-ritorna-expomego\/","title":{"rendered":"A Gorizia ritorna Expomego"},"content":{"rendered":"<p>A poco pi\u00f9 di una \u00a0settimana dall\u2019apertura della 45^ edizione, fissata per gioved\u00ec 19 febbraio,\u00a0 Expomego \u00e8 stata presentata nella Camera di Commercio di Gorizia nel corso della conferenza stampa nella quale sono intervenuti <strong>Luisa De Marco<\/strong>, presidente di Udine Gorizia Fiere; \u00a0<strong>Gianluca Madriz<\/strong>, vicepresidente della Camera di Commercio della Venezia Giulia; <strong>Ettore Romoli<\/strong>, sindaco di Gorizia e <strong>Tina Gerbec,<\/strong> neo direttrice della Camera Regionale Imprenditoria Artigiana di Nova Gorica.<\/p>\n<p>Saranno oltre 150 gli espositori che occuperanno i padiglioni e le aree esterne del quartiere fieristico di via della Barca, suddivisi nei macro settori espositivi di arredamento, artigianato, casalinghi e corredo casa, edilizia, materiali e sistemi per il risparmio energetico, serramenti, stufe e caminetti, con focus espositivo dedicato alla promozione turistica ed enogastronomica della Valle dell\u2019Isonzo, Valle del Vipacco e del Carso.<\/p>\n<p>\u00abExpomego non \u00e8 solo un\u2019occasione di collaborazione transfrontaliera tra istituzioni \u2013 ha commentato De Marco \u2013 ma soprattutto un evento promozionale importante per le imprese che in fiera possono creare relazioni commerciali con un pubblico vasto, composto da italiani e sloveni\u00bb.<\/p>\n<p>\u00abAnche quest&#39; anno \u2013 ha precisato Tina Gerbec \u2013 la maggior parte degli espositori sloveni proviene dalla Gori\u0161ka e dai territori che si trovano lungo il confine con l\u2019Italia: a esporre sono pi\u00f9 di 40 tra artigiani, \u00a0imprenditori, produttori agricoli e operatori turistici. A prevalere sono le imprese del settore dei serramenti, del materiale edilizio, dei tendaggi, pavimenti in legno e del settore automobilistico\u00bb.<\/p>\n<p>Come \u00e8 ormai tradizione,\u00a0 la Camera di Nova Gorica organizzer\u00e0, con il supporto del Comune di Nova Gorica, \u00a0l&#39;evento <em>\u00bbGori\u0161ki dan\u00ab,<\/em> in programma per gioved\u00ec 16 febbraio, \u00a0subito dopo subito dopo l&#39;apertura ufficiale di Expomego.<\/p>\n<p>Il progetto di collaborazione \u00e8 sostenuto anche dai Comuni della zona sulla quale opera la Camera dell\u2019artigianato di Nova Gorica: il\u00a0 Comune di Nova Gorica,\u00a0 il Comune di \u0160empeter-Vrtojba, il Comune di Kanal, \u00a0il Comune di Miren-Kostanjevica e il Comune di Ren\u010de-Vogrsko oltre alle istituzioni che rappresentano e promuovono il turismo del territorio dei Comuni citati. Inoltre sono presenti le istituzioni territoriali dell\u2019Isonzo : LTO Soto\u010dje (Tolmin, Bovec, Kobarid), Vipavska dolina (Ajdov\u0161\u010dina, Vipava) e Carso (Komen).<\/p>\n<p>Aperta al pubblico da gioved\u00ec 16 a domenica 19 febbraio con ingresso libero, Expomego \u00a0sar\u00e0 inaugurata gioved\u00ec 16 febbraio, alle ore 17.30, nel padiglione D.<\/p>\n<p>Il taglio del nastro della 45^ edizione sar\u00e0 accompagnato dal \u201ctaglio\u201d dello Strudel ed \u00e8 proprio questo dolce dalla storia pluricentenaria il protagonista dello <em>Special Event 2017<\/em> per conoscerne le origini, le contaminazioni, le varianti culturali e anche le ricette per la preparazione. Non mancheranno i momenti nei quali la teoria si unir\u00e0 alla pratica, come nella conferenza sulla storia dello Strudel seguita dalla degustazione guidata di diverse ricette di strudel: appuntamento in agenda venerd\u00ec 17 febbraio, alle ore 17, nel \u00a0padiglione D, con la partecipazione di <strong>Roberto Zottar<\/strong>,\u00a0 Delegato per la Provincia di Gorizia dell\u2019Accademia Italiana della Cucina e di ristoratori italiani e sloveni tra i quali <strong>Sonia Stekar<\/strong>.<\/p>\n<p>\u00a0<\/p>\n<p><strong>Tra gli eventi collaterali di Expomego 2017 \u2013 padiglione D:<\/strong><\/p>\n<p>\u00a0<\/p>\n<ul>\n<li>45 edizioni per Expomego e 5^ edizione per il <strong>Festival Internazionale del Goulash<\/strong> che nel padiglione D arricchir\u00e0 l\u2019offerta gastronomica con assaggi, degustazioni e invitanti \u201cconfronti\u201d fra la <strong>ricetta goriziana<\/strong> (goulash con patate), la <strong>ricetta slovena<\/strong> (goulash con <em>cmoki<\/em>, che altro non sono che una specie di canederli) e quella <strong>ungherese <\/strong>(goulash con <em>sp\u00e4tzle<\/em><em>)<strong>.<\/strong><\/em><\/li>\n<li><strong>\u201cGorizia ai tempi della Grande Guerra\u201d: <\/strong>mostra collettiva curata dal Centro Culturale Tullio Crali<\/li>\n<\/ul>\n<p style=\"margin-left:36.0pt;\">\u00a0<\/p>\n<ul>\n<li><strong>Laboratori creativi\u00a0 <\/strong>e dimostrazioni nell\u2019arte del merletto, della ceramica, dell\u2019intaglio e del restauro del legno, della pittura, del macram\u00e8 e delle scarlesche a cura dell\u2019Universit\u00e0 della terza Et\u00e0 di Gorizia<\/li>\n<\/ul>\n<p align=\"center\">\u00a0<\/p>\n<p><strong><u>Orario al pubblico per visitare Expomego:<\/u>\u00a0<\/strong>gioved\u00ec 16 venerd\u00ec 17 febbraio dalle ore 15 alle 20; sabato 18 e domenica 19 febbraio dalle ore 10 alle 20. Festival del Goulash aperto ogni giorno fino alle 22. Info: <strong><a href=\"http:\/\/www.udinegoriziafiere.it\/\" target=\"_blank\" rel=\"noopener\">www.udinegoriziafiere.it<\/a> <\/strong><\/p>\n","protected":false},"excerpt":{"rendered":"<p>Presentata la 45^ edizione<\/p>\n","protected":false},"author":28,"featured_media":22613,"comment_status":"closed","ping_status":"closed","sticky":false,"template":"","format":"standard","meta":{"dwc-title":[],"dwc-content":[],"footnotes":""},"categories":[8],"tags":[],"class_list":["post-22612","post","type-post","status-publish","format-standard","has-post-thumbnail","hentry","category-turismo"],"rttpg_featured_image_url":{"full":["https:\/\/imagazine.it\/wp-content\/uploads\/2024\/01\/17869-1.webp",750,500,false],"landscape":["https:\/\/imagazine.it\/wp-content\/uploads\/2024\/01\/17869-1.webp",750,500,false],"portraits":["https:\/\/imagazine.it\/wp-content\/uploads\/2024\/01\/17869-1.webp",750,500,false],"thumbnail":["https:\/\/imagazine.it\/wp-content\/uploads\/2024\/01\/17869-1-150x150.webp",150,150,true],"medium":["https:\/\/imagazine.it\/wp-content\/uploads\/2024\/01\/17869-1-300x200.webp",300,200,true],"large":["https:\/\/imagazine.it\/wp-content\/uploads\/2024\/01\/17869-1.webp",640,427,false],"thumblist":["https:\/\/imagazine.it\/wp-content\/uploads\/2024\/01\/17869-1.webp",300,200,false],"thumbrelated":["https:\/\/imagazine.it\/wp-content\/uploads\/2024\/01\/17869-1.webp",500,333,false],"meccarouselthumb":["https:\/\/imagazine.it\/wp-content\/uploads\/2024\/01\/17869-1.webp",474,316,false],"gridsquare":["https:\/\/imagazine.it\/wp-content\/uploads\/2024\/01\/17869-1.webp",391,260,false],"tileview":["https:\/\/imagazine.it\/wp-content\/uploads\/2024\/01\/17869-1.webp",300,200,false],"1536x1536":["https:\/\/imagazine.it\/wp-content\/uploads\/2024\/01\/17869-1.webp",750,500,false],"2048x2048":["https:\/\/imagazine.it\/wp-content\/uploads\/2024\/01\/17869-1.webp",750,500,false],"newsup-slider-full":["https:\/\/imagazine.it\/wp-content\/uploads\/2024\/01\/17869-1.webp",750,500,false],"newsup-featured":["https:\/\/imagazine.it\/wp-content\/uploads\/2024\/01\/17869-1.webp",750,500,false],"newsup-medium":["https:\/\/imagazine.it\/wp-content\/uploads\/2024\/01\/17869-1-720x380.webp",720,380,true],"tptn_thumbnail":["https:\/\/imagazine.it\/wp-content\/uploads\/2024\/01\/17869-1.webp",250,167,false],"sow-carousel-default":["https:\/\/imagazine.it\/wp-content\/uploads\/2024\/01\/17869-1-272x182.webp",272,182,true]},"rttpg_author":{"display_name":"redazione","author_link":"https:\/\/imagazine.it\/home_desk\/author\/redazione\/"},"rttpg_comment":0,"rttpg_category":"<a href=\"https:\/\/imagazine.it\/home_desk\/category\/turismo\/\" rel=\"category tag\">TURISMO<\/a>","rttpg_excerpt":"Presentata la 45^ edizione","_links":{"self":[{"href":"https:\/\/imagazine.it\/home_desk\/wp-json\/wp\/v2\/posts\/22612","targetHints":{"allow":["GET"]}}],"collection":[{"href":"https:\/\/imagazine.it\/home_desk\/wp-json\/wp\/v2\/posts"}],"about":[{"href":"https:\/\/imagazine.it\/home_desk\/wp-json\/wp\/v2\/types\/post"}],"author":[{"embeddable":true,"href":"https:\/\/imagazine.it\/home_desk\/wp-json\/wp\/v2\/users\/28"}],"replies":[{"embeddable":true,"href":"https:\/\/imagazine.it\/home_desk\/wp-json\/wp\/v2\/comments?post=22612"}],"version-history":[{"count":0,"href":"https:\/\/imagazine.it\/home_desk\/wp-json\/wp\/v2\/posts\/22612\/revisions"}],"wp:featuredmedia":[{"embeddable":true,"href":"https:\/\/imagazine.it\/home_desk\/wp-json\/wp\/v2\/media\/22613"}],"wp:attachment":[{"href":"https:\/\/imagazine.it\/home_desk\/wp-json\/wp\/v2\/media?parent=22612"}],"wp:term":[{"taxonomy":"category","embeddable":true,"href":"https:\/\/imagazine.it\/home_desk\/wp-json\/wp\/v2\/categories?post=22612"},{"taxonomy":"post_tag","embeddable":true,"href":"https:\/\/imagazine.it\/home_desk\/wp-json\/wp\/v2\/tags?post=22612"}],"curies":[{"name":"wp","href":"https:\/\/api.w.org\/{rel}","templated":true}]}}