{"id":22552,"date":"2017-01-31T00:00:00","date_gmt":"2017-01-30T23:00:00","guid":{"rendered":"https:\/\/imagazine.it\/?p=22552"},"modified":"2017-01-31T00:00:00","modified_gmt":"2017-01-30T23:00:00","slug":"turismo-nautico-il-mercato-internazionale-punta-sul-fvg","status":"publish","type":"post","link":"https:\/\/imagazine.it\/home_desk\/turismo-nautico-il-mercato-internazionale-punta-sul-fvg\/","title":{"rendered":"Turismo nautico, il mercato internazionale punta sul FVG"},"content":{"rendered":"<p>La Rete di 19 Marine del FVG, che si \u00e8 presentata al pubblico internazionale alla recente Boot D\u00fcsseldorf presso lo stand regionale di <strong>Promoturismo FVG<\/strong>, ha avuto una calorosa accoglienza dai visitatori e dagli operatori.<\/p>\n<p>La scelta di \u201cfare rete\u201d sembra aver pagato, come sottolinea <strong>Gennaro Coretti<\/strong>, Amministratore per l\u2019area di Grado: \u201cFVG Marinas a D\u00fcsseldorf \u00e8 stata <strong>la rete d&#39;impresa italiana con la presenza pi\u00f9 massiccia<\/strong> e, in rapporto alla piccola regione di provenienza, ha dimostrato una vocazione nautica molto accentuata. Basta pensare al rapporto tra le marine (19) e i residenti: solo 1,2 milioni. La nostra Rete \u00e8 in grado di offrire al diportista circa 7.000 posti barca dai 7 ai 100 metri di lunghezza e la regione Friuli Venezia Giulia ha attestato di essere meta turistica d\u2019eccellenza\u201d.<\/p>\n<p>\u201cSiamo soddisfatti &#8211; gli fa eco <strong>Fortunato Moratto<\/strong>, Amministratore per l\u2019area di San Giorgio di Nogaro, Marano e Stella &#8211; del flusso di visitatori allo stand tra i quali soprattutto tedeschi, austriaci, olandesi e qualche belga, alcuni stimolati a trasferire la propria barca nei Marina della Rete dopo aver toccato con mano la nostra offerta. La vetrina della fiera ci ha permesso di dare al pubblico pi\u00f9 ampio tutte le informazioni sui singoli Marina e le varie aree di appartenenza, sia in termini di accoglienza che di potenzialit\u00e0 del territorio, mettendoci a confronto con i vari competitors degli stati limitrofi come Slovenia, Croazia, Montenegro e Grecia\u201d.<\/p>\n<p>I visitatori allo stand di Boot D\u00fcsseldorf hanno avuto anche un primo \u201cassaggio\u201d della professionalit\u00e0 e accoglienza dei Marina, grazie al personale presente allo Stand, composto dai dipendenti dei Marina, che hanno fornito informazioni sulla Rete e il territorio.<\/p>\n<p>Per molti, si \u00e8 trattato della scoperta delle potenzialit\u00e0 di una zona dalla forte vocazione turistica, con marine che offrono qualsiasi tipo di svago (ristoranti, piscine, campi giochi per bambini e famiglia, golf e sport acquatici) e cantieri di rimessaggio con alta qualit\u00e0 di lavorazione.<\/p>\n<p>Il prossimo appuntamento internazionale di Rete FVG Marinas \u00e8 previsto a <strong>Tulln in Austria<\/strong>, per la fiera nautica che si svolger\u00e0 <strong>dal 2 al 5 marzo<\/strong>.<\/p>\n<p>Ecco dove trovare i 19 Marina membri della Rete FVG Marinas (info <a href=\"http:\/\/www.fvgmarinas.com\/\" target=\"_blank\" rel=\"noopener\">www.fvgmarinas.com<\/a>):<\/p>\n<p>&#8211; <strong>Lignano Sabbiadoro e Aprilia Marittima:<\/strong> Porto Turistico Marina Uno, Marina Punta Faro, Marina Punta Gabbiani, Marina Punta Verde, Darsena Porto Vecchio, Dry Marina Aprilia Marittima 2000, Marina Stella;<\/p>\n<p>&#8211; <strong>San Giorgio di Nogaro, laguna di Marano e fiume Stella:<\/strong> Porto Maran, Marina Sant\u2019Andrea, Cantieri Marina San Giorgio, Marina Planais;<\/p>\n<p>&#8211; <strong>Grado:<\/strong> Darsena San Marco, Marina Primero, Porto San Vito;<\/p>\n<p>&#8211; <strong>Monfalcone:<\/strong> Marina Hannibal e Marina Lepanto;<\/p>\n<p>&#8211; <strong>Trieste e costa triestina: <\/strong>Marina Portopiccolo, Porto San Rocco, Marina San Giusto.<\/p>\n","protected":false},"excerpt":{"rendered":"<p>Risultati positivi per la Rete Marinas<\/p>\n","protected":false},"author":28,"featured_media":22553,"comment_status":"closed","ping_status":"closed","sticky":false,"template":"","format":"standard","meta":{"dwc-title":[],"dwc-content":[],"footnotes":""},"categories":[8],"tags":[],"class_list":["post-22552","post","type-post","status-publish","format-standard","has-post-thumbnail","hentry","category-turismo"],"rttpg_featured_image_url":{"full":["https:\/\/imagazine.it\/wp-content\/uploads\/2024\/01\/17765-1.webp",750,422,false],"landscape":["https:\/\/imagazine.it\/wp-content\/uploads\/2024\/01\/17765-1.webp",750,422,false],"portraits":["https:\/\/imagazine.it\/wp-content\/uploads\/2024\/01\/17765-1.webp",750,422,false],"thumbnail":["https:\/\/imagazine.it\/wp-content\/uploads\/2024\/01\/17765-1-150x150.webp",150,150,true],"medium":["https:\/\/imagazine.it\/wp-content\/uploads\/2024\/01\/17765-1-300x169.webp",300,169,true],"large":["https:\/\/imagazine.it\/wp-content\/uploads\/2024\/01\/17765-1.webp",640,360,false],"thumblist":["https:\/\/imagazine.it\/wp-content\/uploads\/2024\/01\/17765-1.webp",300,169,false],"thumbrelated":["https:\/\/imagazine.it\/wp-content\/uploads\/2024\/01\/17765-1.webp",500,281,false],"meccarouselthumb":["https:\/\/imagazine.it\/wp-content\/uploads\/2024\/01\/17765-1.webp",474,267,false],"gridsquare":["https:\/\/imagazine.it\/wp-content\/uploads\/2024\/01\/17765-1.webp",391,220,false],"tileview":["https:\/\/imagazine.it\/wp-content\/uploads\/2024\/01\/17765-1.webp",300,169,false],"1536x1536":["https:\/\/imagazine.it\/wp-content\/uploads\/2024\/01\/17765-1.webp",750,422,false],"2048x2048":["https:\/\/imagazine.it\/wp-content\/uploads\/2024\/01\/17765-1.webp",750,422,false],"newsup-slider-full":["https:\/\/imagazine.it\/wp-content\/uploads\/2024\/01\/17765-1.webp",750,422,false],"newsup-featured":["https:\/\/imagazine.it\/wp-content\/uploads\/2024\/01\/17765-1.webp",750,422,false],"newsup-medium":["https:\/\/imagazine.it\/wp-content\/uploads\/2024\/01\/17765-1-720x380.webp",720,380,true],"tptn_thumbnail":["https:\/\/imagazine.it\/wp-content\/uploads\/2024\/01\/17765-1.webp",250,141,false],"sow-carousel-default":["https:\/\/imagazine.it\/wp-content\/uploads\/2024\/01\/17765-1-272x182.webp",272,182,true]},"rttpg_author":{"display_name":"redazione","author_link":"https:\/\/imagazine.it\/home_desk\/author\/redazione\/"},"rttpg_comment":0,"rttpg_category":"<a href=\"https:\/\/imagazine.it\/home_desk\/category\/turismo\/\" rel=\"category tag\">TURISMO<\/a>","rttpg_excerpt":"Risultati positivi per la Rete Marinas","_links":{"self":[{"href":"https:\/\/imagazine.it\/home_desk\/wp-json\/wp\/v2\/posts\/22552","targetHints":{"allow":["GET"]}}],"collection":[{"href":"https:\/\/imagazine.it\/home_desk\/wp-json\/wp\/v2\/posts"}],"about":[{"href":"https:\/\/imagazine.it\/home_desk\/wp-json\/wp\/v2\/types\/post"}],"author":[{"embeddable":true,"href":"https:\/\/imagazine.it\/home_desk\/wp-json\/wp\/v2\/users\/28"}],"replies":[{"embeddable":true,"href":"https:\/\/imagazine.it\/home_desk\/wp-json\/wp\/v2\/comments?post=22552"}],"version-history":[{"count":0,"href":"https:\/\/imagazine.it\/home_desk\/wp-json\/wp\/v2\/posts\/22552\/revisions"}],"wp:featuredmedia":[{"embeddable":true,"href":"https:\/\/imagazine.it\/home_desk\/wp-json\/wp\/v2\/media\/22553"}],"wp:attachment":[{"href":"https:\/\/imagazine.it\/home_desk\/wp-json\/wp\/v2\/media?parent=22552"}],"wp:term":[{"taxonomy":"category","embeddable":true,"href":"https:\/\/imagazine.it\/home_desk\/wp-json\/wp\/v2\/categories?post=22552"},{"taxonomy":"post_tag","embeddable":true,"href":"https:\/\/imagazine.it\/home_desk\/wp-json\/wp\/v2\/tags?post=22552"}],"curies":[{"name":"wp","href":"https:\/\/api.w.org\/{rel}","templated":true}]}}