{"id":22454,"date":"2017-01-20T00:00:00","date_gmt":"2017-01-19T23:00:00","guid":{"rendered":"https:\/\/imagazine.it\/?p=22454"},"modified":"2017-01-20T00:00:00","modified_gmt":"2017-01-19T23:00:00","slug":"trieste-nuovo-ambulatorio-iniezioni-in-piazza-sansovino","status":"publish","type":"post","link":"https:\/\/imagazine.it\/home_desk\/trieste-nuovo-ambulatorio-iniezioni-in-piazza-sansovino\/","title":{"rendered":"Trieste, nuovo ambulatorio iniezioni in piazza Sansovino"},"content":{"rendered":"<p>Inaugurato il nuovo ambulatorio iniezioni di piazza Sansovino a Trieste. L&#39;ambulatorio, realizzato grazie al contributo della Fondazione CRTrieste, nasce per\u00a0<strong>soddisfare la volont\u00e0 di colmare la mancanza di un servizio di iniezioni<\/strong>\u00a0in una zona ad alta densit\u00e0 residenziale.\u00a0Un numero elevato di anziani e persone che richiedono terapie assistenziali residenti in quest&#39;area di Trieste \u00e8 costretto a recarsi in pi\u00f9 distanti strutture per accedere ai servizi di cui necessitano.\u00a0<\/p>\n<p>Grazie a questo intervento di rinnovo dei locali, la Croce Rossa Italiana &#8211; Comitato di Trieste si\u00a0<strong>accinge a riprendere uno dei propri storici servizi infermieristici.<\/strong>\u00a0L\u2019ambulatorio, sito al piano terra della sede in piazza Sansovino 3, sar\u00e0 aperto,\u00a0<strong>a partire dal 23 gennaio<\/strong>, dal luned\u00ec al venerd\u00ec in orario 9-11.\u00a0<\/p>\n<p>Numerose le prestazioni ambulatoriali che il personale della Croce Rossa si adoperer\u00e0 a effettuare: terapia iniezioni intramuscolari (su prescrizione medica); medicazioni semplici (ferite, abrasioni, rimozione punti); medicazioni complesse; misurazione pressione arteriosa e frequenza cardiaca; misurazione della saturazione dell\u2019ossigeno non invasiva; misurazione glicemia.<\/p>\n<p>Sar\u00e0 inoltre possibile richiedere\u00a0<strong>ulteriori servizi previo contatto telefonico\u00a0<\/strong>di prenotazione, tra cui: terapia iniezioni e medicazioni a domicilio; trasporti infermi con ambulanza o taxi sanitario; ritiro e consegna farmaci a domicilio; consulenza pratiche sanitarie.\u00a0Per le persone in difficolt\u00e0 economica le prestazioni ambulatoriali e il servizio di consegna pasti a domicilio saranno gratuiti.\u00a0<\/p>\n<p>\u201cLa\u00a0<strong>Fondazione CRTrieste<\/strong>\u00a0\u2013 afferma il vicepresidente del Consiglio di Amministrazione della Fondazione CRTrieste <strong>Lucio Delcaro<\/strong> \u2013 ha supportato senza alcuna perplessit\u00e0 l\u2019iniziativa proposta dalla Croce Rossa Italiana-Comitato di Trieste.\u00a0Strutture di questo tipo aiutano i malati a ricevere le cure e le attenzioni necessarie\u00a0per migliorare la\u00a0propria salute e la qualit\u00e0 di vita. In effetti, in quest&#39;area di Trieste una struttura ambulatoriale che prestasse\u00a0quest&#39;ampia gamma di servizi\u00a0non era presente e grazie a questo intervento numerose persone potranno beneficiare di importanti cure&#8221;.<\/p>\n<p>&#8220;Oggi con questa inaugurazione<strong>\u00a0si realizza un sogno<\/strong>\u00a0iniziato pi\u00f9 di tre anni fa \u2013 sottolinea <strong>Marisa Pallini<\/strong>, presidente del Croce Rossa Italiana-Comitato di Trieste \u2013 quando per via email mi \u00e8 stata inviata una vecchia fotografia dell\u2019ambulatorio chiuso tantissimi anni fa. Il mio sogno e quello di tutto il Comitato CRI di Trieste si \u00e8 realizzato grazie alla sensibilit\u00e0 e alla disponibilit\u00e0 della Fondazione CRTrieste, che ha compreso la valenza di questo\u00a0<strong>progetto al servizio alla cittadinanza\u00a0<\/strong>tutta, ma in modo particolare delle persone in difficolt\u00e0. Quindi un grazie di cuore per il contributo essenziale e per aver creduto in noi dandoci la possibilit\u00e0 di riaprire questa struttura\u201d.<\/p>\n<p>\u201cA nome dell&#39;Amministrazione comunale di Trieste \u2013\u00a0dichiara l&#39;assessore alle Politiche Sociali, <strong>Carlo Grilli<\/strong> \u2013 non posso che esprimere il pi\u00f9<strong>\u00a0sincero apprezzamento per questo ennesimo virtuoso intervento\u00a0<\/strong>della Fondazione CRTrieste, su sollecitazione della Croce Rossa italiana di Trieste, che risponde all\u2019esigenza dei cittadini, soprattutto quelli pi\u00f9 fragili, di presidi sanitari primari facilmente accessibili: un risultato che discende da una\u00a0<strong>proficua e fattiva sinergia fra due prestigiose istituzioni\u00a0<\/strong>della nostra citt\u00e0, e che aggiunge un piccolo ma\u00a0<strong>importante tassello alla rete dei servizi\u00a0<\/strong>messi in campo dal Comune, dall&#39;Azienda sanitaria e dagli altri soggetti pubblici e privati\u00a0 del territorio che condividono l&#39;obiettivo del benessere della\u00a0 comunit\u00e0\u201d.<\/p>\n","protected":false},"excerpt":{"rendered":"<p>Operativo dal 23 gennaio<\/p>\n","protected":false},"author":28,"featured_media":22455,"comment_status":"closed","ping_status":"closed","sticky":false,"template":"","format":"standard","meta":{"dwc-title":[],"dwc-content":[],"footnotes":""},"categories":[5],"tags":[],"class_list":["post-22454","post","type-post","status-publish","format-standard","has-post-thumbnail","hentry","category-attualita"],"rttpg_featured_image_url":{"full":["https:\/\/imagazine.it\/wp-content\/uploads\/2024\/01\/17581-1.webp",750,473,false],"landscape":["https:\/\/imagazine.it\/wp-content\/uploads\/2024\/01\/17581-1.webp",750,473,false],"portraits":["https:\/\/imagazine.it\/wp-content\/uploads\/2024\/01\/17581-1.webp",750,473,false],"thumbnail":["https:\/\/imagazine.it\/wp-content\/uploads\/2024\/01\/17581-1-150x150.webp",150,150,true],"medium":["https:\/\/imagazine.it\/wp-content\/uploads\/2024\/01\/17581-1-300x189.webp",300,189,true],"large":["https:\/\/imagazine.it\/wp-content\/uploads\/2024\/01\/17581-1.webp",640,404,false],"thumblist":["https:\/\/imagazine.it\/wp-content\/uploads\/2024\/01\/17581-1.webp",300,189,false],"thumbrelated":["https:\/\/imagazine.it\/wp-content\/uploads\/2024\/01\/17581-1.webp",500,315,false],"meccarouselthumb":["https:\/\/imagazine.it\/wp-content\/uploads\/2024\/01\/17581-1.webp",474,299,false],"gridsquare":["https:\/\/imagazine.it\/wp-content\/uploads\/2024\/01\/17581-1.webp",391,247,false],"tileview":["https:\/\/imagazine.it\/wp-content\/uploads\/2024\/01\/17581-1.webp",300,189,false],"1536x1536":["https:\/\/imagazine.it\/wp-content\/uploads\/2024\/01\/17581-1.webp",750,473,false],"2048x2048":["https:\/\/imagazine.it\/wp-content\/uploads\/2024\/01\/17581-1.webp",750,473,false],"newsup-slider-full":["https:\/\/imagazine.it\/wp-content\/uploads\/2024\/01\/17581-1.webp",750,473,false],"newsup-featured":["https:\/\/imagazine.it\/wp-content\/uploads\/2024\/01\/17581-1.webp",750,473,false],"newsup-medium":["https:\/\/imagazine.it\/wp-content\/uploads\/2024\/01\/17581-1-720x380.webp",720,380,true],"tptn_thumbnail":["https:\/\/imagazine.it\/wp-content\/uploads\/2024\/01\/17581-1.webp",250,158,false],"sow-carousel-default":["https:\/\/imagazine.it\/wp-content\/uploads\/2024\/01\/17581-1-272x182.webp",272,182,true]},"rttpg_author":{"display_name":"redazione","author_link":"https:\/\/imagazine.it\/home_desk\/author\/redazione\/"},"rttpg_comment":0,"rttpg_category":"<a href=\"https:\/\/imagazine.it\/home_desk\/category\/attualita\/\" rel=\"category tag\">ATTUALIT\u00c0<\/a>","rttpg_excerpt":"Operativo dal 23 gennaio","_links":{"self":[{"href":"https:\/\/imagazine.it\/home_desk\/wp-json\/wp\/v2\/posts\/22454","targetHints":{"allow":["GET"]}}],"collection":[{"href":"https:\/\/imagazine.it\/home_desk\/wp-json\/wp\/v2\/posts"}],"about":[{"href":"https:\/\/imagazine.it\/home_desk\/wp-json\/wp\/v2\/types\/post"}],"author":[{"embeddable":true,"href":"https:\/\/imagazine.it\/home_desk\/wp-json\/wp\/v2\/users\/28"}],"replies":[{"embeddable":true,"href":"https:\/\/imagazine.it\/home_desk\/wp-json\/wp\/v2\/comments?post=22454"}],"version-history":[{"count":0,"href":"https:\/\/imagazine.it\/home_desk\/wp-json\/wp\/v2\/posts\/22454\/revisions"}],"wp:featuredmedia":[{"embeddable":true,"href":"https:\/\/imagazine.it\/home_desk\/wp-json\/wp\/v2\/media\/22455"}],"wp:attachment":[{"href":"https:\/\/imagazine.it\/home_desk\/wp-json\/wp\/v2\/media?parent=22454"}],"wp:term":[{"taxonomy":"category","embeddable":true,"href":"https:\/\/imagazine.it\/home_desk\/wp-json\/wp\/v2\/categories?post=22454"},{"taxonomy":"post_tag","embeddable":true,"href":"https:\/\/imagazine.it\/home_desk\/wp-json\/wp\/v2\/tags?post=22454"}],"curies":[{"name":"wp","href":"https:\/\/api.w.org\/{rel}","templated":true}]}}