{"id":21091,"date":"2016-12-27T00:00:00","date_gmt":"2016-12-26T23:00:00","guid":{"rendered":"https:\/\/imagazine.it\/?p=21091"},"modified":"2016-12-27T00:00:00","modified_gmt":"2016-12-26T23:00:00","slug":"conservare-il-patrimonio-culturale-italiano-nellex-jugoslavia","status":"publish","type":"post","link":"https:\/\/imagazine.it\/home_desk\/conservare-il-patrimonio-culturale-italiano-nellex-jugoslavia\/","title":{"rendered":"Conservare il patrimonio culturale italiano nell&#8217;ex Jugoslavia"},"content":{"rendered":"<p>L\u2019Universit\u00e0 Popolare di Trieste, per la prima volta nella sua storia, lancia un bando per l\u2019esecuzione dei progetti finanziati dalla Regione Friuli Venezia Giulia volti a promuovere la conservazione e lo sviluppo del patrimonio culturale e linguistico del gruppo etnico italiano dei Paesi della ex Jugoslavia e i rapporti dello stesso gruppo con la nazione italiana.<\/p>\n<p>\u201cUn passo importante \u2013 afferma il presidente dell\u2019Ente morale, <strong>Fabrizio Somma<\/strong>, sottolineando che l\u2019erogazione dei fondi sar\u00e0 decisa in base a proposte progettuali e non pi\u00f9 \u201ca pioggia\u201d \u2013 verso la massima trasparenza nella valutazione e selezione delle iniziative, in linea con il regolamento della Regione, con la cui Direzione Centrale Cultura, Sport e Solidariet\u00e0 abbiamo condiviso il percorso per la redazione del bando (ai sensi dell\u2019Art.27 bis della Legge Regionale 11 agosto 2014). Un percorso \u2013 spiega Somma \u2013 iniziato con la Convenzione sottoscritta dalla Regione FVG e dall\u2019Ente lo scorso 14 giugno e che delega all\u2019Universit\u00e0 Popolare di Trieste l\u2019esercizio delle funzioni amministrative relative agli interventi contributivi\u201d.<\/p>\n<p>Il sostegno finanziario da parte dell\u2019Amministrazione regionale \u2013 si legge nel bando (disponibile sul sito dell\u2019Universit\u00e0 Popolare di Trieste all\u2019indirizzo <a href=\"http:\/\/www.unipoptrieste.it\" target=\"_blank\" rel=\"noopener\">www.unipoptrieste.it<\/a>) \u2013 comporter\u00e0 per l\u2019anno 2017 un ammontare complessivo di 510.000 euro (al netto delle spese di gestione), finalizzato al funzionamento e allo sviluppo di interventi promossi dall\u2019Upt e volti principalmente alle seguenti attivit\u00e0 progettuali: grandi eventi artistici culturali e socio economici; concessione di borse di studio e di borse-libro; fornitura di libri, giornali, periodici, mezzi e materiali audiovisivi, sussidi didattici; organizzazione di corsi, seminari, congressi, convegni e conferenze; organizzazione di viaggi di istruzione e di studio; rappresentazione e scambio di spettacoli musicali, di prosa e folcloristici; proiezione di film e documentari; organizzazione di mostre d\u2019arte; concessione di premi per l\u2019arte e la cultura; pubblicazione di opere, saggi, studi; messa a disposizione in rete del materiale documentale concernente le attivit\u00e0 di studio e gli interventi proposti; ogni altra utile iniziativa per lo sviluppo del gruppo etnico italiano nei dei Paesi della ex Jugoslavia e per la tutela del suo patrimonio culturale e linguistico.<\/p>\n<p>I soggetti interessati a partecipare al bando dovranno presentare domande entro il termine improrogabile del 15 febbraio 2017 e la valutazione delle stesse sar\u00e0 a cura di una Commissione indetta dall\u2019Universit\u00e0 Popolare di Trieste sulla base di una serie di precisi criteri quali, ad esempio, la qualit\u00e0 delle proposte culturali e il grado di innovativit\u00e0 delle stesse, la rilevanza territoriale, l\u2019ottimizzazione delle risorse, nonch\u00e9 la spesa storica su finanziamenti regionali destinata ai singoli soggetti rappresentativi. Sar\u00e0 compito dell\u2019Universit\u00e0 Popolare di Trieste stipulare poi delle specifiche convezioni con i diversi soggetti destinatari dei finanziamenti, nelle quali saranno indicati l\u2019ammontare dell\u2019incentivo, le attivit\u00e0 previste ed eventuali vincoli di rendicontazione.<\/p>\n","protected":false},"excerpt":{"rendered":"<p>Bando dell&#8217;Universit\u00e0 popolare di Trieste<\/p>\n","protected":false},"author":28,"featured_media":21092,"comment_status":"closed","ping_status":"closed","sticky":false,"template":"","format":"standard","meta":{"dwc-title":[],"dwc-content":[],"footnotes":""},"categories":[5],"tags":[],"class_list":["post-21091","post","type-post","status-publish","format-standard","has-post-thumbnail","hentry","category-attualita"],"rttpg_featured_image_url":{"full":["https:\/\/imagazine.it\/wp-content\/uploads\/2024\/01\/17256-1.webp",750,432,false],"landscape":["https:\/\/imagazine.it\/wp-content\/uploads\/2024\/01\/17256-1.webp",750,432,false],"portraits":["https:\/\/imagazine.it\/wp-content\/uploads\/2024\/01\/17256-1.webp",750,432,false],"thumbnail":["https:\/\/imagazine.it\/wp-content\/uploads\/2024\/01\/17256-1-150x150.webp",150,150,true],"medium":["https:\/\/imagazine.it\/wp-content\/uploads\/2024\/01\/17256-1-300x173.webp",300,173,true],"large":["https:\/\/imagazine.it\/wp-content\/uploads\/2024\/01\/17256-1.webp",640,369,false],"thumblist":["https:\/\/imagazine.it\/wp-content\/uploads\/2024\/01\/17256-1.webp",300,173,false],"thumbrelated":["https:\/\/imagazine.it\/wp-content\/uploads\/2024\/01\/17256-1.webp",500,288,false],"meccarouselthumb":["https:\/\/imagazine.it\/wp-content\/uploads\/2024\/01\/17256-1.webp",474,273,false],"gridsquare":["https:\/\/imagazine.it\/wp-content\/uploads\/2024\/01\/17256-1.webp",391,225,false],"tileview":["https:\/\/imagazine.it\/wp-content\/uploads\/2024\/01\/17256-1.webp",300,173,false],"1536x1536":["https:\/\/imagazine.it\/wp-content\/uploads\/2024\/01\/17256-1.webp",750,432,false],"2048x2048":["https:\/\/imagazine.it\/wp-content\/uploads\/2024\/01\/17256-1.webp",750,432,false],"newsup-slider-full":["https:\/\/imagazine.it\/wp-content\/uploads\/2024\/01\/17256-1.webp",750,432,false],"newsup-featured":["https:\/\/imagazine.it\/wp-content\/uploads\/2024\/01\/17256-1.webp",750,432,false],"newsup-medium":["https:\/\/imagazine.it\/wp-content\/uploads\/2024\/01\/17256-1-720x380.webp",720,380,true],"tptn_thumbnail":["https:\/\/imagazine.it\/wp-content\/uploads\/2024\/01\/17256-1.webp",250,144,false],"sow-carousel-default":["https:\/\/imagazine.it\/wp-content\/uploads\/2024\/01\/17256-1-272x182.webp",272,182,true]},"rttpg_author":{"display_name":"redazione","author_link":"https:\/\/imagazine.it\/home_desk\/author\/redazione\/"},"rttpg_comment":0,"rttpg_category":"<a href=\"https:\/\/imagazine.it\/home_desk\/category\/attualita\/\" rel=\"category tag\">ATTUALIT\u00c0<\/a>","rttpg_excerpt":"Bando dell'Universit\u00e0 popolare di Trieste","_links":{"self":[{"href":"https:\/\/imagazine.it\/home_desk\/wp-json\/wp\/v2\/posts\/21091","targetHints":{"allow":["GET"]}}],"collection":[{"href":"https:\/\/imagazine.it\/home_desk\/wp-json\/wp\/v2\/posts"}],"about":[{"href":"https:\/\/imagazine.it\/home_desk\/wp-json\/wp\/v2\/types\/post"}],"author":[{"embeddable":true,"href":"https:\/\/imagazine.it\/home_desk\/wp-json\/wp\/v2\/users\/28"}],"replies":[{"embeddable":true,"href":"https:\/\/imagazine.it\/home_desk\/wp-json\/wp\/v2\/comments?post=21091"}],"version-history":[{"count":0,"href":"https:\/\/imagazine.it\/home_desk\/wp-json\/wp\/v2\/posts\/21091\/revisions"}],"wp:featuredmedia":[{"embeddable":true,"href":"https:\/\/imagazine.it\/home_desk\/wp-json\/wp\/v2\/media\/21092"}],"wp:attachment":[{"href":"https:\/\/imagazine.it\/home_desk\/wp-json\/wp\/v2\/media?parent=21091"}],"wp:term":[{"taxonomy":"category","embeddable":true,"href":"https:\/\/imagazine.it\/home_desk\/wp-json\/wp\/v2\/categories?post=21091"},{"taxonomy":"post_tag","embeddable":true,"href":"https:\/\/imagazine.it\/home_desk\/wp-json\/wp\/v2\/tags?post=21091"}],"curies":[{"name":"wp","href":"https:\/\/api.w.org\/{rel}","templated":true}]}}