{"id":20919,"date":"2016-11-23T00:00:00","date_gmt":"2016-11-22T23:00:00","guid":{"rendered":"https:\/\/imagazine.it\/?p=20919"},"modified":"2016-11-23T00:00:00","modified_gmt":"2016-11-22T23:00:00","slug":"una-fondazione-per-sostenere-i-disabili-senza-famiglia","status":"publish","type":"post","link":"https:\/\/imagazine.it\/home_desk\/una-fondazione-per-sostenere-i-disabili-senza-famiglia\/","title":{"rendered":"Una Fondazione per sostenere i disabili senza famiglia"},"content":{"rendered":"<p>Garantire una vecchiaia serena alle persone con disabilit\u00e0 e alle famiglie fornendo un supporto al percorso di vita. Questo l\u2019obiettivo del progetto \u201cDopo di Noi\u201d, presentato a Trieste dall\u2019assessore \u00a0comunale ai Servizi e alle Politiche Sociali <strong>Carlo Grilli<\/strong>.<\/p>\n<p>Le prime fasi esplorative del progetto Fondazione di Partecipazione \u201cDopo di noi\u201d sono state avviate gi\u00e0 dallo stesso Grilli nel 2011, e lo staff della Direzione d\u2019Area, in coordinamento con l&#39;ASP Itis e la Fondazione Filantropica Ananian, ne ha curato la complessa attivit\u00e0 istruttoria, arrivando alla stesura dello statuto e dell&#39;atto costitutivo. \u201cDall&#39;analisi \u2013 ha spiegato Grilli &#8211; \u00e8 emersa l&#39;opportunit\u00e0 della costituzione di una fondazione di natura privatistica, in quanto Ente dotato di maggior celerit\u00e0 operativa, e a tal fine sia il capitale conferito alla Fondazione che i componenti del consiglio di amministrazione devono essere in maggioranza privati. Lo stato di attuazione del procedimento per la costituzione della Fondazione di Partecipazione \u00e8 considerato come possibile nuovo modello per l\u2019organizzazione e la gestione dei servizi dedicati alle persone con disabilit\u00e0, sia in quelle situazioni in cui la famiglia \u00e8 presente ma non \u00e8 in grado, per svariate ragioni, di far fronte efficacemente a tutte le attivit\u00e0 di cui la persona necessita, sia in prospettiva futura, per garantire un&#39;assistenza adeguata alle persone con disabilit\u00e0 rimaste prive del sostegno della propria rete familiare\u201d.\u00a0<\/p>\n<p>La legge regionale prevede che, ai fini del riconoscimento della personalit\u00e0 giuridica di diritto privato, le fondazioni debbano disporre di un fondo di dotazione iniziale non inferiore a\u00a0 300.000 euro o, in alternativa, disporre di un patrimonio iniziale di almeno 100.000 euro, e avere fra i fondatori uno o pi\u00f9 soggetti pubblici, che si impegnano a contribuire al fondo di gestione con almeno 50.000 euro annui per cinque anni, pertanto <strong>sar\u00e0 indetta una procedura pubblica di raccolta di manifestazioni di interesse,<\/strong> volta a individuare ulteriori soggetti fondatori, privati e pubblici, che si rendano disponibili a investire risorse finanziarie nel progetto condiviso con il Comune e con gli altri Enti che hanno collaborato al percorso progettuale (in particolare l&#39;ASP Itis e la Fondazione Filantropica Ananian). \u00a0La procedura \u00e8 in via di pubblicazione e si concluder\u00e0 entro il termine del 31dicembre prossimo.<\/p>\n<p>Alla conferenza stampa, a cui sono intervenuti il direttore di Area <strong>Mauro Silla<\/strong> con il direttore di Servizio <strong>Luigi Leonardi<\/strong>, hanno partecipato numerosi rappresentanti dei soggetti che hanno fornito il proprio contributo di know-how alla complessa attivit\u00e0 istruttoria del lungo percorso progettuale e hanno espresso grande soddisfazione e convinta adesione al progetto:\u00a0 <strong>Vincenzo Zoccano<\/strong>, presidente della Consulta Regionale delle Associazioni dei Disabili FVG, <strong>Elena Weber<\/strong>, direttore generale dell\u2019Istituto Regionale Rittmeyer per i Ciechi, <strong>Gianni Ferin<\/strong> presidente dell\u2019Associazione di Volontariato IL Cenacolo, <strong>Maurizio Pessato<\/strong>, presidente del C.E.S.T. Trieste Onlus, <strong>Claudia Marsilio Zacchigna<\/strong> presidente dell\u2019A.I.A.S. Trieste Onlus, <strong>Cristiano Cozzolino<\/strong>, presidente ACLI Provinciali di Trieste &#8211; Associazioni Cristiane Lavoratori Italiani, <strong>Rita Carrino<\/strong> <strong>Perrotta<\/strong>, presidente dell\u2019Associazione La strada dell&#39;amore per Adulti Diversamente Abili, <strong>Nada Berc\u00e8<\/strong> dell\u2019Associazione di Volontariato Star\u0161i Skupaj &#8211; Genitori Insieme,\u00a0 <strong>Barbara Gorza<\/strong> della Cooperativa sociale La Quercia, <strong>Bianca Mestroni<\/strong> dell&#39;associazione \u201cTerra del Sole\u201d e <strong>Silvia Fabbretti<\/strong> della Fondazione Ananian; altri soggetti aderenti: l\u2019ASUITS, l\u2019Associazione Progetto Riabilitazione, la Coop. Sociale Trieste Integrazione Marchio A.N.F.F.A.S. Onlus, ITIS.<\/p>\n","protected":false},"excerpt":{"rendered":"<p>Progetto &#8220;Dopo di Noi&#8221;<\/p>\n","protected":false},"author":28,"featured_media":20920,"comment_status":"closed","ping_status":"closed","sticky":false,"template":"","format":"standard","meta":{"dwc-title":[],"dwc-content":[],"footnotes":""},"categories":[6],"tags":[],"class_list":["post-20919","post","type-post","status-publish","format-standard","has-post-thumbnail","hentry","category-societa"],"rttpg_featured_image_url":{"full":["https:\/\/imagazine.it\/wp-content\/uploads\/2024\/01\/16824-1.webp",750,477,false],"landscape":["https:\/\/imagazine.it\/wp-content\/uploads\/2024\/01\/16824-1.webp",750,477,false],"portraits":["https:\/\/imagazine.it\/wp-content\/uploads\/2024\/01\/16824-1.webp",750,477,false],"thumbnail":["https:\/\/imagazine.it\/wp-content\/uploads\/2024\/01\/16824-1-150x150.webp",150,150,true],"medium":["https:\/\/imagazine.it\/wp-content\/uploads\/2024\/01\/16824-1-300x191.webp",300,191,true],"large":["https:\/\/imagazine.it\/wp-content\/uploads\/2024\/01\/16824-1.webp",640,407,false],"thumblist":["https:\/\/imagazine.it\/wp-content\/uploads\/2024\/01\/16824-1.webp",300,191,false],"thumbrelated":["https:\/\/imagazine.it\/wp-content\/uploads\/2024\/01\/16824-1.webp",500,318,false],"meccarouselthumb":["https:\/\/imagazine.it\/wp-content\/uploads\/2024\/01\/16824-1.webp",474,301,false],"gridsquare":["https:\/\/imagazine.it\/wp-content\/uploads\/2024\/01\/16824-1.webp",391,249,false],"tileview":["https:\/\/imagazine.it\/wp-content\/uploads\/2024\/01\/16824-1.webp",300,191,false],"1536x1536":["https:\/\/imagazine.it\/wp-content\/uploads\/2024\/01\/16824-1.webp",750,477,false],"2048x2048":["https:\/\/imagazine.it\/wp-content\/uploads\/2024\/01\/16824-1.webp",750,477,false],"newsup-slider-full":["https:\/\/imagazine.it\/wp-content\/uploads\/2024\/01\/16824-1.webp",750,477,false],"newsup-featured":["https:\/\/imagazine.it\/wp-content\/uploads\/2024\/01\/16824-1.webp",750,477,false],"newsup-medium":["https:\/\/imagazine.it\/wp-content\/uploads\/2024\/01\/16824-1-720x380.webp",720,380,true],"tptn_thumbnail":["https:\/\/imagazine.it\/wp-content\/uploads\/2024\/01\/16824-1.webp",250,159,false],"sow-carousel-default":["https:\/\/imagazine.it\/wp-content\/uploads\/2024\/01\/16824-1-272x182.webp",272,182,true]},"rttpg_author":{"display_name":"redazione","author_link":"https:\/\/imagazine.it\/home_desk\/author\/redazione\/"},"rttpg_comment":0,"rttpg_category":"<a href=\"https:\/\/imagazine.it\/home_desk\/category\/societa\/\" rel=\"category tag\">SOCIET\u00c0<\/a>","rttpg_excerpt":"Progetto \"Dopo di Noi\"","_links":{"self":[{"href":"https:\/\/imagazine.it\/home_desk\/wp-json\/wp\/v2\/posts\/20919","targetHints":{"allow":["GET"]}}],"collection":[{"href":"https:\/\/imagazine.it\/home_desk\/wp-json\/wp\/v2\/posts"}],"about":[{"href":"https:\/\/imagazine.it\/home_desk\/wp-json\/wp\/v2\/types\/post"}],"author":[{"embeddable":true,"href":"https:\/\/imagazine.it\/home_desk\/wp-json\/wp\/v2\/users\/28"}],"replies":[{"embeddable":true,"href":"https:\/\/imagazine.it\/home_desk\/wp-json\/wp\/v2\/comments?post=20919"}],"version-history":[{"count":0,"href":"https:\/\/imagazine.it\/home_desk\/wp-json\/wp\/v2\/posts\/20919\/revisions"}],"wp:featuredmedia":[{"embeddable":true,"href":"https:\/\/imagazine.it\/home_desk\/wp-json\/wp\/v2\/media\/20920"}],"wp:attachment":[{"href":"https:\/\/imagazine.it\/home_desk\/wp-json\/wp\/v2\/media?parent=20919"}],"wp:term":[{"taxonomy":"category","embeddable":true,"href":"https:\/\/imagazine.it\/home_desk\/wp-json\/wp\/v2\/categories?post=20919"},{"taxonomy":"post_tag","embeddable":true,"href":"https:\/\/imagazine.it\/home_desk\/wp-json\/wp\/v2\/tags?post=20919"}],"curies":[{"name":"wp","href":"https:\/\/api.w.org\/{rel}","templated":true}]}}