{"id":20901,"date":"2016-11-22T00:00:00","date_gmt":"2016-11-21T23:00:00","guid":{"rendered":"https:\/\/imagazine.it\/?p=20901"},"modified":"2016-11-22T00:00:00","modified_gmt":"2016-11-21T23:00:00","slug":"il-friulano-a-portata-di-mano","status":"publish","type":"post","link":"https:\/\/imagazine.it\/home_desk\/il-friulano-a-portata-di-mano\/","title":{"rendered":"Il friulano a portata di mano"},"content":{"rendered":"<p>\u201cLa lingua friulana \u00e8 nutrimento per la mente. Scegli il friulano, sceglilo anche a scuola\u201d. \u00c8 il motto della campagna regionale di sensibilizzazione: \u201c<em>Pavee. La magjie dal furlan<\/em>\u201d, promossa dall\u2019ARLeF (Agjenzie Regjon\u00e2l pe Lenghe Furlane), che prender\u00e0 avvio, nei prossimi giorni, sui social, per poi allargarsi alle sale cinematografiche delle province di Udine, Pordenone e Gorizia, con la proiezione di uno spot dedicato (della durata di 30 secondi). Nella campagna, saranno coinvolte anche le Tv locali e la carta stampata (settimanali e quotidiani). Inoltre, nel periodo antecedente alle iscrizioni scolastiche (met\u00e0 dicembre\/gennaio) verr\u00e0 distribuito a tutte le famiglie del territorio friulanofono un depliant con informazioni e indicazioni pratiche sull\u2019opzione del friulano come materia curricolare.<\/p>\n<p>\u00abLa nuova campagna promozionale dell\u2019ARLeF \u2013 spiega il presidente <strong>Lorenzo Fabbro<\/strong> \u2013 \u00e8 stata ideata quale continuazione e ulteriore sviluppo del progetto \u201cCrescere con pi\u00f9 lingue\u201d per promuovere il plurilinguismo in et\u00e0 precoce e raccontare la lingua friulana come elemento di ricchezza, di scoperta e di vita. Il target della campagna \u00e8 rappresentato da genitori con bambini in et\u00e0 prescolare e scolare che si trovano davanti alla scelta della lingua o delle lingue da insegnare direttamente ai propri figli o di cui avvalersi nel percorso scolastico. Tutti gli specialisti concordano sul fatto che, i bambini bilingui \u2013 conclude Fabbro \u2013 imparano pi\u00f9 facilmente altre lingue, come l\u2019inglese, hanno una maggiore consapevolezza e tolleranza nei confronti delle diversit\u00e0 e si costruiscono un futuro ricco di relazioni e opportunit\u00e0 professionali\u00bb.\u00a0<\/p>\n<p>L\u2019insegnamento della lingua friulana a scuola \u00e8 previsto dalle normative statali e regionali e si inserisce nel 20 per cento della quota di autonomia locale che la scuola ha nel curricolo complessivo, definita in base alle esigenze del contesto sociale e culturale di riferimento. Al momento dell\u2019iscrizione, al primo anno di ogni ciclo scolastico, i genitori indicano sul modello di iscrizione, appositamente predisposto dalla scuola se, per i propri figli, intendono avvalersi dell\u2019insegnamento della lingua friulana. L\u2019opzione espressa al momento dell\u2019iscrizione resta valida per tutta la durata del ciclo. Il Regolamento per l\u2019insegnamento della lingua friulana prevede l\u2019introduzione di moduli di almeno 30 ore per gruppo-classe o per sezione, tenuti da insegnanti del plesso o esterni. Per tutti gli approfondimenti del caso, si pu\u00f2 visitare il sito dell\u2019ARLeF (<a data-saferedirecturl=\"https:\/\/www.google.com\/url?hl=it&#038;q=http:\/\/www.arlef.it\/&#038;source=gmail&#038;ust=1479897228142000&#038;usg=AFQjCNFTG5D1cwxe3Mdh9H-GHrFxop7JkA\" href=\"http:\/\/www.arlef.it\/\" target=\"_blank\" rel=\"noopener\">www.arlef.it<\/a>) alla\u00a0sezione \u201cCressi cun plui lenghis\u201d.<\/p>\n","protected":false},"excerpt":{"rendered":"<p>Parte la campagna di sensibilizzazione dell&#8217;ARLeF<\/p>\n","protected":false},"author":28,"featured_media":20902,"comment_status":"closed","ping_status":"closed","sticky":false,"template":"","format":"standard","meta":{"dwc-title":[],"dwc-content":[],"footnotes":""},"categories":[6],"tags":[],"class_list":["post-20901","post","type-post","status-publish","format-standard","has-post-thumbnail","hentry","category-societa"],"rttpg_featured_image_url":{"full":["https:\/\/imagazine.it\/wp-content\/uploads\/2024\/01\/16796-1.webp",750,450,false],"landscape":["https:\/\/imagazine.it\/wp-content\/uploads\/2024\/01\/16796-1.webp",750,450,false],"portraits":["https:\/\/imagazine.it\/wp-content\/uploads\/2024\/01\/16796-1.webp",750,450,false],"thumbnail":["https:\/\/imagazine.it\/wp-content\/uploads\/2024\/01\/16796-1-150x150.webp",150,150,true],"medium":["https:\/\/imagazine.it\/wp-content\/uploads\/2024\/01\/16796-1-300x180.webp",300,180,true],"large":["https:\/\/imagazine.it\/wp-content\/uploads\/2024\/01\/16796-1.webp",640,384,false],"thumblist":["https:\/\/imagazine.it\/wp-content\/uploads\/2024\/01\/16796-1.webp",300,180,false],"thumbrelated":["https:\/\/imagazine.it\/wp-content\/uploads\/2024\/01\/16796-1.webp",500,300,false],"meccarouselthumb":["https:\/\/imagazine.it\/wp-content\/uploads\/2024\/01\/16796-1.webp",474,284,false],"gridsquare":["https:\/\/imagazine.it\/wp-content\/uploads\/2024\/01\/16796-1.webp",391,235,false],"tileview":["https:\/\/imagazine.it\/wp-content\/uploads\/2024\/01\/16796-1.webp",300,180,false],"1536x1536":["https:\/\/imagazine.it\/wp-content\/uploads\/2024\/01\/16796-1.webp",750,450,false],"2048x2048":["https:\/\/imagazine.it\/wp-content\/uploads\/2024\/01\/16796-1.webp",750,450,false],"newsup-slider-full":["https:\/\/imagazine.it\/wp-content\/uploads\/2024\/01\/16796-1.webp",750,450,false],"newsup-featured":["https:\/\/imagazine.it\/wp-content\/uploads\/2024\/01\/16796-1.webp",750,450,false],"newsup-medium":["https:\/\/imagazine.it\/wp-content\/uploads\/2024\/01\/16796-1-720x380.webp",720,380,true],"tptn_thumbnail":["https:\/\/imagazine.it\/wp-content\/uploads\/2024\/01\/16796-1.webp",250,150,false],"sow-carousel-default":["https:\/\/imagazine.it\/wp-content\/uploads\/2024\/01\/16796-1-272x182.webp",272,182,true]},"rttpg_author":{"display_name":"redazione","author_link":"https:\/\/imagazine.it\/home_desk\/author\/redazione\/"},"rttpg_comment":0,"rttpg_category":"<a href=\"https:\/\/imagazine.it\/home_desk\/category\/societa\/\" rel=\"category tag\">SOCIET\u00c0<\/a>","rttpg_excerpt":"Parte la campagna di sensibilizzazione dell'ARLeF","_links":{"self":[{"href":"https:\/\/imagazine.it\/home_desk\/wp-json\/wp\/v2\/posts\/20901","targetHints":{"allow":["GET"]}}],"collection":[{"href":"https:\/\/imagazine.it\/home_desk\/wp-json\/wp\/v2\/posts"}],"about":[{"href":"https:\/\/imagazine.it\/home_desk\/wp-json\/wp\/v2\/types\/post"}],"author":[{"embeddable":true,"href":"https:\/\/imagazine.it\/home_desk\/wp-json\/wp\/v2\/users\/28"}],"replies":[{"embeddable":true,"href":"https:\/\/imagazine.it\/home_desk\/wp-json\/wp\/v2\/comments?post=20901"}],"version-history":[{"count":0,"href":"https:\/\/imagazine.it\/home_desk\/wp-json\/wp\/v2\/posts\/20901\/revisions"}],"wp:featuredmedia":[{"embeddable":true,"href":"https:\/\/imagazine.it\/home_desk\/wp-json\/wp\/v2\/media\/20902"}],"wp:attachment":[{"href":"https:\/\/imagazine.it\/home_desk\/wp-json\/wp\/v2\/media?parent=20901"}],"wp:term":[{"taxonomy":"category","embeddable":true,"href":"https:\/\/imagazine.it\/home_desk\/wp-json\/wp\/v2\/categories?post=20901"},{"taxonomy":"post_tag","embeddable":true,"href":"https:\/\/imagazine.it\/home_desk\/wp-json\/wp\/v2\/tags?post=20901"}],"curies":[{"name":"wp","href":"https:\/\/api.w.org\/{rel}","templated":true}]}}