{"id":20865,"date":"2016-11-17T00:00:00","date_gmt":"2016-11-16T23:00:00","guid":{"rendered":"https:\/\/imagazine.it\/?p=20865"},"modified":"2016-11-17T00:00:00","modified_gmt":"2016-11-16T23:00:00","slug":"il-d-day-della-musica-italiana","status":"publish","type":"post","link":"https:\/\/imagazine.it\/home_desk\/il-d-day-della-musica-italiana\/","title":{"rendered":"Il D-Day della musica italiana"},"content":{"rendered":"<p>Sar\u00e0 una giornata di grandi uscite discografiche quella di domani,\u00a0<strong>venerd\u00ec 18 novembre<\/strong>. Annunciato da settimane e anticipato dal singolo \u201cG come giungla\u201d, canzone fra le pi\u00f9 trasmesse in radio, arriva nei negozi l\u2019undicesimo album di\u00a0<strong>Ligabue<\/strong>\u00a0dal titolo \u201c<strong>Made in Italy<\/strong>\u201d, un concept album che rappresenta\u00a0una \u201cdichiarazione d&#39;amore frustrata verso questo paese, raccontata attraverso la storia di un personaggio\u201d, cos\u00ec lo ha descritto lo stesso Liga. All\u2019album seguir\u00e0 un lungo tour nei palazzetti che toccher\u00e0 anche la citt\u00e0 di\u00a0<strong>Trieste<\/strong>, il prossimo\u00a0<strong>venerd\u00ec 17 marzo<\/strong>\u00a0al<strong>\u00a0Pala Rubini<\/strong>, appuntamento musicale fra i pi\u00f9 attesi dell\u2019anno.<\/p>\n<p>Prevista per domani anche l\u2019uscita del disco \u201c<strong>Best of Soul<\/strong>\u201d della voce pi\u00f9 <em>black<\/em> della musica italiana,\u00a0<strong>Mario Biondi<\/strong>, doppio album che raccoglie tutti i grandi successi dell\u2019artista pi\u00f9 7 inediti, lavoro che celebra i dieci anni di carriera, trascorsi dal suo esordio discografico con \u201c<strong>Handful of soul<\/strong>\u201d. Anche in questo caso, come vuole la regola, dallo studio al palcoscenico il passo \u00e8 breve. L\u2019artista ha infatti annunciato anche le date del nuovissimo \u201c<strong>Best of Soul Tour<\/strong>\u201d, la tourn\u00e9e che lo vedr\u00e0 protagonista nei teatri delle principali citt\u00e0 italiane, al via a inizio marzo 2017. In <strong>Friuli Venezia Giulia<\/strong>\u00a0saranno due gli appuntamenti con la magica voce di\u00a0<strong>Mario Biondi<\/strong>, il\u00a0<strong>19 marzo<\/strong>\u00a0al\u00a0<strong>Teatro Nuovo Giovanni da Udine<\/strong>\u00a0e il giorno successivo,\u00a0<strong>20 marzo 2017<\/strong>\u00a0al\u00a0<strong>Politeama Rossetti\u00a0<\/strong>di<strong>\u00a0Trieste<\/strong>.<\/p>\n<p>Attesa alle stelle fra il pubblico pi\u00f9 giovane per l\u2019uscita, prevista sempre per domani, del nuovo singolo dei re del rap italiano, uniti pi\u00f9 che mai,\u00a0<strong>J-Ax<\/strong>\u00a0e\u00a0<strong>Fedez<\/strong>. \u201c<strong>Assenzio<\/strong>\u201d, questo il titolo della nuova hit che segue lo strepitoso successo del tormentone estivo \u201cVorrei ma non Posto\u201d, certificata 5 volte disco di platino e capace di superare i 113 milioni di visualizzazioni su Youtube. Anche la nuova \u201cAssenzio\u201d sar\u00e0 inclusa nell\u2019album in uscita a gennaio 2017, in attesa del tour nei palazzetti d\u2019Italia che vedr\u00e0\u00a0<strong>J-Ax\u00a0<\/strong>e<strong>\u00a0Fedez<\/strong>\u00a0protagonisti di un\u2019unica data in Friuli Venezia Giulia, in programma la sera del giorno di Pasqua,\u00a0<strong>domenica 16 aprile<\/strong>, al\u00a0<strong>Pala Rubini<\/strong>\u00a0di\u00a0<strong>Trieste<\/strong>.<\/p>\n","protected":false},"excerpt":{"rendered":"<p>Venerd\u00ec 18 novembre tre uscite discografiche<\/p>\n","protected":false},"author":28,"featured_media":20866,"comment_status":"closed","ping_status":"closed","sticky":false,"template":"","format":"standard","meta":{"dwc-title":[],"dwc-content":[],"footnotes":""},"categories":[37],"tags":[],"class_list":["post-20865","post","type-post","status-publish","format-standard","has-post-thumbnail","hentry","category-cultura-e-spettacolo"],"rttpg_featured_image_url":{"full":["https:\/\/imagazine.it\/wp-content\/uploads\/2024\/01\/16722-1.webp",750,500,false],"landscape":["https:\/\/imagazine.it\/wp-content\/uploads\/2024\/01\/16722-1.webp",750,500,false],"portraits":["https:\/\/imagazine.it\/wp-content\/uploads\/2024\/01\/16722-1.webp",750,500,false],"thumbnail":["https:\/\/imagazine.it\/wp-content\/uploads\/2024\/01\/16722-1-150x150.webp",150,150,true],"medium":["https:\/\/imagazine.it\/wp-content\/uploads\/2024\/01\/16722-1-300x200.webp",300,200,true],"large":["https:\/\/imagazine.it\/wp-content\/uploads\/2024\/01\/16722-1.webp",640,427,false],"thumblist":["https:\/\/imagazine.it\/wp-content\/uploads\/2024\/01\/16722-1.webp",300,200,false],"thumbrelated":["https:\/\/imagazine.it\/wp-content\/uploads\/2024\/01\/16722-1.webp",500,333,false],"meccarouselthumb":["https:\/\/imagazine.it\/wp-content\/uploads\/2024\/01\/16722-1.webp",474,316,false],"gridsquare":["https:\/\/imagazine.it\/wp-content\/uploads\/2024\/01\/16722-1.webp",391,260,false],"tileview":["https:\/\/imagazine.it\/wp-content\/uploads\/2024\/01\/16722-1.webp",300,200,false],"1536x1536":["https:\/\/imagazine.it\/wp-content\/uploads\/2024\/01\/16722-1.webp",750,500,false],"2048x2048":["https:\/\/imagazine.it\/wp-content\/uploads\/2024\/01\/16722-1.webp",750,500,false],"newsup-slider-full":["https:\/\/imagazine.it\/wp-content\/uploads\/2024\/01\/16722-1.webp",750,500,false],"newsup-featured":["https:\/\/imagazine.it\/wp-content\/uploads\/2024\/01\/16722-1.webp",750,500,false],"newsup-medium":["https:\/\/imagazine.it\/wp-content\/uploads\/2024\/01\/16722-1-720x380.webp",720,380,true],"tptn_thumbnail":["https:\/\/imagazine.it\/wp-content\/uploads\/2024\/01\/16722-1.webp",250,167,false],"sow-carousel-default":["https:\/\/imagazine.it\/wp-content\/uploads\/2024\/01\/16722-1-272x182.webp",272,182,true]},"rttpg_author":{"display_name":"redazione","author_link":"https:\/\/imagazine.it\/home_desk\/author\/redazione\/"},"rttpg_comment":0,"rttpg_category":"<a href=\"https:\/\/imagazine.it\/home_desk\/category\/cultura-e-spettacolo\/\" rel=\"category tag\">CULTURA&amp;SPETTACOLO<\/a>","rttpg_excerpt":"Venerd\u00ec 18 novembre tre uscite discografiche","_links":{"self":[{"href":"https:\/\/imagazine.it\/home_desk\/wp-json\/wp\/v2\/posts\/20865","targetHints":{"allow":["GET"]}}],"collection":[{"href":"https:\/\/imagazine.it\/home_desk\/wp-json\/wp\/v2\/posts"}],"about":[{"href":"https:\/\/imagazine.it\/home_desk\/wp-json\/wp\/v2\/types\/post"}],"author":[{"embeddable":true,"href":"https:\/\/imagazine.it\/home_desk\/wp-json\/wp\/v2\/users\/28"}],"replies":[{"embeddable":true,"href":"https:\/\/imagazine.it\/home_desk\/wp-json\/wp\/v2\/comments?post=20865"}],"version-history":[{"count":0,"href":"https:\/\/imagazine.it\/home_desk\/wp-json\/wp\/v2\/posts\/20865\/revisions"}],"wp:featuredmedia":[{"embeddable":true,"href":"https:\/\/imagazine.it\/home_desk\/wp-json\/wp\/v2\/media\/20866"}],"wp:attachment":[{"href":"https:\/\/imagazine.it\/home_desk\/wp-json\/wp\/v2\/media?parent=20865"}],"wp:term":[{"taxonomy":"category","embeddable":true,"href":"https:\/\/imagazine.it\/home_desk\/wp-json\/wp\/v2\/categories?post=20865"},{"taxonomy":"post_tag","embeddable":true,"href":"https:\/\/imagazine.it\/home_desk\/wp-json\/wp\/v2\/tags?post=20865"}],"curies":[{"name":"wp","href":"https:\/\/api.w.org\/{rel}","templated":true}]}}