{"id":20863,"date":"2016-11-17T00:00:00","date_gmt":"2016-11-16T23:00:00","guid":{"rendered":"https:\/\/imagazine.it\/?p=20863"},"modified":"2016-11-17T00:00:00","modified_gmt":"2016-11-16T23:00:00","slug":"udine-premia-i-talenti-del-fare","status":"publish","type":"post","link":"https:\/\/imagazine.it\/home_desk\/udine-premia-i-talenti-del-fare\/","title":{"rendered":"Udine premia i talenti del fare"},"content":{"rendered":"<p>Sono andate in scena al\u00a0<strong>Teatro Giovanni Da Udine<\/strong> le\u00a0<strong>63esime Premiazioni del Lavoro e Progresso economico<\/strong>\u00a0della\u00a0<strong>Camera di Commercio<\/strong>, evento con cui ogni anno l\u2019ente camerale premia\u00a0<strong>lavoratori, imprenditori e personalit\u00e0 che si sono distinti, in Friuli e nel mondo, con il proprio impegno e talento<\/strong>. Sono state consegnate 42\u00a0<strong>onorificenze e quattro Targhe dell\u2019eccellenza<\/strong>, a chi ha saputo incarnare\u00a0<strong>quattro prospettive di ricostruzione<\/strong>: il\u00a0<strong>Messaggero Veneto<\/strong>, l\u2019<strong>Universit\u00e0 di Udine<\/strong>, la\u00a0<strong>Protezione civile regionale<\/strong>, la\u00a0<strong>rete dei friulani all\u2019estero<\/strong>, qui rappresentata da\u00a0<strong>Ente Friuli nel mondo<\/strong>.<\/p>\n<p>Sul palco con loro, il \u201cpadrone di casa\u201d, il presidente della Cciaa di Udine\u00a0<strong>Giovanni Da Pozzo<\/strong>, con la presidente della Regione\u00a0<strong>Debora Serracchiani<\/strong>, il sindaco di Udine\u00a0<strong>Furio Honsell<\/strong>\u00a0e il presidente della provincia\u00a0<strong>Pietro Fontanini<\/strong>, oltre ai due\u00a0<strong>ospiti d\u2019onore<\/strong>, il presidente di Unioncamere\u00a0<strong>Ivanhoe Lo Bello<\/strong>\u00a0e il giornalista e scrittore\u00a0<strong>Federico Rampini<\/strong>.<\/p>\n<p>Durante l\u2019evento si \u00e8 parlato anche di economia locale: i dati portati elaborati dal\u00a0<strong>Centro Studi Cciaa Udine (disponibili\u00a0<a href=\"http:\/\/www.friulifutureforum.com\/premiazioni2016\" target=\"_blank\" rel=\"noopener\">qui<\/a>)\u00a0<\/strong>hanno evidenziato un \u00abcalo importante delle nostre imprese \u2013 ha evidenziato Da Pozzo \u2013.\u00a0<strong>I settori pi\u00f9 colpiti<\/strong>\u00a0risultano essere le piccole aziende agricole, il manifatturiero legato in particolare all\u2019edilizia e costruzioni, e il commercio. L\u2019ospitalit\u00e0 e i servizi sono invece cresciuti con numeri estremamente significativi. La crisi ha lasciato ferite profonde, mettendo tutti in difficolt\u00e0 ma lasciando a terra in genere le imprese meno strutturate, che non si sono innovate o non hanno usato gli strumenti tecnologici che gli avrebbero consentito di restare sul mercato. Per\u00f2 c\u2019\u00e8 stato anche un ispessimento, sono cresciute molto le societ\u00e0 di capitale:\u00a0<strong>il sistema, pur ridimensionandosi \u00e8 cresciuto<\/strong>. Ci sono approcci completamente nuovi all\u2019impresa e alla promozione della propria attivit\u00e0, c\u2019\u00e8 una trasformazione ovunque, c\u2019\u00e8 inoltre un riavvicinamento dei giovani alla terra, ma totalmente nuovo, innovativo, fortemente rivolto al futuro\u00bb.\u00a0<\/p>\n<p>Atteso l\u2019intervento di <strong>Rampini<\/strong>, che ha utilizzato l\u2019esempio delle ultime elezioni americane per raccontare quanto sta accadendo in tutto il mondo, \u00a0evidenziando come i tanti segnali di cambiamento, di difficolt\u00e0, di insoddisfazione e desiderio di cambiare delle classi medie sono stati troppo a lungo sottovalutati, ma non possono esserlo pi\u00f9. \u00abAbbiamo \u2013 anche giornalisti, economisti, opinionisti, intellettuali \u2013 sposato la visione di una globalizzazione che ci avrebbe reso tutti pi\u00f9 ricchi e avrebbe garantito benessere diffuso per tutti. Invece i cittadini si sentono ingannati, il ceto medio non vede un futuro radioso per i propri figli, anzi, per la prima volta vede un futuro decrescente. Questa situazione caratterizza tutto l\u2019occidente. Se nei rapporti \u201cnord\u201d e \u201csud\u201d del mondo la globalizzazione ha avuto effetto benefico per diminuire le diseguaglianze, all\u2019interno delle nazioni queste sono al contrario cresciute, anche in contesti come quello degli Stati Uniti in cui questi sono stati anni di crescita economica vera, di mercato del lavoro dinamico: perfino qui cresce la sofferenza sociale, cresce il disagio\u00bb.<\/p>\n<p>Rampini ha poi evidenziato la\u00a0<strong>sfiducia crescente nei confronti della democrazia<\/strong>. \u00abIn una fase in cui cresce il fascino per modelli autoritari, le democrazie appaiono malate, perch\u00e9 non ci crediamo pi\u00f9. Dobbiamo perci\u00f2 ritrovare nel nostro quotidiano momenti di dialogo, rispetto dell\u2019altro, recuperare il confronto, ricercare un dialogo, anche con chi la pensa diversamente, per\u00a0<strong>rivitalizzare il nostro tessuto democratico<\/strong>. Sul futuro post globalizzazione, o di nuova globalizzazione che finalmente redistribuisca in modo equo i benefici, dobbiamo avere tutti la parola\u00bb.<\/p>\n<p><a href=\"http:\/\/www.friulifutureforum.com\/premiazioni2016\/\" target=\"_blank\" rel=\"noopener\"><strong><em>A questo link l\u2019elenco completo dei premiati<\/em><\/strong><\/a><\/p>\n","protected":false},"excerpt":{"rendered":"<p>Consegnati i Premi del Lavoro e Progresso economico<\/p>\n","protected":false},"author":28,"featured_media":20864,"comment_status":"closed","ping_status":"closed","sticky":false,"template":"","format":"standard","meta":{"dwc-title":[],"dwc-content":[],"footnotes":""},"categories":[5],"tags":[],"class_list":["post-20863","post","type-post","status-publish","format-standard","has-post-thumbnail","hentry","category-attualita"],"rttpg_featured_image_url":{"full":["https:\/\/imagazine.it\/wp-content\/uploads\/2024\/01\/16710-1.webp",750,400,false],"landscape":["https:\/\/imagazine.it\/wp-content\/uploads\/2024\/01\/16710-1.webp",750,400,false],"portraits":["https:\/\/imagazine.it\/wp-content\/uploads\/2024\/01\/16710-1.webp",750,400,false],"thumbnail":["https:\/\/imagazine.it\/wp-content\/uploads\/2024\/01\/16710-1-150x150.webp",150,150,true],"medium":["https:\/\/imagazine.it\/wp-content\/uploads\/2024\/01\/16710-1-300x160.webp",300,160,true],"large":["https:\/\/imagazine.it\/wp-content\/uploads\/2024\/01\/16710-1.webp",640,341,false],"thumblist":["https:\/\/imagazine.it\/wp-content\/uploads\/2024\/01\/16710-1.webp",300,160,false],"thumbrelated":["https:\/\/imagazine.it\/wp-content\/uploads\/2024\/01\/16710-1.webp",500,267,false],"meccarouselthumb":["https:\/\/imagazine.it\/wp-content\/uploads\/2024\/01\/16710-1.webp",474,253,false],"gridsquare":["https:\/\/imagazine.it\/wp-content\/uploads\/2024\/01\/16710-1.webp",391,209,false],"tileview":["https:\/\/imagazine.it\/wp-content\/uploads\/2024\/01\/16710-1.webp",300,160,false],"1536x1536":["https:\/\/imagazine.it\/wp-content\/uploads\/2024\/01\/16710-1.webp",750,400,false],"2048x2048":["https:\/\/imagazine.it\/wp-content\/uploads\/2024\/01\/16710-1.webp",750,400,false],"newsup-slider-full":["https:\/\/imagazine.it\/wp-content\/uploads\/2024\/01\/16710-1.webp",750,400,false],"newsup-featured":["https:\/\/imagazine.it\/wp-content\/uploads\/2024\/01\/16710-1.webp",750,400,false],"newsup-medium":["https:\/\/imagazine.it\/wp-content\/uploads\/2024\/01\/16710-1-720x380.webp",720,380,true],"tptn_thumbnail":["https:\/\/imagazine.it\/wp-content\/uploads\/2024\/01\/16710-1.webp",250,133,false],"sow-carousel-default":["https:\/\/imagazine.it\/wp-content\/uploads\/2024\/01\/16710-1-272x182.webp",272,182,true]},"rttpg_author":{"display_name":"redazione","author_link":"https:\/\/imagazine.it\/home_desk\/author\/redazione\/"},"rttpg_comment":0,"rttpg_category":"<a href=\"https:\/\/imagazine.it\/home_desk\/category\/attualita\/\" rel=\"category tag\">ATTUALIT\u00c0<\/a>","rttpg_excerpt":"Consegnati i Premi del Lavoro e Progresso economico","_links":{"self":[{"href":"https:\/\/imagazine.it\/home_desk\/wp-json\/wp\/v2\/posts\/20863","targetHints":{"allow":["GET"]}}],"collection":[{"href":"https:\/\/imagazine.it\/home_desk\/wp-json\/wp\/v2\/posts"}],"about":[{"href":"https:\/\/imagazine.it\/home_desk\/wp-json\/wp\/v2\/types\/post"}],"author":[{"embeddable":true,"href":"https:\/\/imagazine.it\/home_desk\/wp-json\/wp\/v2\/users\/28"}],"replies":[{"embeddable":true,"href":"https:\/\/imagazine.it\/home_desk\/wp-json\/wp\/v2\/comments?post=20863"}],"version-history":[{"count":0,"href":"https:\/\/imagazine.it\/home_desk\/wp-json\/wp\/v2\/posts\/20863\/revisions"}],"wp:featuredmedia":[{"embeddable":true,"href":"https:\/\/imagazine.it\/home_desk\/wp-json\/wp\/v2\/media\/20864"}],"wp:attachment":[{"href":"https:\/\/imagazine.it\/home_desk\/wp-json\/wp\/v2\/media?parent=20863"}],"wp:term":[{"taxonomy":"category","embeddable":true,"href":"https:\/\/imagazine.it\/home_desk\/wp-json\/wp\/v2\/categories?post=20863"},{"taxonomy":"post_tag","embeddable":true,"href":"https:\/\/imagazine.it\/home_desk\/wp-json\/wp\/v2\/tags?post=20863"}],"curies":[{"name":"wp","href":"https:\/\/api.w.org\/{rel}","templated":true}]}}