{"id":20855,"date":"2016-11-16T00:00:00","date_gmt":"2016-11-15T23:00:00","guid":{"rendered":"https:\/\/imagazine.it\/?p=20855"},"modified":"2016-11-16T00:00:00","modified_gmt":"2016-11-15T23:00:00","slug":"legame-speciale-tra-trieste-e-montenegro","status":"publish","type":"post","link":"https:\/\/imagazine.it\/home_desk\/legame-speciale-tra-trieste-e-montenegro\/","title":{"rendered":"Legame speciale tra Trieste e Montenegro"},"content":{"rendered":"<p>L\u2019Universit\u00e0 Popolare di Trieste \u00e8 stata in missione a Cattaro, in Montenegro, per programmare le iniziative per il 2017 e valutare quanto \u00e8 stato fatto nel 2016, durante una serie di riunioni tra il presidente <strong>Fabrizio Somma<\/strong>, accompagnato dal direttore generale <strong>Alessandro Rossit<\/strong>, e il presidente della Comunit\u00e0 degli Italiani <strong>Aleksandar Dender<\/strong>, il vicepresidente <strong>Andro Radulovic<\/strong>, il past-president <strong>Pavo Perugini<\/strong>. Un\u2019occasione anche per ringraziare la Comunit\u00e0 che ha raccolto oltre 22 mila euro per la popolazione italiana colpita dal terremoto ad Amatrice dell&#39;agosto scorso, gi\u00e0 devoluti attraverso Poste Italiane e la Croce Rossa Italiana, a testimonianza del legame con l\u2019Italia e nel ricordo del sisma che distrusse Cattaro nel 1979.<\/p>\n<p>\u201cLa Comunit\u00e0 degli Italiani in Montenegro \u2013 ha sottolineato Somma \u2013 \u00e8 stata fondata come un\u2019organizzazione non governativa il 4 gennaio 2004 per riunire le persone di origine italiana, discendenti di quella comunit\u00e0 nata ai tempi della Repubblica di Venezia (dal 1420 al 1797), con lo scopo di diffondere e far conoscere e salvaguardare le radici storiche, la cultura, la civilt\u00e0 e la lingua italiana\u201d.<\/p>\n<p>Le linee guida per l\u2019attivit\u00e0 e l\u2019ottenimento dei finanziamenti per il 2017 sono state esposte dallo stesso Somma, che ha evidenziato le sostanziali modifiche di applicazione della Legge Ex 79\/del 1978 attuale Legge Reg. 16 del 2014. \u201cEntro il 31 gennaio 2017 \u2013 ha precisato \u2013 a seguito dell\u2019imminente pubblicazione del bando ufficiale da parte dell\u2019Ente, dovranno pervenire le richieste d\u2018intervento che, con decorrenza 2017, saranno applicate e realizzate a progetto, secondo il nuovo regolamento amministrativo riferito alla Legge stessa\u201d.<\/p>\n<p>I rappresentanti della Comunit\u00e0 degli Italiani in Montenegro hanno anticipato la presentazione di alcuni progetti nel campo della formazione, nonch\u00e9 tre progetti socio-economici finalizzati al parziale autofinanziamento della Comunit\u00e0 e alla creazione di posti di lavoro per i giovani connazionali del Gruppo Etnico Italiano in Montenegro negli ambiti turistico-nautico, dell&#39;artigianato artistico e dell\u2019oreficeria tradizionale e dell&#39;estetica.\u00a0<br \/> Inoltre, la Comunit\u00e0 intende partecipare anche due progetti di tutela del patrimonio culturale italiano\u00a0e auspica l\u2019organizzazione di eventi culturali di grande spessore, come quelli organizzati insieme all\u2019Universit\u00e0 Popolare di Trieste negli ultimi due anni: le mostre di Kounellis, Pistoletto, Collezione Davia, Bellaspiga, Favelli.<\/p>\n<p>La missione in Montenegro si \u00e8 conclusa con l&#39;incontro con una delegazione del Ministero degli Affari Esteri e Cooperazione Internazionale Italiano, guidata dal Ministro plenipotenziario\u00a0 <strong>Giorgio Guglielmino<\/strong> nella residenza dell&#39;Ambasciatore d&#39;Italia a Podgorica, <strong>Vincenzo Del Monaco<\/strong>.<\/p>\n","protected":false},"excerpt":{"rendered":"<p>Delegazione dell&#8217;Universit\u00e0 popolare nel Paese balcanico<\/p>\n","protected":false},"author":28,"featured_media":20856,"comment_status":"closed","ping_status":"closed","sticky":false,"template":"","format":"standard","meta":{"dwc-title":[],"dwc-content":[],"footnotes":""},"categories":[5],"tags":[],"class_list":["post-20855","post","type-post","status-publish","format-standard","has-post-thumbnail","hentry","category-attualita"],"rttpg_featured_image_url":{"full":["https:\/\/imagazine.it\/wp-content\/uploads\/2024\/01\/16697-1.webp",750,422,false],"landscape":["https:\/\/imagazine.it\/wp-content\/uploads\/2024\/01\/16697-1.webp",750,422,false],"portraits":["https:\/\/imagazine.it\/wp-content\/uploads\/2024\/01\/16697-1.webp",750,422,false],"thumbnail":["https:\/\/imagazine.it\/wp-content\/uploads\/2024\/01\/16697-1-150x150.webp",150,150,true],"medium":["https:\/\/imagazine.it\/wp-content\/uploads\/2024\/01\/16697-1-300x169.webp",300,169,true],"large":["https:\/\/imagazine.it\/wp-content\/uploads\/2024\/01\/16697-1.webp",640,360,false],"thumblist":["https:\/\/imagazine.it\/wp-content\/uploads\/2024\/01\/16697-1.webp",300,169,false],"thumbrelated":["https:\/\/imagazine.it\/wp-content\/uploads\/2024\/01\/16697-1.webp",500,281,false],"meccarouselthumb":["https:\/\/imagazine.it\/wp-content\/uploads\/2024\/01\/16697-1.webp",474,267,false],"gridsquare":["https:\/\/imagazine.it\/wp-content\/uploads\/2024\/01\/16697-1.webp",391,220,false],"tileview":["https:\/\/imagazine.it\/wp-content\/uploads\/2024\/01\/16697-1.webp",300,169,false],"1536x1536":["https:\/\/imagazine.it\/wp-content\/uploads\/2024\/01\/16697-1.webp",750,422,false],"2048x2048":["https:\/\/imagazine.it\/wp-content\/uploads\/2024\/01\/16697-1.webp",750,422,false],"newsup-slider-full":["https:\/\/imagazine.it\/wp-content\/uploads\/2024\/01\/16697-1.webp",750,422,false],"newsup-featured":["https:\/\/imagazine.it\/wp-content\/uploads\/2024\/01\/16697-1.webp",750,422,false],"newsup-medium":["https:\/\/imagazine.it\/wp-content\/uploads\/2024\/01\/16697-1-720x380.webp",720,380,true],"tptn_thumbnail":["https:\/\/imagazine.it\/wp-content\/uploads\/2024\/01\/16697-1.webp",250,141,false],"sow-carousel-default":["https:\/\/imagazine.it\/wp-content\/uploads\/2024\/01\/16697-1-272x182.webp",272,182,true]},"rttpg_author":{"display_name":"redazione","author_link":"https:\/\/imagazine.it\/home_desk\/author\/redazione\/"},"rttpg_comment":0,"rttpg_category":"<a href=\"https:\/\/imagazine.it\/home_desk\/category\/attualita\/\" rel=\"category tag\">ATTUALIT\u00c0<\/a>","rttpg_excerpt":"Delegazione dell'Universit\u00e0 popolare nel Paese balcanico","_links":{"self":[{"href":"https:\/\/imagazine.it\/home_desk\/wp-json\/wp\/v2\/posts\/20855","targetHints":{"allow":["GET"]}}],"collection":[{"href":"https:\/\/imagazine.it\/home_desk\/wp-json\/wp\/v2\/posts"}],"about":[{"href":"https:\/\/imagazine.it\/home_desk\/wp-json\/wp\/v2\/types\/post"}],"author":[{"embeddable":true,"href":"https:\/\/imagazine.it\/home_desk\/wp-json\/wp\/v2\/users\/28"}],"replies":[{"embeddable":true,"href":"https:\/\/imagazine.it\/home_desk\/wp-json\/wp\/v2\/comments?post=20855"}],"version-history":[{"count":0,"href":"https:\/\/imagazine.it\/home_desk\/wp-json\/wp\/v2\/posts\/20855\/revisions"}],"wp:featuredmedia":[{"embeddable":true,"href":"https:\/\/imagazine.it\/home_desk\/wp-json\/wp\/v2\/media\/20856"}],"wp:attachment":[{"href":"https:\/\/imagazine.it\/home_desk\/wp-json\/wp\/v2\/media?parent=20855"}],"wp:term":[{"taxonomy":"category","embeddable":true,"href":"https:\/\/imagazine.it\/home_desk\/wp-json\/wp\/v2\/categories?post=20855"},{"taxonomy":"post_tag","embeddable":true,"href":"https:\/\/imagazine.it\/home_desk\/wp-json\/wp\/v2\/tags?post=20855"}],"curies":[{"name":"wp","href":"https:\/\/api.w.org\/{rel}","templated":true}]}}