{"id":20847,"date":"2016-11-15T00:00:00","date_gmt":"2016-11-14T23:00:00","guid":{"rendered":"https:\/\/imagazine.it\/?p=20847"},"modified":"2016-11-15T00:00:00","modified_gmt":"2016-11-14T23:00:00","slug":"un-fiore-per-dire-no-alla-violenza-sulle-donne","status":"publish","type":"post","link":"https:\/\/imagazine.it\/home_desk\/un-fiore-per-dire-no-alla-violenza-sulle-donne\/","title":{"rendered":"Un fiore per dire no alla violenza sulle donne"},"content":{"rendered":"<p><strong><em>\u201cMai! Nemmeno con un fiore\u201d<\/em><\/strong> \u00e8 il titolo del progetto realizzato dall&#39;Amministrazione comunale con il Centro Antiviolenza GOAP e il contributo della Regione FVG, in occasione della Giornata internazionale contro la violenza sulle donne ricorrente il 25 novembre.<\/p>\n<p>L&#39;iniziativa, cui hanno aderito la Confcommercio e alcuni fioristi, \u00e8 stata presentata in Municipio dall&#39;assessore comunale alle Pari Opportunit\u00e0 <strong>Serena Tonel<\/strong> assieme alla presidente del GOAP, <strong>Maria Ferrara<\/strong>, con la referente <strong>Gabriella Musetti<\/strong> e con <strong>Adriana Luciani<\/strong>, la presidente della Casa Internazionale delle Donne Trieste, <strong>Tea Giorgi<\/strong>, <strong>Raffaele Sincovich<\/strong> dell&#39;associazione \u201cAtto Quinto\u201d e le attrici <strong>Daniela Gattorno<\/strong> e <strong>Sara Cechet<\/strong>.<\/p>\n<p>\u201cNumerose le iniziative frutto di una stretta collaborazione con le realt\u00e0 femminili &#8211;\u00a0 ha spiegato Tonel &#8211; che quest&#39;anno acquisiscono una valenza in pi\u00f9 anche nella scelta del titolo <em>\u201cMai! Nemmeno con un fiore\u201d.<\/em> In accordo con Confcommercio e i fioristi cittadini, <strong>dal 17 novembre al 1\u00b0dicembre<\/strong>, sar\u00e0 donato ai clienti uomini proprio un fiore di &#39;color arancio&#39; che potranno donare alle donne che vorranno, accanto a un&#39;altra iniziativa che vedr\u00e0 in tutti i teatri cittadini un \u201cPosto Occupato\u201d, in segno di solidariet\u00e0 al genere femminile\u201d.<\/p>\n<p>Questi gli eventi in calendario: <strong>gioved\u00ec 17 novembre<\/strong>, alle 16.30, nella Sala Bobi Bazlen di Palazzo Gopcevich (via Rossini 4) si parler\u00e0 di <em>\u201cQuali figure di donne sono presenti nel nostro immaginario\u201d,<\/em> a cura della Casa Internazionale delle Donne; <strong>gioved\u00ec 24 novembre, nella Sala del Consiglio comunale,<\/strong> con inizio alle ore 9, si terr\u00e0 un <strong>Tavolo Tecnico, <\/strong>coordinato dal GOAP, per confrontarsi sulle situazioni spesso drammatiche vissute e sub\u00ecte dalle donne, e a cui parteciperanno rappresentanti delle Forze dell&#39;Ordine, Polizia di Stato e Carabinieri, Azienda Sanitaria, Prefettura.<\/p>\n<p>\u201c\u00c8 l&#39;avvio di un primo incontro fra tutte le realt\u00e0 istituzionali per comprendere le criticit\u00e0 e per gestire le politiche territoriali pi\u00f9 idonee a contrastare la violenza sulle donne. Sono inoltre previsti anche protocolli di &#39;buone prassi&#39; operative\u201d \u2013 ha sottolineato ancora Tonel \u2013 e ovviamente l&#39;adesione alla campagna nazionale dell&#39;Anci che mette sempre a disposizione il numero verde d&#39;emergenza: 1522\u201d.<\/p>\n<p>\u201cI dati sul fenomeno della violenza denotano una situazione preoccupante \u2013 ha evidenziato la presidente del Goap, Maria Ferrara -. Le donne chiedono aiuto. In pi\u00f9 di vent&#39;anni di attivit\u00e0 ne abbiamo viste almeno 3500. La maggior parte denunciano ancor prima di arrivare al centro antiviolenza. Ma le risposte devono essere pi\u00f9 coese, pi\u00f9 strutturate, per non lasciare le donne sole e per fare in modo che ricevano risposte certe da parte di tutte le istituzioni\u201d.<\/p>\n<p>Sempre il 24 novembre, alle ore 17, \u00e8 prevista una particolare <strong><em>passeggiata-percorso di &#39;teatro itinerante&#39;,<\/em><\/strong> con partenza dalla Loggia di piazza Unit\u00e0, a cura della Casa della Musica, con testi tratti da Dacia Maraini, Pier Paolo Pasolini, Serena Dandini, che terminer\u00e0 alla sede del Goap.<\/p>\n<p><strong>Sabato 26 novembre<\/strong>, nella Sala Auditorium del Museo Revoltella di via Diaz 27, alle 17.30, andr\u00e0 in scena l&#39; <strong><em>\u201cOtello\u201d,<\/em><\/strong> spettacolo teatrale diretto da Raffaele Sincovich, con Sara Cechet Woodcoock e lo stesso Sincovich, a cura della Compagnia di Atto Quinto. \u201cIago, il protagonista, rappresenta un po&#39; lo specchio della nostra societ\u00e0: l&#39;uomo che compie atti di violenza contro le donne \u2013 ha affermato Sincovich -. Ci sembrava la scelta pi\u00f9 adatta per rappresentare e dare efficacia alla realt\u00e0 del fenomeno\u201d. \u201cAnche l&#39;estrema passivit\u00e0 di Desdemona che subisce l&#39;ingiustizia fino alla fine, senza ribellarsi, d\u00e0 l&#39;idea dell&#39;incapacit\u00e0 della donna, anche nella odierna societ\u00e0, di alzare la testa\u201d, ha aggiunto Sara Cechet.<\/p>\n<p><strong>Gioved\u00ec 1\u00b0dicembre, alle 16.30, <\/strong>nella Sala Bazlen di Palazzo Gopcevich, \u00a0ci si interrogher\u00e0 nuovamente su <em>\u201cQuali figure di donne sono presenti nel nostro immaginario?\u201d<\/em>, a cura della Casa Internazionale delle Donne. \u201cMolte idee crescono e si strutturano nel legame tra linguaggio quotidiano, immaginario e letteratura \u2013 ha commentato\u00a0 Gabriella Musetti \u2013 attraverso cui si possono comprendere fenomeni drammatici come il femminicidio. Nel corso degli incontri sul tema fissati il 17 novembre e il 1\u00b0 dicembre, nel corso della presentazione di due libri: \u201cL&#39;invenzione delle personagge\u201d e \u201cLe personagge sono voci interiori\u201d, oltre ai racconti del mistero \u201cNero Dickens\u201d, si analizzer\u00e0 come vengono scritte e immaginate le donne nel recente rispetto al passato. Proprio per stimolare a ragionamenti e percorsi dei rapporti sociali e per meglio approfondire le dinamiche private e pubbliche\u201d.<\/p>\n<p>Sempre nell&#39;ottica di sensibilizzare maggiormente i cittadini, <strong>dal 25 novembre al 12 dicembre, <\/strong>\u00e8 prevista l&#39;illuminazione, in &#39;color arancio&#39;, della Fontana del Nettuno di piazza della Borsa, nell&#39;ambito della Campagna promossa da <em>UniTE to End Violence Against Women <\/em>&#8211; UNWomen Comitato Nazionale Italia.<\/p>\n","protected":false},"excerpt":{"rendered":"<p>Trieste si mobilita contro il femminicidio<\/p>\n","protected":false},"author":28,"featured_media":20848,"comment_status":"closed","ping_status":"closed","sticky":false,"template":"","format":"standard","meta":{"dwc-title":[],"dwc-content":[],"footnotes":""},"categories":[5],"tags":[],"class_list":["post-20847","post","type-post","status-publish","format-standard","has-post-thumbnail","hentry","category-attualita"],"rttpg_featured_image_url":{"full":["https:\/\/imagazine.it\/wp-content\/uploads\/2024\/01\/16680-1.webp",750,500,false],"landscape":["https:\/\/imagazine.it\/wp-content\/uploads\/2024\/01\/16680-1.webp",750,500,false],"portraits":["https:\/\/imagazine.it\/wp-content\/uploads\/2024\/01\/16680-1.webp",750,500,false],"thumbnail":["https:\/\/imagazine.it\/wp-content\/uploads\/2024\/01\/16680-1-150x150.webp",150,150,true],"medium":["https:\/\/imagazine.it\/wp-content\/uploads\/2024\/01\/16680-1-300x200.webp",300,200,true],"large":["https:\/\/imagazine.it\/wp-content\/uploads\/2024\/01\/16680-1.webp",640,427,false],"thumblist":["https:\/\/imagazine.it\/wp-content\/uploads\/2024\/01\/16680-1.webp",300,200,false],"thumbrelated":["https:\/\/imagazine.it\/wp-content\/uploads\/2024\/01\/16680-1.webp",500,333,false],"meccarouselthumb":["https:\/\/imagazine.it\/wp-content\/uploads\/2024\/01\/16680-1.webp",474,316,false],"gridsquare":["https:\/\/imagazine.it\/wp-content\/uploads\/2024\/01\/16680-1.webp",391,260,false],"tileview":["https:\/\/imagazine.it\/wp-content\/uploads\/2024\/01\/16680-1.webp",300,200,false],"1536x1536":["https:\/\/imagazine.it\/wp-content\/uploads\/2024\/01\/16680-1.webp",750,500,false],"2048x2048":["https:\/\/imagazine.it\/wp-content\/uploads\/2024\/01\/16680-1.webp",750,500,false],"newsup-slider-full":["https:\/\/imagazine.it\/wp-content\/uploads\/2024\/01\/16680-1.webp",750,500,false],"newsup-featured":["https:\/\/imagazine.it\/wp-content\/uploads\/2024\/01\/16680-1.webp",750,500,false],"newsup-medium":["https:\/\/imagazine.it\/wp-content\/uploads\/2024\/01\/16680-1-720x380.webp",720,380,true],"tptn_thumbnail":["https:\/\/imagazine.it\/wp-content\/uploads\/2024\/01\/16680-1.webp",250,167,false],"sow-carousel-default":["https:\/\/imagazine.it\/wp-content\/uploads\/2024\/01\/16680-1-272x182.webp",272,182,true]},"rttpg_author":{"display_name":"redazione","author_link":"https:\/\/imagazine.it\/home_desk\/author\/redazione\/"},"rttpg_comment":0,"rttpg_category":"<a href=\"https:\/\/imagazine.it\/home_desk\/category\/attualita\/\" rel=\"category tag\">ATTUALIT\u00c0<\/a>","rttpg_excerpt":"Trieste si mobilita contro il femminicidio","_links":{"self":[{"href":"https:\/\/imagazine.it\/home_desk\/wp-json\/wp\/v2\/posts\/20847","targetHints":{"allow":["GET"]}}],"collection":[{"href":"https:\/\/imagazine.it\/home_desk\/wp-json\/wp\/v2\/posts"}],"about":[{"href":"https:\/\/imagazine.it\/home_desk\/wp-json\/wp\/v2\/types\/post"}],"author":[{"embeddable":true,"href":"https:\/\/imagazine.it\/home_desk\/wp-json\/wp\/v2\/users\/28"}],"replies":[{"embeddable":true,"href":"https:\/\/imagazine.it\/home_desk\/wp-json\/wp\/v2\/comments?post=20847"}],"version-history":[{"count":0,"href":"https:\/\/imagazine.it\/home_desk\/wp-json\/wp\/v2\/posts\/20847\/revisions"}],"wp:featuredmedia":[{"embeddable":true,"href":"https:\/\/imagazine.it\/home_desk\/wp-json\/wp\/v2\/media\/20848"}],"wp:attachment":[{"href":"https:\/\/imagazine.it\/home_desk\/wp-json\/wp\/v2\/media?parent=20847"}],"wp:term":[{"taxonomy":"category","embeddable":true,"href":"https:\/\/imagazine.it\/home_desk\/wp-json\/wp\/v2\/categories?post=20847"},{"taxonomy":"post_tag","embeddable":true,"href":"https:\/\/imagazine.it\/home_desk\/wp-json\/wp\/v2\/tags?post=20847"}],"curies":[{"name":"wp","href":"https:\/\/api.w.org\/{rel}","templated":true}]}}