{"id":20837,"date":"2016-11-14T00:00:00","date_gmt":"2016-11-13T23:00:00","guid":{"rendered":"https:\/\/imagazine.it\/?p=20837"},"modified":"2016-11-14T00:00:00","modified_gmt":"2016-11-13T23:00:00","slug":"da-cervignano-alle-major-discografiche","status":"publish","type":"post","link":"https:\/\/imagazine.it\/home_desk\/da-cervignano-alle-major-discografiche\/","title":{"rendered":"Da Cervignano alle major discografiche"},"content":{"rendered":"<p>Il Comune di Cervignano del Friuli ha istituito il\u00a0<strong>\u201cPremio Casa della Musica\u201d<\/strong>\u00a0affidando l\u2019organizzazione e la gestione della\u00a0<strong>seconda edizione del concorso\u00a0<\/strong>a\u00a0<strong>Supersonic Studio di Francesco Contadini<\/strong>.<\/p>\n<p>La Commissione artistica, che selezioner\u00e0 i dieci finalisti e costituir\u00e0 la Giuria della serata finale, \u00e8 composta da\u00a0<strong>Andrea Rigonat<\/strong>\u00a0(Direttore Artistico),\u00a0<strong>Francesco Contadini<\/strong>\u00a0(Presidente di giuria), <strong>Cindy Cattaruzza<\/strong>\u00a0(cantante professionista) e\u00a0<strong>Marino Cecada<\/strong>\u00a0(musicista e video maker).<\/p>\n<p>Ci si pu\u00f2 iscrivere fino al\u00a0<strong>30 novembre 2016<\/strong>.\u00a0Le selezioni dei brani inizieranno gioved\u00ec 1 dicembre e si concluderanno entro l\u201911 dicembre.\u00a0<\/p>\n<p><strong>La serata finale<\/strong>\u00a0\u00e8 prevista per mercoled\u00ec\u00a0<strong>21 dicembre 2016<\/strong>\u00a0al teatro comunale\u00a0<strong>\u201cPier Paolo Pasolini\u201d, con <\/strong><strong>Luciano Trombin <\/strong><strong>fotografo ufficiale.<\/strong><br \/> <strong><strong>L\u2019iscrizione \u00e8 gratuita<\/strong><\/strong>\u00a0e possono partecipare al concorso tutte le persone fisiche italiane e straniere aventi, alla data del 31\/12\/2015, compiuto minimo i 16 e massimo i 36 anni d\u2019et\u00e0, residenti in Friuli Venezia Giulia.<\/p>\n<p>Sono previsti tre diversi premi. Il primo verr\u00e0 assegnato dalla Giuria e prevede, per il vincitore, la possibilit\u00e0 di produrre il suo singolo nello studio di registrazione della Casa della Musica, sotto la direzione artistica di Andrea Rigonat e Francesco Contadini; la realizzazione di un video promo a cura di Marino Cecada e la presentazione alle migliori case discografiche italiane (ad esempio: Sony Music Italy, Warner Music Italy, Universal Music Italia, Sugar ecc.).<\/p>\n<p>Un altro premio verr\u00e0 assegnato dal pubblico presente in sala durante la serata finale e il vincitore avr\u00e0 la possibilit\u00e0 di usufruire gratuitamente dello studio di registrazione della Casa della Musica, assistito dal fonico dello studio, per un\u2019intera giornata.<\/p>\n","protected":false},"excerpt":{"rendered":"<p>Ritorna il Premio Casa della Musica<\/p>\n","protected":false},"author":28,"featured_media":20838,"comment_status":"closed","ping_status":"closed","sticky":false,"template":"","format":"standard","meta":{"dwc-title":[],"dwc-content":[],"footnotes":""},"categories":[37],"tags":[],"class_list":["post-20837","post","type-post","status-publish","format-standard","has-post-thumbnail","hentry","category-cultura-e-spettacolo"],"rttpg_featured_image_url":{"full":["https:\/\/imagazine.it\/wp-content\/uploads\/2024\/01\/16648-1.webp",750,449,false],"landscape":["https:\/\/imagazine.it\/wp-content\/uploads\/2024\/01\/16648-1.webp",750,449,false],"portraits":["https:\/\/imagazine.it\/wp-content\/uploads\/2024\/01\/16648-1.webp",750,449,false],"thumbnail":["https:\/\/imagazine.it\/wp-content\/uploads\/2024\/01\/16648-1-150x150.webp",150,150,true],"medium":["https:\/\/imagazine.it\/wp-content\/uploads\/2024\/01\/16648-1-300x180.webp",300,180,true],"large":["https:\/\/imagazine.it\/wp-content\/uploads\/2024\/01\/16648-1.webp",640,383,false],"thumblist":["https:\/\/imagazine.it\/wp-content\/uploads\/2024\/01\/16648-1.webp",300,180,false],"thumbrelated":["https:\/\/imagazine.it\/wp-content\/uploads\/2024\/01\/16648-1.webp",500,299,false],"meccarouselthumb":["https:\/\/imagazine.it\/wp-content\/uploads\/2024\/01\/16648-1.webp",474,284,false],"gridsquare":["https:\/\/imagazine.it\/wp-content\/uploads\/2024\/01\/16648-1.webp",391,234,false],"tileview":["https:\/\/imagazine.it\/wp-content\/uploads\/2024\/01\/16648-1.webp",300,180,false],"1536x1536":["https:\/\/imagazine.it\/wp-content\/uploads\/2024\/01\/16648-1.webp",750,449,false],"2048x2048":["https:\/\/imagazine.it\/wp-content\/uploads\/2024\/01\/16648-1.webp",750,449,false],"newsup-slider-full":["https:\/\/imagazine.it\/wp-content\/uploads\/2024\/01\/16648-1.webp",750,449,false],"newsup-featured":["https:\/\/imagazine.it\/wp-content\/uploads\/2024\/01\/16648-1.webp",750,449,false],"newsup-medium":["https:\/\/imagazine.it\/wp-content\/uploads\/2024\/01\/16648-1-720x380.webp",720,380,true],"tptn_thumbnail":["https:\/\/imagazine.it\/wp-content\/uploads\/2024\/01\/16648-1.webp",250,150,false],"sow-carousel-default":["https:\/\/imagazine.it\/wp-content\/uploads\/2024\/01\/16648-1-272x182.webp",272,182,true]},"rttpg_author":{"display_name":"redazione","author_link":"https:\/\/imagazine.it\/home_desk\/author\/redazione\/"},"rttpg_comment":0,"rttpg_category":"<a href=\"https:\/\/imagazine.it\/home_desk\/category\/cultura-e-spettacolo\/\" rel=\"category tag\">CULTURA&amp;SPETTACOLO<\/a>","rttpg_excerpt":"Ritorna il Premio Casa della Musica","_links":{"self":[{"href":"https:\/\/imagazine.it\/home_desk\/wp-json\/wp\/v2\/posts\/20837","targetHints":{"allow":["GET"]}}],"collection":[{"href":"https:\/\/imagazine.it\/home_desk\/wp-json\/wp\/v2\/posts"}],"about":[{"href":"https:\/\/imagazine.it\/home_desk\/wp-json\/wp\/v2\/types\/post"}],"author":[{"embeddable":true,"href":"https:\/\/imagazine.it\/home_desk\/wp-json\/wp\/v2\/users\/28"}],"replies":[{"embeddable":true,"href":"https:\/\/imagazine.it\/home_desk\/wp-json\/wp\/v2\/comments?post=20837"}],"version-history":[{"count":0,"href":"https:\/\/imagazine.it\/home_desk\/wp-json\/wp\/v2\/posts\/20837\/revisions"}],"wp:featuredmedia":[{"embeddable":true,"href":"https:\/\/imagazine.it\/home_desk\/wp-json\/wp\/v2\/media\/20838"}],"wp:attachment":[{"href":"https:\/\/imagazine.it\/home_desk\/wp-json\/wp\/v2\/media?parent=20837"}],"wp:term":[{"taxonomy":"category","embeddable":true,"href":"https:\/\/imagazine.it\/home_desk\/wp-json\/wp\/v2\/categories?post=20837"},{"taxonomy":"post_tag","embeddable":true,"href":"https:\/\/imagazine.it\/home_desk\/wp-json\/wp\/v2\/tags?post=20837"}],"curies":[{"name":"wp","href":"https:\/\/api.w.org\/{rel}","templated":true}]}}