{"id":20815,"date":"2016-11-09T00:00:00","date_gmt":"2016-11-08T23:00:00","guid":{"rendered":"https:\/\/imagazine.it\/?p=20815"},"modified":"2016-11-09T00:00:00","modified_gmt":"2016-11-08T23:00:00","slug":"sollima-conquista-il-bon","status":"publish","type":"post","link":"https:\/\/imagazine.it\/home_desk\/sollima-conquista-il-bon\/","title":{"rendered":"Sollima conquista il Bon"},"content":{"rendered":"<p><strong><a href=\"http:\/\/www.imagazine.it\/notizie-trieste-gorizia-udine-friuli\/3617\" target=\"_blank\" rel=\"noopener\">Giovanni Sollima<\/a> <\/strong>ha aperto la stagione musicale del Teatro Bon di Colugna con un concerto a dir poco straordinario, non solo per le sue grandi capacit\u00e0 di infondere linfa contemporanea in un repertorio Settecentesco, ma soprattutto perch\u00e9 ha ridato voce e vita a una grande personalit\u00e0 della musica italiana e europea: Giovanni Battista Costanzi (Roma1704-1778). Titolo del concerto &#8220;The missing link&#8221;, l&#39;anello mancante della storia del violoncello per Sollima, sul palco del Teatro Bon con l&#39;<em>Arianna<\/em> <em>Art Ensemble<\/em> composto da <strong>Cinzia Guarino<\/strong> al clavicembalo, <strong>Andrea e Paolo Rigano<\/strong> al violoncello il primo, arciliuto e chitarra barocca il secondo, musicisti di grande sensibilit\u00e0 interpretativa e eccellente tecnica esecutiva.<\/p>\n<p>In programma un repertorio per la maggior parte inedito, partiture che Sollima a trovato con un paziente lavoro di ricerca e ha &#8220;scritto o riscritto di sana pianta, ispirato dal virtuoso del violoncello, autore di musica sacra, cantante ma anche capo d&#39;istrumenti, quello che oggi chiameremmo casting di musicisti per grandi orchestre. Un concerto intenso, pieno di colori e di ritmi; &#8220;in bilico fra Tartini e Boccherini, passando per la scuola napoletana e sfiorando Haydn, grande amico di Costanzi&#8221;, scrive Sollima nelle note di sala.<\/p>\n<p>&#8220;Sollima \u00e8 la reincarnazione di Costanzi &#8211; commenta <strong>Claudio Mansutti<\/strong>, apprezzato direttore della stagione e della Fondazione Bon -. Inarrivabile per i contemporanei e per molto tempo dopo \u00a0fu inventore di tecniche violoncellistiche ancora attuali, si potrebbe dire un vero Paganini del violoncello, fresco come fosse appena stato scritto&#8221;.<\/p>\n<p>Sapientemente scelto il repertorio, recentemente pubblicato anche in cd, ricco di sfumature etniche, respiri emotivi e \u201caffetti\u201d barocchi traslati in una contemporaneit\u00e0 che connota Giovanni Sollima. Particolarmente bello il brano \u201cil Mandataro\u201d scritto dallo stesso Sollima ripensando a Costanzi. Generosi fino alla fine i musicisti che, nonostante l&#39;impegno richiesto dal concerto, hanno donato vari bis al pubblico entusiasta.<\/p>\n<p>Prossimo appuntamento della stagione musicale al Teatro Bon venerd\u00ec 18 novembre alle 20.45 con &#8220;Histoire du Soldat&#8221; di Igor Stravinskij, con la <strong>Camerata strumentale Eptafon\u00e8<\/strong> &#8211; Ensemble della Rai di Torino.<\/p>\n","protected":false},"excerpt":{"rendered":"<p>Concerto d&#8217;apertura della stagione<\/p>\n","protected":false},"author":23,"featured_media":20816,"comment_status":"closed","ping_status":"closed","sticky":false,"template":"","format":"standard","meta":{"dwc-title":[],"dwc-content":[],"footnotes":""},"categories":[37],"tags":[],"class_list":["post-20815","post","type-post","status-publish","format-standard","has-post-thumbnail","hentry","category-cultura-e-spettacolo"],"rttpg_featured_image_url":{"full":["https:\/\/imagazine.it\/wp-content\/uploads\/2024\/01\/16602-1.webp",750,502,false],"landscape":["https:\/\/imagazine.it\/wp-content\/uploads\/2024\/01\/16602-1.webp",750,502,false],"portraits":["https:\/\/imagazine.it\/wp-content\/uploads\/2024\/01\/16602-1.webp",750,502,false],"thumbnail":["https:\/\/imagazine.it\/wp-content\/uploads\/2024\/01\/16602-1-150x150.webp",150,150,true],"medium":["https:\/\/imagazine.it\/wp-content\/uploads\/2024\/01\/16602-1-300x201.webp",300,201,true],"large":["https:\/\/imagazine.it\/wp-content\/uploads\/2024\/01\/16602-1.webp",640,428,false],"thumblist":["https:\/\/imagazine.it\/wp-content\/uploads\/2024\/01\/16602-1.webp",300,201,false],"thumbrelated":["https:\/\/imagazine.it\/wp-content\/uploads\/2024\/01\/16602-1.webp",500,335,false],"meccarouselthumb":["https:\/\/imagazine.it\/wp-content\/uploads\/2024\/01\/16602-1.webp",474,317,false],"gridsquare":["https:\/\/imagazine.it\/wp-content\/uploads\/2024\/01\/16602-1.webp",388,260,false],"tileview":["https:\/\/imagazine.it\/wp-content\/uploads\/2024\/01\/16602-1.webp",300,201,false],"1536x1536":["https:\/\/imagazine.it\/wp-content\/uploads\/2024\/01\/16602-1.webp",750,502,false],"2048x2048":["https:\/\/imagazine.it\/wp-content\/uploads\/2024\/01\/16602-1.webp",750,502,false],"newsup-slider-full":["https:\/\/imagazine.it\/wp-content\/uploads\/2024\/01\/16602-1.webp",750,502,false],"newsup-featured":["https:\/\/imagazine.it\/wp-content\/uploads\/2024\/01\/16602-1.webp",750,502,false],"newsup-medium":["https:\/\/imagazine.it\/wp-content\/uploads\/2024\/01\/16602-1-720x380.webp",720,380,true],"tptn_thumbnail":["https:\/\/imagazine.it\/wp-content\/uploads\/2024\/01\/16602-1.webp",250,167,false],"sow-carousel-default":["https:\/\/imagazine.it\/wp-content\/uploads\/2024\/01\/16602-1-272x182.webp",272,182,true]},"rttpg_author":{"display_name":"Margherita Reguitti","author_link":"https:\/\/imagazine.it\/home_desk\/author\/reguitti\/"},"rttpg_comment":0,"rttpg_category":"<a href=\"https:\/\/imagazine.it\/home_desk\/category\/cultura-e-spettacolo\/\" rel=\"category tag\">CULTURA&amp;SPETTACOLO<\/a>","rttpg_excerpt":"Concerto d'apertura della stagione","_links":{"self":[{"href":"https:\/\/imagazine.it\/home_desk\/wp-json\/wp\/v2\/posts\/20815","targetHints":{"allow":["GET"]}}],"collection":[{"href":"https:\/\/imagazine.it\/home_desk\/wp-json\/wp\/v2\/posts"}],"about":[{"href":"https:\/\/imagazine.it\/home_desk\/wp-json\/wp\/v2\/types\/post"}],"author":[{"embeddable":true,"href":"https:\/\/imagazine.it\/home_desk\/wp-json\/wp\/v2\/users\/23"}],"replies":[{"embeddable":true,"href":"https:\/\/imagazine.it\/home_desk\/wp-json\/wp\/v2\/comments?post=20815"}],"version-history":[{"count":0,"href":"https:\/\/imagazine.it\/home_desk\/wp-json\/wp\/v2\/posts\/20815\/revisions"}],"wp:featuredmedia":[{"embeddable":true,"href":"https:\/\/imagazine.it\/home_desk\/wp-json\/wp\/v2\/media\/20816"}],"wp:attachment":[{"href":"https:\/\/imagazine.it\/home_desk\/wp-json\/wp\/v2\/media?parent=20815"}],"wp:term":[{"taxonomy":"category","embeddable":true,"href":"https:\/\/imagazine.it\/home_desk\/wp-json\/wp\/v2\/categories?post=20815"},{"taxonomy":"post_tag","embeddable":true,"href":"https:\/\/imagazine.it\/home_desk\/wp-json\/wp\/v2\/tags?post=20815"}],"curies":[{"name":"wp","href":"https:\/\/api.w.org\/{rel}","templated":true}]}}