{"id":20780,"date":"2016-11-07T00:00:00","date_gmt":"2016-11-06T23:00:00","guid":{"rendered":"https:\/\/imagazine.it\/?p=20780"},"modified":"2016-11-07T00:00:00","modified_gmt":"2016-11-06T23:00:00","slug":"centri-diurni-comunali-arrivano-le-telecamere","status":"publish","type":"post","link":"https:\/\/imagazine.it\/home_desk\/centri-diurni-comunali-arrivano-le-telecamere\/","title":{"rendered":"Centri diurni comunali, arrivano le telecamere"},"content":{"rendered":"<p>L&#39;assessore ai Servizi e alle Politiche Sciali del Comune di Trieste, <strong>Carlo Grilli<\/strong>, ha annunciato l&#39;operativit\u00e0 delle telecamere nel centro diurno di via Weiss entro al massimo 15 giorni, come primo passo di un percorso che interesser\u00e0 oltre ai centri diurni comunali, anche le comunit\u00e0 alloggio e in seguito, nel 2017, le restanti strutture residenziali comunali per anziani: Gregoretti, Casa Bartoli, Casa Serena, Centro per l&#39;Anziano e Ralli (in via di prossima riapertura) e quelle convenzionate.<\/p>\n<p>\u201cIl &#39;sistema Trieste&#39; \u00e8 ormai collaudato &#8211; ha sottolineato Grilli \u2013 e l&#39;attivazione delle telecamere, che avviene dopo gli opportuni confronti e la condivisione con gli operatori, i famigliari e le organizzazioni sindacali, vuole esclusivamente apportare un miglioramento al gi\u00e0 qualificato servizio offerto agli utenti e non vuole in alcun modo sostituirsi alle persone e alle buone relazioni tra operatori, genitori e ragazzi. Pertanto \u00e8 bene ribadire che non sussiste alcuna situazione di emergenza tanto pi\u00f9 in una citt\u00e0 che \u00e8\u00a0 &#39;modello di eccellenza&#39; a livello nazionale e che per prima, a scopo preventivo, anticipa un servizio in vista dell&#39;imminente legislazione in materia\u201d.<\/p>\n<p>Le telecamere \u2013 come \u00e8 stato spiegato anche dal direttore del Servizio Strutture interventi per disabilit\u00e0 del Comune, <strong>Luigi Leonardi<\/strong>, e dal responsabile degli operatori del Centro diurno di via Weiss per la Cooperativa sociale 2001, <strong>Alessandro Grassi<\/strong> \u2013via via attivate nelle varie strutture dopo le gare di appalto, saranno a circuito chiuso ed esaminabili esclusivamente dalle autorit\u00e0 competenti solo in casi di particolare gravit\u00e0.<\/p>\n","protected":false},"excerpt":{"rendered":"<p>Annuncio del Comune di Trieste<\/p>\n","protected":false},"author":28,"featured_media":20781,"comment_status":"closed","ping_status":"closed","sticky":false,"template":"","format":"standard","meta":{"dwc-title":[],"dwc-content":[],"footnotes":""},"categories":[5],"tags":[],"class_list":["post-20780","post","type-post","status-publish","format-standard","has-post-thumbnail","hentry","category-attualita"],"rttpg_featured_image_url":{"full":["https:\/\/imagazine.it\/wp-content\/uploads\/2024\/01\/16541-1.webp",750,454,false],"landscape":["https:\/\/imagazine.it\/wp-content\/uploads\/2024\/01\/16541-1.webp",750,454,false],"portraits":["https:\/\/imagazine.it\/wp-content\/uploads\/2024\/01\/16541-1.webp",750,454,false],"thumbnail":["https:\/\/imagazine.it\/wp-content\/uploads\/2024\/01\/16541-1-150x150.webp",150,150,true],"medium":["https:\/\/imagazine.it\/wp-content\/uploads\/2024\/01\/16541-1-300x182.webp",300,182,true],"large":["https:\/\/imagazine.it\/wp-content\/uploads\/2024\/01\/16541-1.webp",640,387,false],"thumblist":["https:\/\/imagazine.it\/wp-content\/uploads\/2024\/01\/16541-1.webp",300,182,false],"thumbrelated":["https:\/\/imagazine.it\/wp-content\/uploads\/2024\/01\/16541-1.webp",500,303,false],"meccarouselthumb":["https:\/\/imagazine.it\/wp-content\/uploads\/2024\/01\/16541-1.webp",474,287,false],"gridsquare":["https:\/\/imagazine.it\/wp-content\/uploads\/2024\/01\/16541-1.webp",391,237,false],"tileview":["https:\/\/imagazine.it\/wp-content\/uploads\/2024\/01\/16541-1.webp",300,182,false],"1536x1536":["https:\/\/imagazine.it\/wp-content\/uploads\/2024\/01\/16541-1.webp",750,454,false],"2048x2048":["https:\/\/imagazine.it\/wp-content\/uploads\/2024\/01\/16541-1.webp",750,454,false],"newsup-slider-full":["https:\/\/imagazine.it\/wp-content\/uploads\/2024\/01\/16541-1.webp",750,454,false],"newsup-featured":["https:\/\/imagazine.it\/wp-content\/uploads\/2024\/01\/16541-1.webp",750,454,false],"newsup-medium":["https:\/\/imagazine.it\/wp-content\/uploads\/2024\/01\/16541-1-720x380.webp",720,380,true],"tptn_thumbnail":["https:\/\/imagazine.it\/wp-content\/uploads\/2024\/01\/16541-1.webp",250,151,false],"sow-carousel-default":["https:\/\/imagazine.it\/wp-content\/uploads\/2024\/01\/16541-1-272x182.webp",272,182,true]},"rttpg_author":{"display_name":"redazione","author_link":"https:\/\/imagazine.it\/home_desk\/author\/redazione\/"},"rttpg_comment":0,"rttpg_category":"<a href=\"https:\/\/imagazine.it\/home_desk\/category\/attualita\/\" rel=\"category tag\">ATTUALIT\u00c0<\/a>","rttpg_excerpt":"Annuncio del Comune di Trieste","_links":{"self":[{"href":"https:\/\/imagazine.it\/home_desk\/wp-json\/wp\/v2\/posts\/20780","targetHints":{"allow":["GET"]}}],"collection":[{"href":"https:\/\/imagazine.it\/home_desk\/wp-json\/wp\/v2\/posts"}],"about":[{"href":"https:\/\/imagazine.it\/home_desk\/wp-json\/wp\/v2\/types\/post"}],"author":[{"embeddable":true,"href":"https:\/\/imagazine.it\/home_desk\/wp-json\/wp\/v2\/users\/28"}],"replies":[{"embeddable":true,"href":"https:\/\/imagazine.it\/home_desk\/wp-json\/wp\/v2\/comments?post=20780"}],"version-history":[{"count":0,"href":"https:\/\/imagazine.it\/home_desk\/wp-json\/wp\/v2\/posts\/20780\/revisions"}],"wp:featuredmedia":[{"embeddable":true,"href":"https:\/\/imagazine.it\/home_desk\/wp-json\/wp\/v2\/media\/20781"}],"wp:attachment":[{"href":"https:\/\/imagazine.it\/home_desk\/wp-json\/wp\/v2\/media?parent=20780"}],"wp:term":[{"taxonomy":"category","embeddable":true,"href":"https:\/\/imagazine.it\/home_desk\/wp-json\/wp\/v2\/categories?post=20780"},{"taxonomy":"post_tag","embeddable":true,"href":"https:\/\/imagazine.it\/home_desk\/wp-json\/wp\/v2\/tags?post=20780"}],"curies":[{"name":"wp","href":"https:\/\/api.w.org\/{rel}","templated":true}]}}