{"id":20698,"date":"2016-10-24T00:00:00","date_gmt":"2016-10-23T23:00:00","guid":{"rendered":"https:\/\/imagazine.it\/?p=20698"},"modified":"2016-10-24T00:00:00","modified_gmt":"2016-10-23T23:00:00","slug":"udine-e-matera-gemellate-per-promuovere-il-turismo","status":"publish","type":"post","link":"https:\/\/imagazine.it\/home_desk\/udine-e-matera-gemellate-per-promuovere-il-turismo\/","title":{"rendered":"Udine e Matera gemellate per promuovere il turismo"},"content":{"rendered":"<p>L\u2019idea di un\u00a0<strong>gemellaggio<\/strong>, in nome della\u00a0<strong>cultura<\/strong>, tra\u00a0<strong>Udine e Matera<\/strong>: prender\u00e0 sviluppo dalla\u00a0<strong>quinta Borsa internazionale del turismo culturale<\/strong>, ospitata dalla\u00a0<strong>Camera di Commercio friulana<\/strong>,\u00a0<strong>oggi e domani<\/strong>, tra\u00a0Sala Valduga e Casa Cavazzini con visite alle principali localit\u00e0 del territorio, a partire dai Siti Unesco.<\/p>\n<p>L\u2019ha lanciata \u2013 trovando subito accoglienza \u2013 il presidente della\u00a0<strong>Camera di Matera<\/strong>,\u00a0<strong>Angelo Tortorelli<\/strong>, omaggiando il sindaco\u00a0<strong>Furio Honsell<\/strong>\u00a0e il presidente camerale\u00a0<strong>Giovanni Da Pozzo<\/strong>\u00a0della\u00a0<strong>medaglia simbolo di Matera 2019<\/strong>, nel convegno di apertura della Borsa, che vede Udine \u201cinvasa\u201d da\u00a0imprenditori del settore,\u00a0150 da tutta Italia e da altri Paesi del mondo, pronti a far incontrare domanda e offerta con\u00a0<strong>incontri individuali di business<\/strong>.<\/p>\n<p>La Borsa \u00e8 espressione di \u201c<strong>Mirabilia, European Network of Unesco Sites<\/strong>\u201d, percorso che raccoglie\u00a0<strong>una decina di Camere di Commercio italiane (fra cui quella di Udine)<\/strong>, con\u00a0<strong>capofila Matera<\/strong>, per una\u00a0promozione congiunta delle economie legate a turismo e cultura dei territori in cui vi sono Patrimoni Unesco \u201cmeno noti\u201d.<\/p>\n<p>Il tema dell\u2019incontro d\u2019apertura si \u00e8 legato proprio alla\u00a0<strong>promozione dei Siti Unesco<\/strong>, occasione per\u00a0<strong>trasformare cultura e imprese in patrimonio attivo<\/strong>. Si \u00e8 parlato di\u00a0reti pubblico-private da adottare, di\u00a0industrie creative, dei\u00a0percorsi di digitalizzazione\u00a0utili alla miglior valorizzazione dei siti e delle economie a essi legate,\u00a0in correlazione allo\u00a0sviluppo sostenibile.\u00a0<\/p>\n<p>Con riferimento al sistema produttivo creativo-culturale, come ha evidenziato il presidente\u00a0<strong>Da Pozzo<\/strong>, \u00abil\u00a0Fvg \u00e8 quinto in Italia, assieme al Piemonte, per incidenza del valore aggiunto (5,4%) e quarto al pari con Lombardia per incidenza dell\u2019occupazione (6,5%)\u00bb.<\/p>\n<p>\u00abIl progetto Mirabilia esprime valori che il nostro Paese dovrebbe saper utilizzare di pi\u00f9 e meglio per crescere in modo intelligente, sostenibile e di qualit\u00e0 \u2013 ha aggiunto Da Pozzo \u2013: confidiamo che anche iniziative come questa permettano di sensibilizzare istituzioni e opinione pubblica sul potente vol\u00e0no rappresentato da un lato dal nostro territorio cos\u00ec ricco di bellezze e biodiversit\u00e0, e dall\u2019altro dalla nostra cultura, che non ha davvero eguali in tutto il mondo e che pu\u00f2 diventare il vero, originalissimo,\u00a0<em>plus<\/em>\u00a0della nostra economia. Mirabilia \u00e8 la dimostrazione che queste non sono solo belle parole\u00bb. E infatti\u00a0<strong>da questo progetto sta nascendo una vera e propria rete tra imprese del settore, di tutta Italia, una rete che ha ora raccolto le prime 12 adesioni e che \u00e8 ovviamente aperta a ulteriori sviluppi<\/strong>: sar\u00e0\u00a0<strong>praticamente il vero e proprio braccio operativo di Mirabilia<\/strong>, con le\u00a0<strong>Camere di Commercio del progetto<\/strong>\u00a0come una sorta di \u201c<strong>padri fondatori<\/strong>\u201d ideali (le reti fra imprese, proprio in quanto tali, non possono essere costituite tra enti pubblici, ma solo fra privati). La\u00a0<strong>rete di imprese studier\u00e0 dei veri e propri pacchetti turistici<\/strong>\u00a0per promuovere in modo armonico i territori con\u00a0<strong>Siti Unesco minori<\/strong>, studiando\u00a0<strong>l\u2019offerta su misura per i turisti di diversi mercati del mondo<\/strong>.\u00a0<\/p>\n","protected":false},"excerpt":{"rendered":"<p>Progetto Mirabilia<\/p>\n","protected":false},"author":28,"featured_media":20699,"comment_status":"closed","ping_status":"closed","sticky":false,"template":"","format":"standard","meta":{"dwc-title":[],"dwc-content":[],"footnotes":""},"categories":[8],"tags":[],"class_list":["post-20698","post","type-post","status-publish","format-standard","has-post-thumbnail","hentry","category-turismo"],"rttpg_featured_image_url":{"full":["https:\/\/imagazine.it\/wp-content\/uploads\/2024\/01\/16341-1.webp",750,501,false],"landscape":["https:\/\/imagazine.it\/wp-content\/uploads\/2024\/01\/16341-1.webp",750,501,false],"portraits":["https:\/\/imagazine.it\/wp-content\/uploads\/2024\/01\/16341-1.webp",750,501,false],"thumbnail":["https:\/\/imagazine.it\/wp-content\/uploads\/2024\/01\/16341-1-150x150.webp",150,150,true],"medium":["https:\/\/imagazine.it\/wp-content\/uploads\/2024\/01\/16341-1-300x200.webp",300,200,true],"large":["https:\/\/imagazine.it\/wp-content\/uploads\/2024\/01\/16341-1.webp",640,428,false],"thumblist":["https:\/\/imagazine.it\/wp-content\/uploads\/2024\/01\/16341-1.webp",300,200,false],"thumbrelated":["https:\/\/imagazine.it\/wp-content\/uploads\/2024\/01\/16341-1.webp",500,334,false],"meccarouselthumb":["https:\/\/imagazine.it\/wp-content\/uploads\/2024\/01\/16341-1.webp",474,317,false],"gridsquare":["https:\/\/imagazine.it\/wp-content\/uploads\/2024\/01\/16341-1.webp",389,260,false],"tileview":["https:\/\/imagazine.it\/wp-content\/uploads\/2024\/01\/16341-1.webp",300,200,false],"1536x1536":["https:\/\/imagazine.it\/wp-content\/uploads\/2024\/01\/16341-1.webp",750,501,false],"2048x2048":["https:\/\/imagazine.it\/wp-content\/uploads\/2024\/01\/16341-1.webp",750,501,false],"newsup-slider-full":["https:\/\/imagazine.it\/wp-content\/uploads\/2024\/01\/16341-1.webp",750,501,false],"newsup-featured":["https:\/\/imagazine.it\/wp-content\/uploads\/2024\/01\/16341-1.webp",750,501,false],"newsup-medium":["https:\/\/imagazine.it\/wp-content\/uploads\/2024\/01\/16341-1-720x380.webp",720,380,true],"tptn_thumbnail":["https:\/\/imagazine.it\/wp-content\/uploads\/2024\/01\/16341-1.webp",250,167,false],"sow-carousel-default":["https:\/\/imagazine.it\/wp-content\/uploads\/2024\/01\/16341-1-272x182.webp",272,182,true]},"rttpg_author":{"display_name":"redazione","author_link":"https:\/\/imagazine.it\/home_desk\/author\/redazione\/"},"rttpg_comment":0,"rttpg_category":"<a href=\"https:\/\/imagazine.it\/home_desk\/category\/turismo\/\" rel=\"category tag\">TURISMO<\/a>","rttpg_excerpt":"Progetto Mirabilia","_links":{"self":[{"href":"https:\/\/imagazine.it\/home_desk\/wp-json\/wp\/v2\/posts\/20698","targetHints":{"allow":["GET"]}}],"collection":[{"href":"https:\/\/imagazine.it\/home_desk\/wp-json\/wp\/v2\/posts"}],"about":[{"href":"https:\/\/imagazine.it\/home_desk\/wp-json\/wp\/v2\/types\/post"}],"author":[{"embeddable":true,"href":"https:\/\/imagazine.it\/home_desk\/wp-json\/wp\/v2\/users\/28"}],"replies":[{"embeddable":true,"href":"https:\/\/imagazine.it\/home_desk\/wp-json\/wp\/v2\/comments?post=20698"}],"version-history":[{"count":0,"href":"https:\/\/imagazine.it\/home_desk\/wp-json\/wp\/v2\/posts\/20698\/revisions"}],"wp:featuredmedia":[{"embeddable":true,"href":"https:\/\/imagazine.it\/home_desk\/wp-json\/wp\/v2\/media\/20699"}],"wp:attachment":[{"href":"https:\/\/imagazine.it\/home_desk\/wp-json\/wp\/v2\/media?parent=20698"}],"wp:term":[{"taxonomy":"category","embeddable":true,"href":"https:\/\/imagazine.it\/home_desk\/wp-json\/wp\/v2\/categories?post=20698"},{"taxonomy":"post_tag","embeddable":true,"href":"https:\/\/imagazine.it\/home_desk\/wp-json\/wp\/v2\/tags?post=20698"}],"curies":[{"name":"wp","href":"https:\/\/api.w.org\/{rel}","templated":true}]}}