{"id":20686,"date":"2016-10-21T00:00:00","date_gmt":"2016-10-20T23:00:00","guid":{"rendered":"https:\/\/imagazine.it\/?p=20686"},"modified":"2016-10-21T00:00:00","modified_gmt":"2016-10-20T23:00:00","slug":"pro-loco-fvg-e-fondazione-crup-rinnovano-la-sinergia","status":"publish","type":"post","link":"https:\/\/imagazine.it\/home_desk\/pro-loco-fvg-e-fondazione-crup-rinnovano-la-sinergia\/","title":{"rendered":"Pro Loco FVG e Fondazione CRUP rinnovano la sinergia"},"content":{"rendered":"<p>Il patrimonio della tradizione immateriale, culturale, storica ed enogastronomica del Friuli Venezia Giulia \u00e8 un bene prezioso da tutelare e promuovere: ne sono convinti la Fondazione Crup e il Comitato regionale del Friuli Venezia Giulia dell\u2019Unione nazionale Pro loco d\u2019Italia che hanno sottoscritto a Udine su questi argomenti un accordo quadro di collaborazione per i prossimi tre anni. A firmare il documento, nella sede della Fondazione Crup a Udine, il presidente della Fondazione <strong>Lionello D\u2019Agostini <\/strong>e il presidente del Comitato <strong>Valter Pezzarini<\/strong>. Presenti anche il direttore della Fondazione <strong>Luciano Nonis<\/strong> e <strong>Francesca Burello<\/strong> della segreteria di presidenza, insieme a <strong>Marco Specia<\/strong> segretario del Comitato delle Pro Loco. L\u2019esordio della rinnovata collaborazione sar\u00e0 per gli eventi di Natale in Villa, il grande progetto natalizio delle Pro Loco regionali.<\/p>\n<p>\u201cCon la firma di questo atto\u00a0 &#8211; spiega D\u2019Agostini &#8211; intendiamo dare continuit\u00e0 strategica al sostegno da anni manifestato nei confronti del sistema delle Pro Loco: rendiamo cos\u00ec ufficiale un percorso fianco a fianco gi\u00e0 avviato negli anni passati per iniziative singole. Riteniamo che le Pro Loco siano indispensabili per comprendere, riscoprire e valorizzare le tradizioni tipiche e diversificate del nostro Paese. Valorizzarle significa valorizzare questo patrimonio e l\u2019eredit\u00e0 storica del nostro Friuli, senza scordare di pari passo il valore fondamentale della formazione delle nuove generazioni. Questo accordo quadro ha un significato profondo, alla pari di quelli che abbiamo firmato con l\u2019Universit\u00e0 di Udine e altri enti, perch\u00e9 segna una via sinergica pluriennale tra le nostre due realt\u00e0 a livello istituzionale, puntando immediatamente al \u201cfare bene\u201d che \u00e8 intrinseco nelle popolazioni del Friuli Venezia Giulia\u201d.<\/p>\n<p>La collaborazione verter\u00e0 su vari aspetti, da quelli pi\u00f9 prettamente culturali fino alla promozione turistica e ai percorsi di formazione, in modo da muovere un \u201cvolano\u201d completo di sviluppo per l\u2019intero Friuli Venezia Giulia.<\/p>\n","protected":false},"excerpt":{"rendered":"<p>Sottoscritto accordo triennale<\/p>\n","protected":false},"author":28,"featured_media":20687,"comment_status":"closed","ping_status":"closed","sticky":false,"template":"","format":"standard","meta":{"dwc-title":[],"dwc-content":[],"footnotes":""},"categories":[5],"tags":[],"class_list":["post-20686","post","type-post","status-publish","format-standard","has-post-thumbnail","hentry","category-attualita"],"rttpg_featured_image_url":{"full":["https:\/\/imagazine.it\/wp-content\/uploads\/2024\/01\/16325-1.webp",750,516,false],"landscape":["https:\/\/imagazine.it\/wp-content\/uploads\/2024\/01\/16325-1.webp",750,516,false],"portraits":["https:\/\/imagazine.it\/wp-content\/uploads\/2024\/01\/16325-1.webp",750,516,false],"thumbnail":["https:\/\/imagazine.it\/wp-content\/uploads\/2024\/01\/16325-1-150x150.webp",150,150,true],"medium":["https:\/\/imagazine.it\/wp-content\/uploads\/2024\/01\/16325-1-300x206.webp",300,206,true],"large":["https:\/\/imagazine.it\/wp-content\/uploads\/2024\/01\/16325-1.webp",640,440,false],"thumblist":["https:\/\/imagazine.it\/wp-content\/uploads\/2024\/01\/16325-1.webp",300,206,false],"thumbrelated":["https:\/\/imagazine.it\/wp-content\/uploads\/2024\/01\/16325-1.webp",500,344,false],"meccarouselthumb":["https:\/\/imagazine.it\/wp-content\/uploads\/2024\/01\/16325-1.webp",471,324,false],"gridsquare":["https:\/\/imagazine.it\/wp-content\/uploads\/2024\/01\/16325-1.webp",378,260,false],"tileview":["https:\/\/imagazine.it\/wp-content\/uploads\/2024\/01\/16325-1.webp",300,206,false],"1536x1536":["https:\/\/imagazine.it\/wp-content\/uploads\/2024\/01\/16325-1.webp",750,516,false],"2048x2048":["https:\/\/imagazine.it\/wp-content\/uploads\/2024\/01\/16325-1.webp",750,516,false],"newsup-slider-full":["https:\/\/imagazine.it\/wp-content\/uploads\/2024\/01\/16325-1.webp",750,516,false],"newsup-featured":["https:\/\/imagazine.it\/wp-content\/uploads\/2024\/01\/16325-1.webp",750,516,false],"newsup-medium":["https:\/\/imagazine.it\/wp-content\/uploads\/2024\/01\/16325-1-720x380.webp",720,380,true],"tptn_thumbnail":["https:\/\/imagazine.it\/wp-content\/uploads\/2024\/01\/16325-1.webp",250,172,false],"sow-carousel-default":["https:\/\/imagazine.it\/wp-content\/uploads\/2024\/01\/16325-1-272x182.webp",272,182,true]},"rttpg_author":{"display_name":"redazione","author_link":"https:\/\/imagazine.it\/home_desk\/author\/redazione\/"},"rttpg_comment":0,"rttpg_category":"<a href=\"https:\/\/imagazine.it\/home_desk\/category\/attualita\/\" rel=\"category tag\">ATTUALIT\u00c0<\/a>","rttpg_excerpt":"Sottoscritto accordo triennale","_links":{"self":[{"href":"https:\/\/imagazine.it\/home_desk\/wp-json\/wp\/v2\/posts\/20686","targetHints":{"allow":["GET"]}}],"collection":[{"href":"https:\/\/imagazine.it\/home_desk\/wp-json\/wp\/v2\/posts"}],"about":[{"href":"https:\/\/imagazine.it\/home_desk\/wp-json\/wp\/v2\/types\/post"}],"author":[{"embeddable":true,"href":"https:\/\/imagazine.it\/home_desk\/wp-json\/wp\/v2\/users\/28"}],"replies":[{"embeddable":true,"href":"https:\/\/imagazine.it\/home_desk\/wp-json\/wp\/v2\/comments?post=20686"}],"version-history":[{"count":0,"href":"https:\/\/imagazine.it\/home_desk\/wp-json\/wp\/v2\/posts\/20686\/revisions"}],"wp:featuredmedia":[{"embeddable":true,"href":"https:\/\/imagazine.it\/home_desk\/wp-json\/wp\/v2\/media\/20687"}],"wp:attachment":[{"href":"https:\/\/imagazine.it\/home_desk\/wp-json\/wp\/v2\/media?parent=20686"}],"wp:term":[{"taxonomy":"category","embeddable":true,"href":"https:\/\/imagazine.it\/home_desk\/wp-json\/wp\/v2\/categories?post=20686"},{"taxonomy":"post_tag","embeddable":true,"href":"https:\/\/imagazine.it\/home_desk\/wp-json\/wp\/v2\/tags?post=20686"}],"curies":[{"name":"wp","href":"https:\/\/api.w.org\/{rel}","templated":true}]}}