{"id":20656,"date":"2016-10-17T00:00:00","date_gmt":"2016-10-16T23:00:00","guid":{"rendered":"https:\/\/imagazine.it\/?p=20656"},"modified":"2016-10-17T00:00:00","modified_gmt":"2016-10-16T23:00:00","slug":"la-citta-dellimperatrice","status":"publish","type":"post","link":"https:\/\/imagazine.it\/home_desk\/la-citta-dellimperatrice\/","title":{"rendered":"La citt\u00e0 dell&#8217;imperatrice"},"content":{"rendered":"<p> \tUn convegno, organizzato per la prima volta a Trieste, incentrato su Maria Teresa d&#39;Asburgo, per celebrare e mettere in luce molteplici aspetti della grande imperatrice, dalla cultura all&#39;urbanistica, all&#39;economia, al sociale<strong>. <\/strong><\/p>\n<p> \t<strong>Il convegno<\/strong> \u2013 che avr\u00e0 luogo a Trieste, gioved\u00ec 20 ottobre (dalle 15.30 alle 18.30) e venerd\u00ec 21 ottobre (dalle 9.30 alle 13.30) nella Sala Costantinides del Museo Sartorio, in Largo Papa Giovanni XXIII, 1<strong> &#8211; <\/strong>\u00e8 organizzato dal Comune di Trieste ed \u00e8 cofinanziato dall&#39;Iniziativa Centro Europea\/Central European Initiative (InCE\/CEI) nell&#39;ambito delle azioni volte a promuovere la cooperazione interculturale tra i paesi dell\u2019Europa centro-orientale. Inoltre ha il patrocinio del Dipartimento di Scienze politiche e sociali dell\u2019Universit\u00e0 di Trieste. La direzione scientifica \u00e8 stata curata da Daniele Andreozzi (Universit\u00e0 di Trieste) e da Luca Mocarelli (Universit\u00e0 Bicocca, Milano).<\/p>\n<p> \tVi partecipano studiosi appartenenti a Universit\u00e0 italiane e a Universit\u00e0 e Istituti di Cultura di diversi paesi centro europei (Ungheria, Repubblica Ceca, Croazia, Romania, Austria e Slovacchia). Le relazioni si incentrano su numerose citt\u00e0 appartenenti all\u2019Impero asburgico nell\u2019et\u00e0 di Maria Teresa. L\u2019obiettivo \u00e8 quello di costruire un ampio panorama dei principali fattori della crescita economica, sociale e urbana di tali citt\u00e0, osservate da diverse angolazioni e punti di vista.<\/p>\n<p> \tL&#39;iniziativa \u00e8 stata presentata in Municipio dall&#39;assessore comunale alla Cultura <strong>Giorgio Rossi<\/strong> con il direttore dei Civici Musei <strong>Nicola Bressi<\/strong>, il direttore centrale Regione Friuli Venezia Giulia, <strong>Anna Del Bianco<\/strong> e il professor <strong>Daniele Andreozzi<\/strong> del Dipartimento di Scienze Politiche e Sociali, curatore scientifico assieme al professor <strong>Luca Mocarelli<\/strong>.<\/p>\n<p> \t\u201cObiettivo del convegno \u00e8 quello di costruire un inedito quadro comparativo, mai realizzato prima, del fenomeno urbano nel contesto imperiale nell\u2019epoca dell\u2019Imperatrice \u2013 ha sottolineato Andreozzi \u2013. L&#39;aspetto urbano ci consentir\u00e0 di mettere in luce i rapporti con i territori e fra i territori, e di comprendere il ruolo di Trieste e delle citt\u00e0 che la circondavano. La risposta data dall&#39;affluenza di numerosi e autorevoli relatori al convegno dimostra l&#39;interesse per le politiche urbane e la visione complessiva di approfondimento culturale quanto mai utile per Trieste\u201d.<\/p>\n<p> \tL\u2019analisi dell\u2019evoluzione delle citt\u00e0 dell\u2019Impero diventa cos\u00ec un importante contributo alla ricostruzione della attivit\u00e0 di governo dell\u2019Imperatrice, del suo ruolo nei processi di evoluzione dello stato moderno e pure dell\u2019eredit\u00e0 mitica e culturale che ha lasciato alle generazioni successive. Al contempo l&#39;analisi del fenomeno urbano imperiale, in particolare nel campo dello sviluppo urbano ed economico, direttamente legato al benessere della popolazione, pu\u00f2 aiutare a individuare i modi per mobilitare un patrimonio di identit\u00e0 multiculturale utilizzabile per la costruzione di sviluppo sostenibile nelle contemporanee citt\u00e0 europee.<\/p>\n<p> \tNella tavola rotonda prevista a conclusione del convegno, che avr\u00e0 come moderatore Rossella Fabiani, oltre alla sintesi e alla discussione dei lavori, si discuter\u00e0 anche di ulteriori possibili iniziative ed eventi con i quali celebrare, nel 2017, il tricentenario di Maria Teresa. E, nel contempo, continuare ad approfondire lo studio della sua figura, della sua opera e delle sue citt\u00e0, nell&#39;ottica\u00a0 di un progetto sinergico con la Regione Friuli Venezia Giulia e altre istituzioni pubbliche e private.<\/p>\n<p> \tGli interventi dei relatori si terranno in lingua italiana e lingua inglese, senza traduzione. Il convegno \u00e8 di impostazione specialistica e ad invito (su prenotazione entro le ore 10.00 di gioved\u00ec 20\/10\/2016 al numero 040\/6754039). Sono tuttavia disponibili per il pubblico 50 posti ad esaurimento.<\/p>\n<p> \t\u00c8 inoltre prevista, sempre nel 2017, la pubblicazione degli Atti del Convegno, arricchita da ulteriori saggi scritti da studiosi che, pur non potendo essere presenti a Trieste, si sono resi disponibili a partecipare al progetto e che si occuperanno di Lubiana e Leopoli.<\/p>\n","protected":false},"excerpt":{"rendered":"<p>Convegno a Trieste per ricordare Maria Teresa d&#8217;Asburgo<\/p>\n","protected":false},"author":28,"featured_media":20657,"comment_status":"closed","ping_status":"closed","sticky":false,"template":"","format":"standard","meta":{"dwc-title":[],"dwc-content":[],"footnotes":""},"categories":[5],"tags":[],"class_list":["post-20656","post","type-post","status-publish","format-standard","has-post-thumbnail","hentry","category-attualita"],"rttpg_featured_image_url":{"full":["https:\/\/imagazine.it\/wp-content\/uploads\/2024\/01\/16266-1.webp",750,446,false],"landscape":["https:\/\/imagazine.it\/wp-content\/uploads\/2024\/01\/16266-1.webp",750,446,false],"portraits":["https:\/\/imagazine.it\/wp-content\/uploads\/2024\/01\/16266-1.webp",750,446,false],"thumbnail":["https:\/\/imagazine.it\/wp-content\/uploads\/2024\/01\/16266-1-150x150.webp",150,150,true],"medium":["https:\/\/imagazine.it\/wp-content\/uploads\/2024\/01\/16266-1-300x178.webp",300,178,true],"large":["https:\/\/imagazine.it\/wp-content\/uploads\/2024\/01\/16266-1.webp",640,381,false],"thumblist":["https:\/\/imagazine.it\/wp-content\/uploads\/2024\/01\/16266-1.webp",300,178,false],"thumbrelated":["https:\/\/imagazine.it\/wp-content\/uploads\/2024\/01\/16266-1.webp",500,297,false],"meccarouselthumb":["https:\/\/imagazine.it\/wp-content\/uploads\/2024\/01\/16266-1.webp",474,282,false],"gridsquare":["https:\/\/imagazine.it\/wp-content\/uploads\/2024\/01\/16266-1.webp",391,233,false],"tileview":["https:\/\/imagazine.it\/wp-content\/uploads\/2024\/01\/16266-1.webp",300,178,false],"1536x1536":["https:\/\/imagazine.it\/wp-content\/uploads\/2024\/01\/16266-1.webp",750,446,false],"2048x2048":["https:\/\/imagazine.it\/wp-content\/uploads\/2024\/01\/16266-1.webp",750,446,false],"newsup-slider-full":["https:\/\/imagazine.it\/wp-content\/uploads\/2024\/01\/16266-1.webp",750,446,false],"newsup-featured":["https:\/\/imagazine.it\/wp-content\/uploads\/2024\/01\/16266-1.webp",750,446,false],"newsup-medium":["https:\/\/imagazine.it\/wp-content\/uploads\/2024\/01\/16266-1-720x380.webp",720,380,true],"tptn_thumbnail":["https:\/\/imagazine.it\/wp-content\/uploads\/2024\/01\/16266-1.webp",250,149,false],"sow-carousel-default":["https:\/\/imagazine.it\/wp-content\/uploads\/2024\/01\/16266-1-272x182.webp",272,182,true]},"rttpg_author":{"display_name":"redazione","author_link":"https:\/\/imagazine.it\/home_desk\/author\/redazione\/"},"rttpg_comment":0,"rttpg_category":"<a href=\"https:\/\/imagazine.it\/home_desk\/category\/attualita\/\" rel=\"category tag\">ATTUALIT\u00c0<\/a>","rttpg_excerpt":"Convegno a Trieste per ricordare Maria Teresa d'Asburgo","_links":{"self":[{"href":"https:\/\/imagazine.it\/home_desk\/wp-json\/wp\/v2\/posts\/20656","targetHints":{"allow":["GET"]}}],"collection":[{"href":"https:\/\/imagazine.it\/home_desk\/wp-json\/wp\/v2\/posts"}],"about":[{"href":"https:\/\/imagazine.it\/home_desk\/wp-json\/wp\/v2\/types\/post"}],"author":[{"embeddable":true,"href":"https:\/\/imagazine.it\/home_desk\/wp-json\/wp\/v2\/users\/28"}],"replies":[{"embeddable":true,"href":"https:\/\/imagazine.it\/home_desk\/wp-json\/wp\/v2\/comments?post=20656"}],"version-history":[{"count":0,"href":"https:\/\/imagazine.it\/home_desk\/wp-json\/wp\/v2\/posts\/20656\/revisions"}],"wp:featuredmedia":[{"embeddable":true,"href":"https:\/\/imagazine.it\/home_desk\/wp-json\/wp\/v2\/media\/20657"}],"wp:attachment":[{"href":"https:\/\/imagazine.it\/home_desk\/wp-json\/wp\/v2\/media?parent=20656"}],"wp:term":[{"taxonomy":"category","embeddable":true,"href":"https:\/\/imagazine.it\/home_desk\/wp-json\/wp\/v2\/categories?post=20656"},{"taxonomy":"post_tag","embeddable":true,"href":"https:\/\/imagazine.it\/home_desk\/wp-json\/wp\/v2\/tags?post=20656"}],"curies":[{"name":"wp","href":"https:\/\/api.w.org\/{rel}","templated":true}]}}