{"id":20648,"date":"2016-10-15T00:00:00","date_gmt":"2016-10-14T23:00:00","guid":{"rendered":"https:\/\/imagazine.it\/?p=20648"},"modified":"2016-10-15T00:00:00","modified_gmt":"2016-10-14T23:00:00","slug":"cuochi-per-un-giorno-per-solidarieta","status":"publish","type":"post","link":"https:\/\/imagazine.it\/home_desk\/cuochi-per-un-giorno-per-solidarieta\/","title":{"rendered":"Cuochi per un giorno per solidariet\u00e0"},"content":{"rendered":"<p> \tLe insegnanti e gli alunni della scuola primaria \u201cGianni Rodari\u201d di Trieste hanno dimostrato\u00a0la loro solidariet\u00e0 alla scuola di Amatrice, duramente colpita dal terremoto dello scorso 24 agosto, con un pranzo molto speciale: in orario extrascolastico, nei locali messi a disposizione dal titolare della pizzeria \u201cAl Golosone\u201d di via Costalunga, i bambini hanno offerto\u00a0ai genitori una pasta con il sugo all&#39;amatriciana da loro preparata, in cambio di un&#39;offerta libera. Tutto il ricavato verr\u00e0 devoluto alla scuola primaria di Amatrice.<\/p>\n<p> \tI 145 bambini, dai 6 ai 10 anni, e le loro insegnati hanno preparato\u00a0per\u00a0genitori amici e parenti oltre 300 porzioni di pasta all&#39;Amatriciana.<\/p>\n<p> \t\u201c<em>Abbiamo proposto alle famiglie questo pranzo con l&#39;obiettivo di far vivere ai bambini la solidariet\u00e0 in prima persona, per dimostrare che aiutare concretamente si pu\u00f2 e perch\u00e9 questo tragico evento non rimanesse solo una storia da guardare al telegiornale. Abbiamo ricevuto una risposta davvero calorosa da bambini e genitori che si sono messi in prima linea per aiutarci a organizzare l&#39;evento<\/em>\u201d, spiega la maestra Maicus, referente del plesso Rodari.<\/p>\n<p> \tUna squadra della solidariet\u00e0 che ha coinvolto bambini, insegnanti, famiglie e aziende locali: la pizzeria \u201cAl Golosone\u201d ha messo a disposizione l&#39;intero locale per il pranzo, la macelleria Remo di via Puccini ha donato il guanciale necessario alla preparazione della ricetta, la Parovel l&#39;olio d\u2019oliva, la Coop i pelati e acqua, la Despar il pecorino, il Famila la pasta, Jerian il pane e per concludere il pranzo Ulcigrai i biscotti. Inoltre, due chef professionisti, <strong>Edoardo Biagiotti<\/strong> e <strong>Riccardo Knez<\/strong>, si sono alternati per formare e aiutare i bambini nella preparazione della ricetta.<\/p>\n<p> \tL&#39;iniziativa, patrocinata da Slow Food, \u00e8 stata anche un&#39;Occasione per raccontare ai bambini il percorso del cibo dalla filiera produttiva alle nostre tavole, spiegando il valore della cultura enogastronomica italiana.<\/p>\n","protected":false},"excerpt":{"rendered":"<p>Amatriciana solidale a Trieste<\/p>\n","protected":false},"author":28,"featured_media":20649,"comment_status":"closed","ping_status":"closed","sticky":false,"template":"","format":"standard","meta":{"dwc-title":[],"dwc-content":[],"footnotes":""},"categories":[6],"tags":[],"class_list":["post-20648","post","type-post","status-publish","format-standard","has-post-thumbnail","hentry","category-societa"],"rttpg_featured_image_url":{"full":["https:\/\/imagazine.it\/wp-content\/uploads\/2024\/01\/16258-1.webp",750,464,false],"landscape":["https:\/\/imagazine.it\/wp-content\/uploads\/2024\/01\/16258-1.webp",750,464,false],"portraits":["https:\/\/imagazine.it\/wp-content\/uploads\/2024\/01\/16258-1.webp",750,464,false],"thumbnail":["https:\/\/imagazine.it\/wp-content\/uploads\/2024\/01\/16258-1-150x150.webp",150,150,true],"medium":["https:\/\/imagazine.it\/wp-content\/uploads\/2024\/01\/16258-1-300x186.webp",300,186,true],"large":["https:\/\/imagazine.it\/wp-content\/uploads\/2024\/01\/16258-1.webp",640,396,false],"thumblist":["https:\/\/imagazine.it\/wp-content\/uploads\/2024\/01\/16258-1.webp",300,186,false],"thumbrelated":["https:\/\/imagazine.it\/wp-content\/uploads\/2024\/01\/16258-1.webp",500,309,false],"meccarouselthumb":["https:\/\/imagazine.it\/wp-content\/uploads\/2024\/01\/16258-1.webp",474,293,false],"gridsquare":["https:\/\/imagazine.it\/wp-content\/uploads\/2024\/01\/16258-1.webp",391,242,false],"tileview":["https:\/\/imagazine.it\/wp-content\/uploads\/2024\/01\/16258-1.webp",300,186,false],"1536x1536":["https:\/\/imagazine.it\/wp-content\/uploads\/2024\/01\/16258-1.webp",750,464,false],"2048x2048":["https:\/\/imagazine.it\/wp-content\/uploads\/2024\/01\/16258-1.webp",750,464,false],"newsup-slider-full":["https:\/\/imagazine.it\/wp-content\/uploads\/2024\/01\/16258-1.webp",750,464,false],"newsup-featured":["https:\/\/imagazine.it\/wp-content\/uploads\/2024\/01\/16258-1.webp",750,464,false],"newsup-medium":["https:\/\/imagazine.it\/wp-content\/uploads\/2024\/01\/16258-1-720x380.webp",720,380,true],"tptn_thumbnail":["https:\/\/imagazine.it\/wp-content\/uploads\/2024\/01\/16258-1.webp",250,155,false],"sow-carousel-default":["https:\/\/imagazine.it\/wp-content\/uploads\/2024\/01\/16258-1-272x182.webp",272,182,true]},"rttpg_author":{"display_name":"redazione","author_link":"https:\/\/imagazine.it\/home_desk\/author\/redazione\/"},"rttpg_comment":0,"rttpg_category":"<a href=\"https:\/\/imagazine.it\/home_desk\/category\/societa\/\" rel=\"category tag\">SOCIET\u00c0<\/a>","rttpg_excerpt":"Amatriciana solidale a Trieste","_links":{"self":[{"href":"https:\/\/imagazine.it\/home_desk\/wp-json\/wp\/v2\/posts\/20648","targetHints":{"allow":["GET"]}}],"collection":[{"href":"https:\/\/imagazine.it\/home_desk\/wp-json\/wp\/v2\/posts"}],"about":[{"href":"https:\/\/imagazine.it\/home_desk\/wp-json\/wp\/v2\/types\/post"}],"author":[{"embeddable":true,"href":"https:\/\/imagazine.it\/home_desk\/wp-json\/wp\/v2\/users\/28"}],"replies":[{"embeddable":true,"href":"https:\/\/imagazine.it\/home_desk\/wp-json\/wp\/v2\/comments?post=20648"}],"version-history":[{"count":0,"href":"https:\/\/imagazine.it\/home_desk\/wp-json\/wp\/v2\/posts\/20648\/revisions"}],"wp:featuredmedia":[{"embeddable":true,"href":"https:\/\/imagazine.it\/home_desk\/wp-json\/wp\/v2\/media\/20649"}],"wp:attachment":[{"href":"https:\/\/imagazine.it\/home_desk\/wp-json\/wp\/v2\/media?parent=20648"}],"wp:term":[{"taxonomy":"category","embeddable":true,"href":"https:\/\/imagazine.it\/home_desk\/wp-json\/wp\/v2\/categories?post=20648"},{"taxonomy":"post_tag","embeddable":true,"href":"https:\/\/imagazine.it\/home_desk\/wp-json\/wp\/v2\/tags?post=20648"}],"curies":[{"name":"wp","href":"https:\/\/api.w.org\/{rel}","templated":true}]}}