{"id":20646,"date":"2016-10-14T00:00:00","date_gmt":"2016-10-13T23:00:00","guid":{"rendered":"https:\/\/imagazine.it\/?p=20646"},"modified":"2016-10-14T00:00:00","modified_gmt":"2016-10-13T23:00:00","slug":"il-fvg-rafforza-i-legami-con-il-kazakhstan","status":"publish","type":"post","link":"https:\/\/imagazine.it\/home_desk\/il-fvg-rafforza-i-legami-con-il-kazakhstan\/","title":{"rendered":"Il FVG rafforza i legami con il Kazakhstan"},"content":{"rendered":"<p> \t&#8220;La Regione Friuli Venezia Giulia \u00e8 molto interessata a costruire un rapporto bilaterale con il Kazakhstan e stringere accordi diretti soprattutto nei settori dell&#39;agricoltura, della ricerca e dei trasporti e a sviluppare flussi turistici con le tante regioni che compongono il vasto Stato transcontinentale e le citt\u00e0 a statuto speciale, tra cui la capitale Astana&#8221;.\u00a0Lo ha sottolineato la presidente della Regione <strong>Debora Serracchiani<\/strong> nell&#39;incontro con l&#39;ambasciatore kazako <strong>Sergey Nurtayev<\/strong>, presente anche il console onorario a Trieste <strong>Luca Bellinello<\/strong>.\u00a0<\/p>\n<p> \tAccanto alla collaborazione nel settore delle tecnologie per la trasformazione dei prodotti alimentari, soprattutto cerealicoli, e alla possibilit\u00e0 di esportazione dei prodotti della filiera vitivinicola, Serracchiani ha ricordato le opportunit\u00e0 offerte dalla presenza in regione delle tre Universit\u00e0 e dei centri di ricerca come Elettra Sincrotrone e il Parco scientifico AREA, che hanno gi\u00e0 stretto importanti accordi internazionali, nonch\u00e9 le speciali condizioni offerte dalla zona franca nel Porto internazionale di Trieste.<br \/> \tL&#39;ambasciatore, nel ricordare recenti missioni economico istituzionali della Regione in cui sono state poste le basi per opportunit\u00e0 di collaborazione bilaterale, ha auspicato che in occasione dei lavori del gruppo intergovernativo italo-kazako in programma a gennaio del prossimo anno sia presente anche una delegazione di imprenditori del Friuli Venezia Giulia e ha invitato la presidente ai festeggiamenti previsti a met\u00e0 dicembre di quest&#39;anno, per il venticinquesimo anniversario dell&#39;indipendenza della pi\u00f9 vasta delle ex repubbliche dell&#39;Unione Sovietica.<\/p>\n<p> \t&#8220;Vengo per la prima volta in Friuli Venezia Giulia &#8211; ha affermato l&#39;ambasciatore &#8211; e ne ho gi\u00e0 apprezzato la bellezza in questa tappa a Udine. Considero molto significativo che nella sua regione, nell&#39;ex Cimitero militare di Trieste, vi sia un monumento alla memoria dei militari kazaki caduti per la liberazione della citt\u00e0 nel corso della Seconda guerra mondiale&#8221;, ha ricordato Nurtayev.\u00a0L&#39;ambasciatore ha confermato il &#8220;grande potenziale&#8221; rappresentato dal comparto turistico e ha ricordato che in campo culturale sono gi\u00e0 attive collaborazioni tra la Scuola del Mosaico di Spilimbergo e la School of Fine Arts and Technical Design di Almaty, mentre in campo medico l&#39;Universit\u00e0 di Udine collabora attivamente con il National Scientific Medical Research Center di Astana e con il Dipartimento di Chirurgia dell&#39;Hospital of Emercency Care di Shymkent, terza citt\u00e0 pi\u00f9 grande del Paese asiatico.\u00a0<\/p>\n<p> \tInfine, Nurtayev ha indicato come interessanti sviluppi e relazioni potranno nascere dalla presenza dell&#39;Italia a EXPO 2017, organizzato in Kazakhstan sul tema dell&#39;energia rinnovabile.<\/p>\n","protected":false},"excerpt":{"rendered":"<p>Ambasciatore ricevuto a Udine da Serracchiani<\/p>\n","protected":false},"author":28,"featured_media":20647,"comment_status":"closed","ping_status":"closed","sticky":false,"template":"","format":"standard","meta":{"dwc-title":[],"dwc-content":[],"footnotes":""},"categories":[5],"tags":[],"class_list":["post-20646","post","type-post","status-publish","format-standard","has-post-thumbnail","hentry","category-attualita"],"rttpg_featured_image_url":{"full":["https:\/\/imagazine.it\/wp-content\/uploads\/2024\/01\/16253-1.webp",750,487,false],"landscape":["https:\/\/imagazine.it\/wp-content\/uploads\/2024\/01\/16253-1.webp",750,487,false],"portraits":["https:\/\/imagazine.it\/wp-content\/uploads\/2024\/01\/16253-1.webp",750,487,false],"thumbnail":["https:\/\/imagazine.it\/wp-content\/uploads\/2024\/01\/16253-1-150x150.webp",150,150,true],"medium":["https:\/\/imagazine.it\/wp-content\/uploads\/2024\/01\/16253-1-300x195.webp",300,195,true],"large":["https:\/\/imagazine.it\/wp-content\/uploads\/2024\/01\/16253-1.webp",640,416,false],"thumblist":["https:\/\/imagazine.it\/wp-content\/uploads\/2024\/01\/16253-1.webp",300,195,false],"thumbrelated":["https:\/\/imagazine.it\/wp-content\/uploads\/2024\/01\/16253-1.webp",500,325,false],"meccarouselthumb":["https:\/\/imagazine.it\/wp-content\/uploads\/2024\/01\/16253-1.webp",474,308,false],"gridsquare":["https:\/\/imagazine.it\/wp-content\/uploads\/2024\/01\/16253-1.webp",391,254,false],"tileview":["https:\/\/imagazine.it\/wp-content\/uploads\/2024\/01\/16253-1.webp",300,195,false],"1536x1536":["https:\/\/imagazine.it\/wp-content\/uploads\/2024\/01\/16253-1.webp",750,487,false],"2048x2048":["https:\/\/imagazine.it\/wp-content\/uploads\/2024\/01\/16253-1.webp",750,487,false],"newsup-slider-full":["https:\/\/imagazine.it\/wp-content\/uploads\/2024\/01\/16253-1.webp",750,487,false],"newsup-featured":["https:\/\/imagazine.it\/wp-content\/uploads\/2024\/01\/16253-1.webp",750,487,false],"newsup-medium":["https:\/\/imagazine.it\/wp-content\/uploads\/2024\/01\/16253-1-720x380.webp",720,380,true],"tptn_thumbnail":["https:\/\/imagazine.it\/wp-content\/uploads\/2024\/01\/16253-1.webp",250,162,false],"sow-carousel-default":["https:\/\/imagazine.it\/wp-content\/uploads\/2024\/01\/16253-1-272x182.webp",272,182,true]},"rttpg_author":{"display_name":"redazione","author_link":"https:\/\/imagazine.it\/home_desk\/author\/redazione\/"},"rttpg_comment":0,"rttpg_category":"<a href=\"https:\/\/imagazine.it\/home_desk\/category\/attualita\/\" rel=\"category tag\">ATTUALIT\u00c0<\/a>","rttpg_excerpt":"Ambasciatore ricevuto a Udine da Serracchiani","_links":{"self":[{"href":"https:\/\/imagazine.it\/home_desk\/wp-json\/wp\/v2\/posts\/20646","targetHints":{"allow":["GET"]}}],"collection":[{"href":"https:\/\/imagazine.it\/home_desk\/wp-json\/wp\/v2\/posts"}],"about":[{"href":"https:\/\/imagazine.it\/home_desk\/wp-json\/wp\/v2\/types\/post"}],"author":[{"embeddable":true,"href":"https:\/\/imagazine.it\/home_desk\/wp-json\/wp\/v2\/users\/28"}],"replies":[{"embeddable":true,"href":"https:\/\/imagazine.it\/home_desk\/wp-json\/wp\/v2\/comments?post=20646"}],"version-history":[{"count":0,"href":"https:\/\/imagazine.it\/home_desk\/wp-json\/wp\/v2\/posts\/20646\/revisions"}],"wp:featuredmedia":[{"embeddable":true,"href":"https:\/\/imagazine.it\/home_desk\/wp-json\/wp\/v2\/media\/20647"}],"wp:attachment":[{"href":"https:\/\/imagazine.it\/home_desk\/wp-json\/wp\/v2\/media?parent=20646"}],"wp:term":[{"taxonomy":"category","embeddable":true,"href":"https:\/\/imagazine.it\/home_desk\/wp-json\/wp\/v2\/categories?post=20646"},{"taxonomy":"post_tag","embeddable":true,"href":"https:\/\/imagazine.it\/home_desk\/wp-json\/wp\/v2\/tags?post=20646"}],"curies":[{"name":"wp","href":"https:\/\/api.w.org\/{rel}","templated":true}]}}