{"id":20636,"date":"2016-10-13T00:00:00","date_gmt":"2016-10-12T23:00:00","guid":{"rendered":"https:\/\/imagazine.it\/?p=20636"},"modified":"2016-10-13T00:00:00","modified_gmt":"2016-10-12T23:00:00","slug":"udinese-e-camerun-uniti-contro-lanalfabetismo","status":"publish","type":"post","link":"https:\/\/imagazine.it\/home_desk\/udinese-e-camerun-uniti-contro-lanalfabetismo\/","title":{"rendered":"Udinese e Camerun uniti contro l&#8217;analfabetismo"},"content":{"rendered":"<p> \t\u201cUn progetto importante, che mira a favorire la condizione sociale di un Paese africano, il Camerun, che vanta una oramai consolidata tradizione calcistica, e che apre nuove prospettive di collaborazione per la formazione degli atleti e dei tecnici anche nella nostra realt\u00e0&#8221;.<\/p>\n<p> \tCon queste parole l&#39;assessore regionale allo Sport del Friuli Venezia Giulia <strong>Gianni Torrenti<\/strong> ha commentato la firma dell&#39;accordo avvenuta alla Dacia Arena a Udine, tra l&#39;Udinese Calcio, la Federazione camerunense Gioco Calcio (<em>Fecafoot<\/em>), la Regione e il Comune di Udine, per avviare una sinergia tra il mondo calcistico friulano e quello camerunense. Protocollo che implementer\u00e0, attraverso la consolidata esperienza del Friuli Venezia Giulia, un&#39;azione virtuosa nella Societ\u00e0 del Camerun, concorrendo alla lotta all&#39;analfabetismo e alla povert\u00e0.<\/p>\n<p> \tUn accordo che, come ha rilevato Torrenti, consentir\u00e0 nel contempo di assicurare un futuro pi\u00f9 certo e sereno a tanti giovani africani appassionati di sport, con grandi potenzialit\u00e0 ma al momento senza prospettive, e di occupare ex calciatori camerunensi che non hanno potuto o saputo progettare un&#39;adeguata conclusione della loro carriera agonistica. Impiegando questi ultimi nella formazione dei futuri calciatori, togliendoli dalla strada, come ha precisato il sindaco di Udine <strong>Furio Honsell<\/strong>.<\/p>\n<p> \tIl Protocollo, siglato da <strong>Alberto Rigotto<\/strong> per l&#39;Udinese Calcio e da <strong>Tombi A Roko Sidiki<\/strong>, presidente della Federazione calcistica del Camerun, prevede la cooperazione nel settore della formazione dei giovani agli studi e alla pratica del calcio, come ha spiegato il direttore sportivo della Societ\u00e0 bianconera <strong>Nereo Bonato<\/strong>.<\/p>\n<p> \tIl programma della <em>Fecafoot<\/em>, al quale l&#39;accordo siglato si riferisce, prevede la formazione calcistica e scolastica per i giovani provenienti da famiglie povere, tornei di selezione tra giovani calciatori, il miglioramento della competitivit\u00e0 nelle selezioni nazionali delle categorie giovanili, la formazione e il rafforzamento delle capacit\u00e0 degli educatori, la creazione di infrastrutture sportive e il rafforzamento istituzionale e della formazione, con la creazione del Centro federale di allenamento sul modello sport-studio. L&#39;accordo ha durata triennale ed \u00e8 rinnovabile.<\/p>\n","protected":false},"excerpt":{"rendered":"<p>Siglato accordo triennale alla Dacia Arena<\/p>\n","protected":false},"author":28,"featured_media":20637,"comment_status":"closed","ping_status":"closed","sticky":false,"template":"","format":"standard","meta":{"dwc-title":[],"dwc-content":[],"footnotes":""},"categories":[38],"tags":[],"class_list":["post-20636","post","type-post","status-publish","format-standard","has-post-thumbnail","hentry","category-sport"],"rttpg_featured_image_url":{"full":["https:\/\/imagazine.it\/wp-content\/uploads\/2024\/01\/16236-1.webp",750,493,false],"landscape":["https:\/\/imagazine.it\/wp-content\/uploads\/2024\/01\/16236-1.webp",750,493,false],"portraits":["https:\/\/imagazine.it\/wp-content\/uploads\/2024\/01\/16236-1.webp",750,493,false],"thumbnail":["https:\/\/imagazine.it\/wp-content\/uploads\/2024\/01\/16236-1-150x150.webp",150,150,true],"medium":["https:\/\/imagazine.it\/wp-content\/uploads\/2024\/01\/16236-1-300x197.webp",300,197,true],"large":["https:\/\/imagazine.it\/wp-content\/uploads\/2024\/01\/16236-1.webp",640,421,false],"thumblist":["https:\/\/imagazine.it\/wp-content\/uploads\/2024\/01\/16236-1.webp",300,197,false],"thumbrelated":["https:\/\/imagazine.it\/wp-content\/uploads\/2024\/01\/16236-1.webp",500,329,false],"meccarouselthumb":["https:\/\/imagazine.it\/wp-content\/uploads\/2024\/01\/16236-1.webp",474,312,false],"gridsquare":["https:\/\/imagazine.it\/wp-content\/uploads\/2024\/01\/16236-1.webp",391,257,false],"tileview":["https:\/\/imagazine.it\/wp-content\/uploads\/2024\/01\/16236-1.webp",300,197,false],"1536x1536":["https:\/\/imagazine.it\/wp-content\/uploads\/2024\/01\/16236-1.webp",750,493,false],"2048x2048":["https:\/\/imagazine.it\/wp-content\/uploads\/2024\/01\/16236-1.webp",750,493,false],"newsup-slider-full":["https:\/\/imagazine.it\/wp-content\/uploads\/2024\/01\/16236-1.webp",750,493,false],"newsup-featured":["https:\/\/imagazine.it\/wp-content\/uploads\/2024\/01\/16236-1.webp",750,493,false],"newsup-medium":["https:\/\/imagazine.it\/wp-content\/uploads\/2024\/01\/16236-1-720x380.webp",720,380,true],"tptn_thumbnail":["https:\/\/imagazine.it\/wp-content\/uploads\/2024\/01\/16236-1.webp",250,164,false],"sow-carousel-default":["https:\/\/imagazine.it\/wp-content\/uploads\/2024\/01\/16236-1-272x182.webp",272,182,true]},"rttpg_author":{"display_name":"redazione","author_link":"https:\/\/imagazine.it\/home_desk\/author\/redazione\/"},"rttpg_comment":0,"rttpg_category":"<a href=\"https:\/\/imagazine.it\/home_desk\/category\/sport\/\" rel=\"category tag\">SPORT<\/a>","rttpg_excerpt":"Siglato accordo triennale alla Dacia Arena","_links":{"self":[{"href":"https:\/\/imagazine.it\/home_desk\/wp-json\/wp\/v2\/posts\/20636","targetHints":{"allow":["GET"]}}],"collection":[{"href":"https:\/\/imagazine.it\/home_desk\/wp-json\/wp\/v2\/posts"}],"about":[{"href":"https:\/\/imagazine.it\/home_desk\/wp-json\/wp\/v2\/types\/post"}],"author":[{"embeddable":true,"href":"https:\/\/imagazine.it\/home_desk\/wp-json\/wp\/v2\/users\/28"}],"replies":[{"embeddable":true,"href":"https:\/\/imagazine.it\/home_desk\/wp-json\/wp\/v2\/comments?post=20636"}],"version-history":[{"count":0,"href":"https:\/\/imagazine.it\/home_desk\/wp-json\/wp\/v2\/posts\/20636\/revisions"}],"wp:featuredmedia":[{"embeddable":true,"href":"https:\/\/imagazine.it\/home_desk\/wp-json\/wp\/v2\/media\/20637"}],"wp:attachment":[{"href":"https:\/\/imagazine.it\/home_desk\/wp-json\/wp\/v2\/media?parent=20636"}],"wp:term":[{"taxonomy":"category","embeddable":true,"href":"https:\/\/imagazine.it\/home_desk\/wp-json\/wp\/v2\/categories?post=20636"},{"taxonomy":"post_tag","embeddable":true,"href":"https:\/\/imagazine.it\/home_desk\/wp-json\/wp\/v2\/tags?post=20636"}],"curies":[{"name":"wp","href":"https:\/\/api.w.org\/{rel}","templated":true}]}}