{"id":20618,"date":"2016-10-11T00:00:00","date_gmt":"2016-10-10T23:00:00","guid":{"rendered":"https:\/\/imagazine.it\/?p=20618"},"modified":"2016-10-11T00:00:00","modified_gmt":"2016-10-10T23:00:00","slug":"ambiente-accordo-transfrontaliero-fvg-slovenia","status":"publish","type":"post","link":"https:\/\/imagazine.it\/home_desk\/ambiente-accordo-transfrontaliero-fvg-slovenia\/","title":{"rendered":"Ambiente, accordo transfrontaliero FVG-Slovenia"},"content":{"rendered":"<p> \t&#8220;La firma dell&#39;Accordo di collaborazione tra le Agenzie per l&#39;Ambiente del Friuli Venezia Giulia e della Slovenia \u00e8 un passaggio storico poich\u00e9 d\u00e0 sostanza alla collaborazione transfrontaliera gi\u00e0 in atto e porter\u00e0 a grandi benefici alle comunit\u00e0 locali&#8221;. Ad affermarlo \u00e8 l&#39;assessore regionale all&#39;Ambiente del FVG <strong>Sara Vito<\/strong> nel corso della conferenza di presentazione dell&#39;Accordo Quadro sottoscritto oggi a Gorizia dal direttore generale dell&#39;Agenzia per l&#39;Ambiente slovena (Agencija Republike Slovenije za Okolje \/ ARSO) <strong>Jo\u0161ko Knez<\/strong> e dal direttore generale di ARPA FVG <strong>Luca Marchesi<\/strong>.<\/p>\n<p> \t&#8220;ARPA FVG e ARSO &#8211; continua Vito &#8211; possono ora lavorare gomito a gomito su temi di fondamentale importanza, per garantire a tutti i cittadini un continuo e costante monitoraggio della qualit\u00e0 delle acque superficiali, marine e profonde, dei suoli, della qualit\u00e0 dell&#39;aria&#8221;. Non \u00e8 un caso che l&#39;Accordo transfrontaliero sia stato firmato a Gorizia. &#8220;Oggi &#8211; sottolinea Vito &#8211; abbiamo siglato un Accordo che rappresenta appieno lo spirito dell&#39;Europa e facciamo diventare Gorizia punto di riferimento regionale per i temi di collaborazione ambientale internazionale transfrontalieri&#8221;.<\/p>\n<p> \tNella nuova sede ARPA FVG di Gorizia, ristrutturata di recente, verr\u00e0 infatti collocata la nuova struttura dell&#39;Agenzia per l&#39;Ambiente\u00a0<strong>Relazioni internazionali ed europrogettazione<\/strong>, che avr\u00e0 tra i compiti anche quello di porre l&#39;attenzione alle normative ambientali europee, affinch\u00e9 possano essere applicate al territorio in modo appropriato e omogeneo. &#8220;Cos\u00ec facendo &#8211; ha concluso Vito &#8211; rafforziamo il dialogo, favorendo anche lo sviluppo economico dei territori in termini di sostenibilit\u00e0 ambientale&#8221;.<\/p>\n<p> \tAlla presentazione dell&#39;Accordo hanno partecipato anche il sottosegretario all&#39;Ambiente della Repubblica di Slovenia, <strong>Lidija Stebernak<\/strong>, e rappresentanti dei Comuni di Gorizia e Nova Gorica e della Provincia di Gorizia.<\/p>\n<p> \tL&#39;Accordo di collaborazione \u00e8 divenuto subito operativo, con la convocazione al termine della presentazione, di un primo incontro tecnico sul progetto ECOISSO, che si pone l&#39;obiettivo di favorire un approccio comune e integrato sul bacino del fiume Isonzo\/Soca a livello transfrontaliero, valutandone lo stato ecologico e gli inquinanti emergenti.<\/p>\n","protected":false},"excerpt":{"rendered":"<p>Siglato a Gorizia<\/p>\n","protected":false},"author":28,"featured_media":20619,"comment_status":"closed","ping_status":"closed","sticky":false,"template":"","format":"standard","meta":{"dwc-title":[],"dwc-content":[],"footnotes":""},"categories":[5],"tags":[],"class_list":["post-20618","post","type-post","status-publish","format-standard","has-post-thumbnail","hentry","category-attualita"],"rttpg_featured_image_url":{"full":["https:\/\/imagazine.it\/wp-content\/uploads\/2024\/01\/16199-1.webp",750,494,false],"landscape":["https:\/\/imagazine.it\/wp-content\/uploads\/2024\/01\/16199-1.webp",750,494,false],"portraits":["https:\/\/imagazine.it\/wp-content\/uploads\/2024\/01\/16199-1.webp",750,494,false],"thumbnail":["https:\/\/imagazine.it\/wp-content\/uploads\/2024\/01\/16199-1-150x150.webp",150,150,true],"medium":["https:\/\/imagazine.it\/wp-content\/uploads\/2024\/01\/16199-1-300x198.webp",300,198,true],"large":["https:\/\/imagazine.it\/wp-content\/uploads\/2024\/01\/16199-1.webp",640,422,false],"thumblist":["https:\/\/imagazine.it\/wp-content\/uploads\/2024\/01\/16199-1.webp",300,198,false],"thumbrelated":["https:\/\/imagazine.it\/wp-content\/uploads\/2024\/01\/16199-1.webp",500,329,false],"meccarouselthumb":["https:\/\/imagazine.it\/wp-content\/uploads\/2024\/01\/16199-1.webp",474,312,false],"gridsquare":["https:\/\/imagazine.it\/wp-content\/uploads\/2024\/01\/16199-1.webp",391,258,false],"tileview":["https:\/\/imagazine.it\/wp-content\/uploads\/2024\/01\/16199-1.webp",300,198,false],"1536x1536":["https:\/\/imagazine.it\/wp-content\/uploads\/2024\/01\/16199-1.webp",750,494,false],"2048x2048":["https:\/\/imagazine.it\/wp-content\/uploads\/2024\/01\/16199-1.webp",750,494,false],"newsup-slider-full":["https:\/\/imagazine.it\/wp-content\/uploads\/2024\/01\/16199-1.webp",750,494,false],"newsup-featured":["https:\/\/imagazine.it\/wp-content\/uploads\/2024\/01\/16199-1.webp",750,494,false],"newsup-medium":["https:\/\/imagazine.it\/wp-content\/uploads\/2024\/01\/16199-1-720x380.webp",720,380,true],"tptn_thumbnail":["https:\/\/imagazine.it\/wp-content\/uploads\/2024\/01\/16199-1.webp",250,165,false],"sow-carousel-default":["https:\/\/imagazine.it\/wp-content\/uploads\/2024\/01\/16199-1-272x182.webp",272,182,true]},"rttpg_author":{"display_name":"redazione","author_link":"https:\/\/imagazine.it\/home_desk\/author\/redazione\/"},"rttpg_comment":0,"rttpg_category":"<a href=\"https:\/\/imagazine.it\/home_desk\/category\/attualita\/\" rel=\"category tag\">ATTUALIT\u00c0<\/a>","rttpg_excerpt":"Siglato a Gorizia","_links":{"self":[{"href":"https:\/\/imagazine.it\/home_desk\/wp-json\/wp\/v2\/posts\/20618","targetHints":{"allow":["GET"]}}],"collection":[{"href":"https:\/\/imagazine.it\/home_desk\/wp-json\/wp\/v2\/posts"}],"about":[{"href":"https:\/\/imagazine.it\/home_desk\/wp-json\/wp\/v2\/types\/post"}],"author":[{"embeddable":true,"href":"https:\/\/imagazine.it\/home_desk\/wp-json\/wp\/v2\/users\/28"}],"replies":[{"embeddable":true,"href":"https:\/\/imagazine.it\/home_desk\/wp-json\/wp\/v2\/comments?post=20618"}],"version-history":[{"count":0,"href":"https:\/\/imagazine.it\/home_desk\/wp-json\/wp\/v2\/posts\/20618\/revisions"}],"wp:featuredmedia":[{"embeddable":true,"href":"https:\/\/imagazine.it\/home_desk\/wp-json\/wp\/v2\/media\/20619"}],"wp:attachment":[{"href":"https:\/\/imagazine.it\/home_desk\/wp-json\/wp\/v2\/media?parent=20618"}],"wp:term":[{"taxonomy":"category","embeddable":true,"href":"https:\/\/imagazine.it\/home_desk\/wp-json\/wp\/v2\/categories?post=20618"},{"taxonomy":"post_tag","embeddable":true,"href":"https:\/\/imagazine.it\/home_desk\/wp-json\/wp\/v2\/tags?post=20618"}],"curies":[{"name":"wp","href":"https:\/\/api.w.org\/{rel}","templated":true}]}}