{"id":20604,"date":"2016-10-10T00:00:00","date_gmt":"2016-10-09T23:00:00","guid":{"rendered":"https:\/\/imagazine.it\/?p=20604"},"modified":"2016-10-10T00:00:00","modified_gmt":"2016-10-09T23:00:00","slug":"denominazione-di-origine-controllata-la-nuova-sfida-del-vino-fvg","status":"publish","type":"post","link":"https:\/\/imagazine.it\/home_desk\/denominazione-di-origine-controllata-la-nuova-sfida-del-vino-fvg\/","title":{"rendered":"Denominazione di origine controllata, la nuova sfida del vino FVG"},"content":{"rendered":"<p> \tLe Denominazioni di origine controllata dei vini del Friuli Venezia Giulia saranno sempre pi\u00f9 richieste come garanzia di qualit\u00e0 dai consumatori, in particolare sul mercato estero: una grande potenzialit\u00e0 che va ora per\u00f2 gestita in maniera unitaria da tutta la filiera produttiva. Questi gli esiti del convegno \u201cIl valore delle Doc: cresce la viticoltura, migliora l\u2019economia del Friuli Venezia Giulia\u201d organizzato a Rauscedo, all\u2019interno della manifestazione <em>Le Radici del Vino<\/em>, da Confcooperative Pordenone con Confcooperative Fedagri sia nazionale con il presidente <strong>Giorgio Mercuri<\/strong> presente tra i relatori del Friuli Venezia Giulia, insieme al Comune di San Giorgio della Richinvelda che lo scorso anno \u00e8 stato nominato, primo in Italia a ricevere questo riconoscimento, Comune delle cooperative per il suo \u201cDna\u201d ad alta concentrazione cooperativistica in diversi settori economici.<\/p>\n<p> \tA fare gli onori di casa il sindaco <strong>Michele Leon<\/strong> e <strong>Luigi Piccoli<\/strong>, presidente di Confcooperative Pordenone, che ha portato pure i saluti del presidente regionale di Confcooperative <strong>Giuseppe Graffi Brunoro<\/strong> presente in sala. \u201cSan Giorgio &#8211; ha dichiarato Piccoli &#8211; \u00e8 il positivo esempio della vocazione cooperativistica del nostro territorio, nonch\u00e9 un Comune che ha al suo interno tutta la filiera di coltivazione della vite, lavorazione dell&#39;uva e vendita del vino curata da cooperative. In generale qui ci sono 13 cooperative operanti in vari settori, oltre 160 milioni di euro di fatturato totale, cui si aggiunge il miliardo di raccolta globale e impieghi gestiti da Friulovest, la banca di credito cooperativo. E poi pi\u00f9 di 12 mila soci e 400 lavoratori, con relative famiglie, che fan riferimento alle cooperative di questo Comune. Con questa iniziativa abbiamo inteso anche sottolineare la valenza della cooperazione nell\u2019aggregare i produttori agricoli, favorendo nel contempo il miglioramento della produzione, sia in termini qualitativi che quantitativi\u201d.<\/p>\n<p> \tDai valori della cooperazione e sul come i mercati chiedano sempre pi\u00f9 vini di qualit\u00e0 certificata si \u00e8 sviluppato il dibattito, moderato da <strong>Daniel della Seta<\/strong> giornalista e conduttore del programma \u201cL\u2019Italia che va&#8230;\u201d su Radio Rai, \u00a0Mercuri (presidente nazionale Fedagri Confcooperative) ha sottolineato come il vino sia l\u2019ambasciatore all\u2019estero dell\u2019agroalimentare italiano mentre <strong>Giorgio Giacomello<\/strong> (presidente Fedagri Friuli Venezia Giulia Confcooperative) ha dichiarato che le nuove Doc Friuli e Pinot Grigio delle Venezie avranno successo come quella del Prosecco.<\/p>\n<p> \t<strong>Pietro Biscontin<\/strong> (presidente Consorzio delle Doc Friuli Venezia Giulia) ha aggiunto che la nascita delle due nuove Doc non deve essere fine a se stessa ma necessiti ora di un lavoro comune di tutto il sistema dei consorzi regionali. <strong>Gabriele Castelli<\/strong> (ufficio vitivinicolo di Fedagri Confcooperative) ha illustrato le novit\u00e0 in campo europeo.\u00a0<strong>Eugenio Sartori<\/strong> (direttore dei Vivai cooperativi Rauscedo) ha invitato il sistema Friuli Venezia Giulia a fare \u201cmassa\u201d critica per rispondere alle esigenze dei grandi clienti internazionali, invito al quale <strong>Cristiano Shaurli<\/strong> (assessore regionale alle Risorse Agricole e Forestali del Friuli Venezia Giulia) ha replicato dicendo che serve soprattutto avere una gamma profonda di prodotti e sottolineando come anche per i vitigni autoctoni, superando logiche di campanile, si possano \u201csfruttare\u201d per farsi conoscere i mercati aperti dal grande successo del Prosecco Doc.<\/p>\n","protected":false},"excerpt":{"rendered":"<p>Convegno a Rauscedo<\/p>\n","protected":false},"author":28,"featured_media":20605,"comment_status":"closed","ping_status":"closed","sticky":false,"template":"","format":"standard","meta":{"dwc-title":[],"dwc-content":[],"footnotes":""},"categories":[5],"tags":[],"class_list":["post-20604","post","type-post","status-publish","format-standard","has-post-thumbnail","hentry","category-attualita"],"rttpg_featured_image_url":{"full":["https:\/\/imagazine.it\/wp-content\/uploads\/2024\/01\/16150-1.webp",750,510,false],"landscape":["https:\/\/imagazine.it\/wp-content\/uploads\/2024\/01\/16150-1.webp",750,510,false],"portraits":["https:\/\/imagazine.it\/wp-content\/uploads\/2024\/01\/16150-1.webp",750,510,false],"thumbnail":["https:\/\/imagazine.it\/wp-content\/uploads\/2024\/01\/16150-1-150x150.webp",150,150,true],"medium":["https:\/\/imagazine.it\/wp-content\/uploads\/2024\/01\/16150-1-300x204.webp",300,204,true],"large":["https:\/\/imagazine.it\/wp-content\/uploads\/2024\/01\/16150-1.webp",640,435,false],"thumblist":["https:\/\/imagazine.it\/wp-content\/uploads\/2024\/01\/16150-1.webp",300,204,false],"thumbrelated":["https:\/\/imagazine.it\/wp-content\/uploads\/2024\/01\/16150-1.webp",500,340,false],"meccarouselthumb":["https:\/\/imagazine.it\/wp-content\/uploads\/2024\/01\/16150-1.webp",474,322,false],"gridsquare":["https:\/\/imagazine.it\/wp-content\/uploads\/2024\/01\/16150-1.webp",382,260,false],"tileview":["https:\/\/imagazine.it\/wp-content\/uploads\/2024\/01\/16150-1.webp",300,204,false],"1536x1536":["https:\/\/imagazine.it\/wp-content\/uploads\/2024\/01\/16150-1.webp",750,510,false],"2048x2048":["https:\/\/imagazine.it\/wp-content\/uploads\/2024\/01\/16150-1.webp",750,510,false],"newsup-slider-full":["https:\/\/imagazine.it\/wp-content\/uploads\/2024\/01\/16150-1.webp",750,510,false],"newsup-featured":["https:\/\/imagazine.it\/wp-content\/uploads\/2024\/01\/16150-1.webp",750,510,false],"newsup-medium":["https:\/\/imagazine.it\/wp-content\/uploads\/2024\/01\/16150-1-720x380.webp",720,380,true],"tptn_thumbnail":["https:\/\/imagazine.it\/wp-content\/uploads\/2024\/01\/16150-1.webp",250,170,false],"sow-carousel-default":["https:\/\/imagazine.it\/wp-content\/uploads\/2024\/01\/16150-1-272x182.webp",272,182,true]},"rttpg_author":{"display_name":"redazione","author_link":"https:\/\/imagazine.it\/home_desk\/author\/redazione\/"},"rttpg_comment":0,"rttpg_category":"<a href=\"https:\/\/imagazine.it\/home_desk\/category\/attualita\/\" rel=\"category tag\">ATTUALIT\u00c0<\/a>","rttpg_excerpt":"Convegno a Rauscedo","_links":{"self":[{"href":"https:\/\/imagazine.it\/home_desk\/wp-json\/wp\/v2\/posts\/20604","targetHints":{"allow":["GET"]}}],"collection":[{"href":"https:\/\/imagazine.it\/home_desk\/wp-json\/wp\/v2\/posts"}],"about":[{"href":"https:\/\/imagazine.it\/home_desk\/wp-json\/wp\/v2\/types\/post"}],"author":[{"embeddable":true,"href":"https:\/\/imagazine.it\/home_desk\/wp-json\/wp\/v2\/users\/28"}],"replies":[{"embeddable":true,"href":"https:\/\/imagazine.it\/home_desk\/wp-json\/wp\/v2\/comments?post=20604"}],"version-history":[{"count":0,"href":"https:\/\/imagazine.it\/home_desk\/wp-json\/wp\/v2\/posts\/20604\/revisions"}],"wp:featuredmedia":[{"embeddable":true,"href":"https:\/\/imagazine.it\/home_desk\/wp-json\/wp\/v2\/media\/20605"}],"wp:attachment":[{"href":"https:\/\/imagazine.it\/home_desk\/wp-json\/wp\/v2\/media?parent=20604"}],"wp:term":[{"taxonomy":"category","embeddable":true,"href":"https:\/\/imagazine.it\/home_desk\/wp-json\/wp\/v2\/categories?post=20604"},{"taxonomy":"post_tag","embeddable":true,"href":"https:\/\/imagazine.it\/home_desk\/wp-json\/wp\/v2\/tags?post=20604"}],"curies":[{"name":"wp","href":"https:\/\/api.w.org\/{rel}","templated":true}]}}