{"id":20568,"date":"2016-10-05T00:00:00","date_gmt":"2016-10-04T23:00:00","guid":{"rendered":"https:\/\/imagazine.it\/?p=20568"},"modified":"2016-10-05T00:00:00","modified_gmt":"2016-10-04T23:00:00","slug":"aeronautica-il-friulano-turco-al-comando-del-2-stormo","status":"publish","type":"post","link":"https:\/\/imagazine.it\/home_desk\/aeronautica-il-friulano-turco-al-comando-del-2-stormo\/","title":{"rendered":"Aeronautica, il friulano Turco al comando del 2\u00b0 Stormo"},"content":{"rendered":"<p> \tPresso l\u2019Aeroporto Militare di Udine-Rivolto, ha avuto luogo l\u2019avvicendamento al comando del 2\u00b0 Stormo tra il Colonnello pilota <strong>Francesco Frare<\/strong>, Comandante uscente, e il Colonnello navigatore <strong>Edi Turco<\/strong>, Comandante subentrante. L\u2019evento, presieduto dal Comandante la Squadra Aerea (C.S.A.), Generale S.A. <strong>Franco Girardi<\/strong>, ha visto la partecipazione delle pi\u00f9 alte Autorit\u00e0 militari, civili e religiose cittadine nonch\u00e9 di tutto il personale militare e civile schierato.<\/p>\n<p> \tNel discorso di commiato, il Colonnello Frare ha voluto rivolgersi in modo particolare al personale dello Stormo, definendolo \u201cla spina dorsale della mia azione di comando\u201d. A conclusione del proprio intervento, ha indirizzato un affettuoso augurio al nuovo Comandante per il prestigioso incarico assunto. Il Colonnello Turco, memore delle proprie radici udinese, ha espresso la sua emozione nell\u2019assumere il prestigioso incarico affermando \u201cl\u2019orgoglio di tornare in Friuli come Comandante nel luogo dove, oltre trent\u2019anni fa, ho scoperto e conosciuto le gesta dell\u2019Aeronautica Militare\u201d.<\/p>\n<p> \tIn ultimo, il Generale Girardi ha preso la parola evidenziando come il Reparto, sotto il comando del Colonnello Frare, abbia rafforzato ulteriormente il suo legame con il tessuto socio-economico friulano, citando come esempio \u201cla recente convenzione attivata con l\u2019Azienda Sanitaria Universitaria Integrata di Udine per l\u2019attivit\u00e0 di supporto ai voli sanitari a favore del Centro Regionale Trapianti\u201d. Ha infine rivolto il suo plauso personale a tutto lo Stormo per gli eccellenti risultati raggiunti e per l\u2019impegno nel perseguire gli obiettivi assegnati.<\/p>\n<p> \tIl 2\u00b0 Stormo \u00e8 l&#39;ente individuato dalla Forza Armata per svolgere la funzione di punto di riferimento missilistico del sistema di difesa aerea nazionale. Lo Stormo cura l&#39;addestramento e la prontezza operativa di uomini e mezzi delle batterie missilistiche &#8220;Spada&#8221; dell&#39;Aeronautica Militare. Tale missione si concretizza in una continua opera di addestramento volta a mantenere la prontezza operativa richiesta dalla Forza Armata e dalle organizzazioni transnazionali di cui il paese fa parte. Lo Stormo inoltre assicura il regolare svolgimento dei servizi aeroportuali e il mantenimento delle infrastrutture e degli impianti, anche a favore del 313\u00b0 Gruppo Addestramento Acrobatico operante sulla base e quant&#39;altro necessario per il transito di altri velivoli, concorrendo anche al servizio di Difesa Aerea.<\/p>\n","protected":false},"excerpt":{"rendered":"<p>Cerimonia a Rivolto<\/p>\n","protected":false},"author":28,"featured_media":20569,"comment_status":"closed","ping_status":"closed","sticky":false,"template":"","format":"standard","meta":{"dwc-title":[],"dwc-content":[],"footnotes":""},"categories":[5],"tags":[],"class_list":["post-20568","post","type-post","status-publish","format-standard","has-post-thumbnail","hentry","category-attualita"],"rttpg_featured_image_url":{"full":["https:\/\/imagazine.it\/wp-content\/uploads\/2024\/01\/16032-1.webp",750,449,false],"landscape":["https:\/\/imagazine.it\/wp-content\/uploads\/2024\/01\/16032-1.webp",750,449,false],"portraits":["https:\/\/imagazine.it\/wp-content\/uploads\/2024\/01\/16032-1.webp",750,449,false],"thumbnail":["https:\/\/imagazine.it\/wp-content\/uploads\/2024\/01\/16032-1-150x150.webp",150,150,true],"medium":["https:\/\/imagazine.it\/wp-content\/uploads\/2024\/01\/16032-1-300x180.webp",300,180,true],"large":["https:\/\/imagazine.it\/wp-content\/uploads\/2024\/01\/16032-1.webp",640,383,false],"thumblist":["https:\/\/imagazine.it\/wp-content\/uploads\/2024\/01\/16032-1.webp",300,180,false],"thumbrelated":["https:\/\/imagazine.it\/wp-content\/uploads\/2024\/01\/16032-1.webp",500,299,false],"meccarouselthumb":["https:\/\/imagazine.it\/wp-content\/uploads\/2024\/01\/16032-1.webp",474,284,false],"gridsquare":["https:\/\/imagazine.it\/wp-content\/uploads\/2024\/01\/16032-1.webp",391,234,false],"tileview":["https:\/\/imagazine.it\/wp-content\/uploads\/2024\/01\/16032-1.webp",300,180,false],"1536x1536":["https:\/\/imagazine.it\/wp-content\/uploads\/2024\/01\/16032-1.webp",750,449,false],"2048x2048":["https:\/\/imagazine.it\/wp-content\/uploads\/2024\/01\/16032-1.webp",750,449,false],"newsup-slider-full":["https:\/\/imagazine.it\/wp-content\/uploads\/2024\/01\/16032-1.webp",750,449,false],"newsup-featured":["https:\/\/imagazine.it\/wp-content\/uploads\/2024\/01\/16032-1.webp",750,449,false],"newsup-medium":["https:\/\/imagazine.it\/wp-content\/uploads\/2024\/01\/16032-1-720x380.webp",720,380,true],"tptn_thumbnail":["https:\/\/imagazine.it\/wp-content\/uploads\/2024\/01\/16032-1.webp",250,150,false],"sow-carousel-default":["https:\/\/imagazine.it\/wp-content\/uploads\/2024\/01\/16032-1-272x182.webp",272,182,true]},"rttpg_author":{"display_name":"redazione","author_link":"https:\/\/imagazine.it\/home_desk\/author\/redazione\/"},"rttpg_comment":0,"rttpg_category":"<a href=\"https:\/\/imagazine.it\/home_desk\/category\/attualita\/\" rel=\"category tag\">ATTUALIT\u00c0<\/a>","rttpg_excerpt":"Cerimonia a Rivolto","_links":{"self":[{"href":"https:\/\/imagazine.it\/home_desk\/wp-json\/wp\/v2\/posts\/20568","targetHints":{"allow":["GET"]}}],"collection":[{"href":"https:\/\/imagazine.it\/home_desk\/wp-json\/wp\/v2\/posts"}],"about":[{"href":"https:\/\/imagazine.it\/home_desk\/wp-json\/wp\/v2\/types\/post"}],"author":[{"embeddable":true,"href":"https:\/\/imagazine.it\/home_desk\/wp-json\/wp\/v2\/users\/28"}],"replies":[{"embeddable":true,"href":"https:\/\/imagazine.it\/home_desk\/wp-json\/wp\/v2\/comments?post=20568"}],"version-history":[{"count":0,"href":"https:\/\/imagazine.it\/home_desk\/wp-json\/wp\/v2\/posts\/20568\/revisions"}],"wp:featuredmedia":[{"embeddable":true,"href":"https:\/\/imagazine.it\/home_desk\/wp-json\/wp\/v2\/media\/20569"}],"wp:attachment":[{"href":"https:\/\/imagazine.it\/home_desk\/wp-json\/wp\/v2\/media?parent=20568"}],"wp:term":[{"taxonomy":"category","embeddable":true,"href":"https:\/\/imagazine.it\/home_desk\/wp-json\/wp\/v2\/categories?post=20568"},{"taxonomy":"post_tag","embeddable":true,"href":"https:\/\/imagazine.it\/home_desk\/wp-json\/wp\/v2\/tags?post=20568"}],"curies":[{"name":"wp","href":"https:\/\/api.w.org\/{rel}","templated":true}]}}