{"id":20408,"date":"2016-09-16T00:00:00","date_gmt":"2016-09-15T23:00:00","guid":{"rendered":"https:\/\/imagazine.it\/?p=20408"},"modified":"2016-09-16T00:00:00","modified_gmt":"2016-09-15T23:00:00","slug":"basket-lo-staff-apu-vestira-palmanova-outlet-village","status":"publish","type":"post","link":"https:\/\/imagazine.it\/home_desk\/basket-lo-staff-apu-vestira-palmanova-outlet-village\/","title":{"rendered":"Basket, lo staff Apu vestir\u00e0 Palmanova Outlet Village"},"content":{"rendered":"<p> \tIl Palmanova Outlet sigla una nuova partnership con l\u2019Apu Gsa, la massima espressione cestistica della citt\u00e0 di Udine: presentando la <em>Village Card<\/em> sar\u00e0 possibile usufruire di un prezzo ridotto sull\u2019abbonamento della stagione 2016-2017.<\/p>\n<p> \tNata nel 2011, l\u2019Apu ha scalato le categorie del basket nazionale risalendo dalla serie C fino ad arrivare nell\u2019attuale serie A2. Nella prossima stagione l\u2019Apu giocher\u00e0 al palasport di Cividale del Friuli e al PalaCarnera di Udine, non appena saranno terminate le opere di ristrutturazione della struttura. \u00abIl prossimo campionato di serie A2 \u2013 afferma il General Manager e A.d.\u00a0<strong>Davide Micalich<\/strong> \u2013 sar\u00e0 ricco di sfide di grande richiamo . Siamo pronti ad affrontare una serie di partite affascinanti con avversari storici del basket friulano, quali Fortitudo Bologna, Scaligera Verona, Treviso Basket, Pallacanestro Forl\u00ec, Virtus Bologna\u00bb. Su tutte spicca il derby con la Pallacanestro Trieste.<\/p>\n<p> \tOltre a mettere a disposizione dell\u2019Apu (gratuitamente) la sala riunioni, il Palmanova Outlet Village dar\u00e0 ampio risalto alle varie iniziative della societ\u00e0 sportiva sul proprio sito internet e sui social network e fornir\u00e0, per la stagione 2016-2017, una \u201cdivisa\u201d (camicia, giacca e jeans) per gli 8 tecnici della squadra.<\/p>\n<p> \t\u00abIl nostro obiettivo \u2013 il commento del direttore del Palmanova Outlet Village, <strong>Domenico Casagrande<\/strong> \u2013 \u00e8 rafforzare ulteriormente la sinergia con realt\u00e0 importanti del territorio\u00bb.<\/p>\n<p> \tTutte le convenzioni stipulate, in costante aggiornamento, sono disponibili nell\u2019area \u201c<a href=\"http:\/\/www.palmanovaoutlet.it\/it\/village-card\/detail#village-card-benefits\" target=\"_blank\" rel=\"noopener\">Oltre il Village<\/a>\u201d. Nei mesi scorsi, il Palmanova Outlet ha firmato anche altre 4 convenzioni: con la Croce Rossa Italiana, sezione di Palmanova, con l\u2019Ordine degli Psicologi del Fvg, con l\u2019Associazione Nazionale Seniores d\u2019Azienda (Anla) e con la Grotta Gigante.\u00a0<\/p>\n","protected":false},"excerpt":{"rendered":"<p>Siglata convenzione tra le due realt\u00e0<\/p>\n","protected":false},"author":28,"featured_media":20409,"comment_status":"closed","ping_status":"closed","sticky":false,"template":"","format":"standard","meta":{"dwc-title":[],"dwc-content":[],"footnotes":""},"categories":[38],"tags":[],"class_list":["post-20408","post","type-post","status-publish","format-standard","has-post-thumbnail","hentry","category-sport"],"rttpg_featured_image_url":{"full":["https:\/\/imagazine.it\/wp-content\/uploads\/2024\/01\/15750-1.webp",750,500,false],"landscape":["https:\/\/imagazine.it\/wp-content\/uploads\/2024\/01\/15750-1.webp",750,500,false],"portraits":["https:\/\/imagazine.it\/wp-content\/uploads\/2024\/01\/15750-1.webp",750,500,false],"thumbnail":["https:\/\/imagazine.it\/wp-content\/uploads\/2024\/01\/15750-1-150x150.webp",150,150,true],"medium":["https:\/\/imagazine.it\/wp-content\/uploads\/2024\/01\/15750-1-300x200.webp",300,200,true],"large":["https:\/\/imagazine.it\/wp-content\/uploads\/2024\/01\/15750-1.webp",640,427,false],"thumblist":["https:\/\/imagazine.it\/wp-content\/uploads\/2024\/01\/15750-1.webp",300,200,false],"thumbrelated":["https:\/\/imagazine.it\/wp-content\/uploads\/2024\/01\/15750-1.webp",500,333,false],"meccarouselthumb":["https:\/\/imagazine.it\/wp-content\/uploads\/2024\/01\/15750-1.webp",474,316,false],"gridsquare":["https:\/\/imagazine.it\/wp-content\/uploads\/2024\/01\/15750-1.webp",391,260,false],"tileview":["https:\/\/imagazine.it\/wp-content\/uploads\/2024\/01\/15750-1.webp",300,200,false],"1536x1536":["https:\/\/imagazine.it\/wp-content\/uploads\/2024\/01\/15750-1.webp",750,500,false],"2048x2048":["https:\/\/imagazine.it\/wp-content\/uploads\/2024\/01\/15750-1.webp",750,500,false],"newsup-slider-full":["https:\/\/imagazine.it\/wp-content\/uploads\/2024\/01\/15750-1.webp",750,500,false],"newsup-featured":["https:\/\/imagazine.it\/wp-content\/uploads\/2024\/01\/15750-1.webp",750,500,false],"newsup-medium":["https:\/\/imagazine.it\/wp-content\/uploads\/2024\/01\/15750-1-720x380.webp",720,380,true],"tptn_thumbnail":["https:\/\/imagazine.it\/wp-content\/uploads\/2024\/01\/15750-1.webp",250,167,false],"sow-carousel-default":["https:\/\/imagazine.it\/wp-content\/uploads\/2024\/01\/15750-1-272x182.webp",272,182,true]},"rttpg_author":{"display_name":"redazione","author_link":"https:\/\/imagazine.it\/home_desk\/author\/redazione\/"},"rttpg_comment":0,"rttpg_category":"<a href=\"https:\/\/imagazine.it\/home_desk\/category\/sport\/\" rel=\"category tag\">SPORT<\/a>","rttpg_excerpt":"Siglata convenzione tra le due realt\u00e0","_links":{"self":[{"href":"https:\/\/imagazine.it\/home_desk\/wp-json\/wp\/v2\/posts\/20408","targetHints":{"allow":["GET"]}}],"collection":[{"href":"https:\/\/imagazine.it\/home_desk\/wp-json\/wp\/v2\/posts"}],"about":[{"href":"https:\/\/imagazine.it\/home_desk\/wp-json\/wp\/v2\/types\/post"}],"author":[{"embeddable":true,"href":"https:\/\/imagazine.it\/home_desk\/wp-json\/wp\/v2\/users\/28"}],"replies":[{"embeddable":true,"href":"https:\/\/imagazine.it\/home_desk\/wp-json\/wp\/v2\/comments?post=20408"}],"version-history":[{"count":0,"href":"https:\/\/imagazine.it\/home_desk\/wp-json\/wp\/v2\/posts\/20408\/revisions"}],"wp:featuredmedia":[{"embeddable":true,"href":"https:\/\/imagazine.it\/home_desk\/wp-json\/wp\/v2\/media\/20409"}],"wp:attachment":[{"href":"https:\/\/imagazine.it\/home_desk\/wp-json\/wp\/v2\/media?parent=20408"}],"wp:term":[{"taxonomy":"category","embeddable":true,"href":"https:\/\/imagazine.it\/home_desk\/wp-json\/wp\/v2\/categories?post=20408"},{"taxonomy":"post_tag","embeddable":true,"href":"https:\/\/imagazine.it\/home_desk\/wp-json\/wp\/v2\/tags?post=20408"}],"curies":[{"name":"wp","href":"https:\/\/api.w.org\/{rel}","templated":true}]}}