{"id":20356,"date":"2016-09-09T00:00:00","date_gmt":"2016-09-08T23:00:00","guid":{"rendered":"https:\/\/imagazine.it\/?p=20356"},"modified":"2016-09-09T00:00:00","modified_gmt":"2016-09-08T23:00:00","slug":"e-se-il-latino-non-fosse-una-lingua-morta","status":"publish","type":"post","link":"https:\/\/imagazine.it\/home_desk\/e-se-il-latino-non-fosse-una-lingua-morta\/","title":{"rendered":"E se il latino non fosse una lingua morta?"},"content":{"rendered":"<p> \tAl via <em>pordenonelegge 2016<\/em>, e anche quest\u2019anno quasi simultaneamente alla Festa del Libro squiller\u00e0 la fatidica campanella per milioni di studenti e insegnanti italiani. Cos\u00ec, se ai pi\u00f9 piccoli <em>pordenonelegge<\/em> dedica la sua vasta e coloratissima sezione \u201cJunior\u201d, agli studenti pi\u00f9 grandi e ai loro docenti propone <strong>un percorso legato ai temi di maggiore attualit\u00e0 intorno al dibattito per la nuova e buona scuola<\/strong>. Con <strong>molte novit\u00e0 e pi\u00f9 di qualche \u2018provocazione<\/strong>\u2019: come quella di <strong>un rinnovato patto fra gli studenti e lo studio del latino,<\/strong> un\u2019idea quasi trasgressiva nel terzo millennio globalizzato. Ma <strong>a <em>pordenonelegge<\/em> <\/strong>si scoprir\u00e0 che il latino pu\u00f2 fare rima con<strong> twitter <\/strong>e con un cult della lettura adolescenziale,<strong> \u201cIl Diario di una schiappa\u201d. <\/strong><\/p>\n<p> \tLo ha tradotto nei \u201cCommentarii de Inepto Puero\u201d<strong> Jeff Kinney <\/strong>e ne disserter\u00e0 a pordenonelegge, (mercoled\u00ec 14 settembre, ore 11.30 Palazzo della Provincia) con <strong>Monsignor Daniel B. Gallagher, <\/strong>l\u2019uomo che twitta per <strong>Papa Francesco <\/strong>nella lingua di Cicerone.<\/p>\n<p> \tTante le novit\u00e0 collegate al percorso scuola di <em>pordenonelegge<\/em>: a cominciare dall\u2019uscita de \u201cLa scuola della felicit\u00e0\u201d (Mondadori), il nuovo romanzo del Direttore artistico di <em>pordenonelegge<\/em> <strong>Gian Mario Villalta. <\/strong>In libreria dal 13 settembre \u00e8 un romanzo di formazione dove non sono solo gli adolescenti ad affrontare un processo di profondo cambiamento, ma anche il loro insegnante: alla fine di un anno scolastico che ricorder\u00e0 per tutta la vita ritrover\u00e0, forse, un senso nel proprio preziosissimo lavoro.<\/p>\n<p> \tAnteprima d\u2019eccezione sul tema del latino, a <em>pordenonelegge<\/em>, sar\u00e0 quella dello studioso<strong> Ivano Dionigi<\/strong>, gi\u00e0 Magnifico Rettore all\u2019Universit\u00e0 di Bologna. Sabato 17 settembre (Palaprovincia Largo San Giorgio, ore 9:30) converser\u00e0 con<strong> Federico Condello e Gianantonio Collaoni <\/strong>presentando \u201cIl presente non basta. La lezione del latino\u201d (Mondadori) in cui \u00e8 raccolta la sua ultima lectio pronunciata in veste di Rettore per dimostrare quanto la lingua latina conti ancor oggi per una brillante formazione professionale e politica.<\/p>\n<p> \tE sempre sabato 17, alle 11 al Ridotto del Teatro Verdi appuntamento con \u201cViva il latino. Storia e bellezza di una lingua inutile\u201d: <strong>Nicola Gardini e Piervincenzo Di Terlizzi, <\/strong>coordinati da <strong>Roberto Cescon<\/strong>, si confronteranno sull\u2019 \u201cutilit\u00e0\u201d del latino.<\/p>\n<p> \t<strong>Dal latino ai classici:<\/strong> <em>pordenonelegge<\/em> ne disserter\u00e0 in vari incontri a cominciare da \u201cNuda Veritas. Da Omero a Orson Welles\u201d (mercoled\u00ec 14, Palaprovincia ore 10), con<strong> Alice Andreoli, Elisa Bugin, Filippomaria Pontani, Lucia Prauscello. <\/strong>Una conversazione curata da<strong> Alberto Camerotto e Filippomaria Pontani.<\/strong> In collaborazione con Classici Contro, per rileggere i classici antichi e ritrovarli nelle proiezioni del nostro tempo.<\/p>\n<p> \t<strong>\u201cClassici per la vita. Una piccola biblioteca ideale\u201d titola l\u2019incontro con <\/strong><strong>Nuccio Ordine di gioved\u00ec 15 settembre (ore 10.30, Spazio BCC). <\/strong>Fedele ai versi di Jorge Luis Borges, Nuccio Ordine prosegue la sua battaglia per i classici, nella convinzione che un breve testo (illuminante e fuori dai sentieri battuti) possa suscitare la curiosit\u00e0 dei lettori e incoraggiarli a immergersi nell\u2019intera opera.<\/p>\n<p> \tA proposito del classico dei classici, due saranno le \u201clezioni\u201d scespiriane a <em>pordenonelegge 2016<\/em>: gioved\u00ec 15 settembre, alle 11.30 nello Spazio ITASincontra, <strong>Piero Dorfles <\/strong>racconta \u201cL\u2019opera immortale di Shakespeare\u201d: l\u2019opera di un Genio, colta nei suoi caratteri essenziali dal racconto di un fine interprete della letteratura. E venerd\u00ec 16 settembre, alle 18.30 nel Convento di San Francesco ecco \u201cShakespeare in scena\u201d con il reading di<strong> Patrizia Cavalli<\/strong>: quattro traduzioni nate ma per il palco &#8211; <em>La tempesta<\/em>,<em> Sogno d\u2019una notte d&#39;estate<\/em>, <em>Otello <\/em>e <em>La dodicesima notte<\/em> &#8211; \u00a0vengono raccolte in un unico volume da <strong>Nottetempo edizioni,<\/strong> mantenendo per\u00f2 la natura aerea e vocale per la quale sono state scritte, pensate e tradotte.<\/p>\n<p> \t<strong>\u201cRaccontare la poesia del Novecento nella scuola superiore<\/strong>\u201d \u00e8 una scelta coraggiosa: sempre pi\u00f9 difficile non solo per il rischio di perderne il valore estetico e antropologico di fondo, ma anche per esigenze pratiche come la mancanza di tempo, i \u201cprogrammi\u201d, le scelte didattiche. C\u2019\u00e8 un modo per andare oltre Montale, Ungaretti e Saba e far incontrare ai ragazzi le voci pi\u00f9 rappresentative del presente? Ne dibatteranno venerd\u00ec 16 settembre (ore 9.30, Ridotto del Teatro Verdi)<strong> Roberto Carnero, Hermann Grosser e Davide Rondoni <\/strong>coordinati da<strong> Roberto Cescon<\/strong>. Dalla poesia alla letteratura: il poeta e scrittore<strong> Davide Rondoni <\/strong>rilancia il pamphlet <strong>\u201cContro la letteratura. Un&#39;accusa e una proposta\u201d (Bompiani)<\/strong>. Un j&#39;accuse molto duro, ma anche ben argomentato, su come la scuola riesca in molti casi a far odiare cose belle come la poesia, i romanzi, l&#39;arte in genere. \u00abIl gran dispendio di soldi, persone, energie a scuola \u2013 spiega Rondoni &#8211; sembra non generare, se non minimamente, gusto e abitudine alla letteratura\u00bb.<\/p>\n<p> \t\u201cLetteratura e scelta\u201d sar\u00e0 tema della conversazione fra<strong> Giorgio Ficara e Paolo Di Paolo<\/strong> (sabato 17 settembre, ore 10 Auditorium Istituto Vendramini), per capire se esiste ancora la letteratura italiana? Qualche &#8220;apocalittico&#8221; dice di no. Qualche &#8220;continuista&#8221; dice di s\u00ec: si nasconde in angoli remoti e refrattari\u2026 Di \u201cUn Orlando furiosamente classico?\u201d converseranno, ancora,<strong> Alberto Casadei e Filippo Tuena <\/strong>(domenica 18 settembre, ore 15 Ridotto del Teatro Verdi), per andare alla genesi del poema e ritrovare l\u2019eco delle prime reazioni al suo apparire: \u201cMesser Lodovico, dove mai avete trovato tante corbellerie?\u201d, pare abbia chiesto il Cardinale Ippolito d\u2019Este all\u2019Ariosto. \u00a0<\/p>\n<p> \tIn un percorso legato alla scuola non poteva mancare un focus sull\u2019avventura di Barbiana e Don Milani: una rilettura d\u2019autore arriva con<strong> Eraldo Affinati<\/strong>, chiamato a dialogare de \u201cL\u2019uomo del futuro. Sulle strade di<strong> don Lorenzo Milani\u201d <\/strong>venerd\u00ec 16 settembre (ore 21, Ridotto del Teatro Verdi) insieme <strong>con Francesco Di Lorenzo e Piervincenzo Di Terlizzi.<\/strong> <strong>Eraldo Affinati<\/strong> racconter\u00e0 il sogno di una scuola che sta mettendo radici anche in Friuli: la Penny Wirton, dove centinaia di volontari insegnano la lingua italiana ai giovani immigrati, i ragazzi di Barbiana di oggi.<\/p>\n","protected":false},"excerpt":{"rendered":"<p>Focus speciale a &#8220;pordenonelegge 2016&#8221;<\/p>\n","protected":false},"author":28,"featured_media":20357,"comment_status":"closed","ping_status":"closed","sticky":false,"template":"","format":"standard","meta":{"dwc-title":[],"dwc-content":[],"footnotes":""},"categories":[37],"tags":[],"class_list":["post-20356","post","type-post","status-publish","format-standard","has-post-thumbnail","hentry","category-cultura-e-spettacolo"],"rttpg_featured_image_url":{"full":["https:\/\/imagazine.it\/wp-content\/uploads\/2024\/01\/15668-1.webp",750,499,false],"landscape":["https:\/\/imagazine.it\/wp-content\/uploads\/2024\/01\/15668-1.webp",750,499,false],"portraits":["https:\/\/imagazine.it\/wp-content\/uploads\/2024\/01\/15668-1.webp",750,499,false],"thumbnail":["https:\/\/imagazine.it\/wp-content\/uploads\/2024\/01\/15668-1-150x150.webp",150,150,true],"medium":["https:\/\/imagazine.it\/wp-content\/uploads\/2024\/01\/15668-1-300x200.webp",300,200,true],"large":["https:\/\/imagazine.it\/wp-content\/uploads\/2024\/01\/15668-1.webp",640,426,false],"thumblist":["https:\/\/imagazine.it\/wp-content\/uploads\/2024\/01\/15668-1.webp",300,200,false],"thumbrelated":["https:\/\/imagazine.it\/wp-content\/uploads\/2024\/01\/15668-1.webp",500,333,false],"meccarouselthumb":["https:\/\/imagazine.it\/wp-content\/uploads\/2024\/01\/15668-1.webp",474,315,false],"gridsquare":["https:\/\/imagazine.it\/wp-content\/uploads\/2024\/01\/15668-1.webp",391,260,false],"tileview":["https:\/\/imagazine.it\/wp-content\/uploads\/2024\/01\/15668-1.webp",300,200,false],"1536x1536":["https:\/\/imagazine.it\/wp-content\/uploads\/2024\/01\/15668-1.webp",750,499,false],"2048x2048":["https:\/\/imagazine.it\/wp-content\/uploads\/2024\/01\/15668-1.webp",750,499,false],"newsup-slider-full":["https:\/\/imagazine.it\/wp-content\/uploads\/2024\/01\/15668-1.webp",750,499,false],"newsup-featured":["https:\/\/imagazine.it\/wp-content\/uploads\/2024\/01\/15668-1.webp",750,499,false],"newsup-medium":["https:\/\/imagazine.it\/wp-content\/uploads\/2024\/01\/15668-1-720x380.webp",720,380,true],"tptn_thumbnail":["https:\/\/imagazine.it\/wp-content\/uploads\/2024\/01\/15668-1.webp",250,166,false],"sow-carousel-default":["https:\/\/imagazine.it\/wp-content\/uploads\/2024\/01\/15668-1-272x182.webp",272,182,true]},"rttpg_author":{"display_name":"redazione","author_link":"https:\/\/imagazine.it\/home_desk\/author\/redazione\/"},"rttpg_comment":0,"rttpg_category":"<a href=\"https:\/\/imagazine.it\/home_desk\/category\/cultura-e-spettacolo\/\" rel=\"category tag\">CULTURA&amp;SPETTACOLO<\/a>","rttpg_excerpt":"Focus speciale a \"pordenonelegge 2016\"","_links":{"self":[{"href":"https:\/\/imagazine.it\/home_desk\/wp-json\/wp\/v2\/posts\/20356","targetHints":{"allow":["GET"]}}],"collection":[{"href":"https:\/\/imagazine.it\/home_desk\/wp-json\/wp\/v2\/posts"}],"about":[{"href":"https:\/\/imagazine.it\/home_desk\/wp-json\/wp\/v2\/types\/post"}],"author":[{"embeddable":true,"href":"https:\/\/imagazine.it\/home_desk\/wp-json\/wp\/v2\/users\/28"}],"replies":[{"embeddable":true,"href":"https:\/\/imagazine.it\/home_desk\/wp-json\/wp\/v2\/comments?post=20356"}],"version-history":[{"count":0,"href":"https:\/\/imagazine.it\/home_desk\/wp-json\/wp\/v2\/posts\/20356\/revisions"}],"wp:featuredmedia":[{"embeddable":true,"href":"https:\/\/imagazine.it\/home_desk\/wp-json\/wp\/v2\/media\/20357"}],"wp:attachment":[{"href":"https:\/\/imagazine.it\/home_desk\/wp-json\/wp\/v2\/media?parent=20356"}],"wp:term":[{"taxonomy":"category","embeddable":true,"href":"https:\/\/imagazine.it\/home_desk\/wp-json\/wp\/v2\/categories?post=20356"},{"taxonomy":"post_tag","embeddable":true,"href":"https:\/\/imagazine.it\/home_desk\/wp-json\/wp\/v2\/tags?post=20356"}],"curies":[{"name":"wp","href":"https:\/\/api.w.org\/{rel}","templated":true}]}}