{"id":20319,"date":"2016-09-02T00:00:00","date_gmt":"2016-09-01T23:00:00","guid":{"rendered":"https:\/\/imagazine.it\/?p=20319"},"modified":"2016-09-02T00:00:00","modified_gmt":"2016-09-01T23:00:00","slug":"la-matematica-e-un-gioco-da-ragazze","status":"publish","type":"post","link":"https:\/\/imagazine.it\/home_desk\/la-matematica-e-un-gioco-da-ragazze\/","title":{"rendered":"La matematica? \u00c8 un \u201cgioco\u201d da ragazze"},"content":{"rendered":"<p> \tLo stereotipo che descrive le donne come poco adatte allo studio della matematica sta pian piano morendo. Le statistiche ci dicono che, in Italia per esempio, la percentuale di donne laureate in questa materia \u00e8 circa il 61% del totale di laureati (dati MIUR 2013). Bene? Non proprio perch\u00e9 nello stesso anno il corpo docente era composto da donne solo per poco meno del 35% sul totale dei docenti (mentre sul totale dei professori ordinari solo il 16% era donna). \u00c8 un fenomeno che affligge tutta l\u2019universit\u00e0, ma \u00e8 certamente pi\u00f9 marcato nei settori tecnico-scientifici. Per descriverlo si parla di effetto<em>glass ceiling<\/em>: un soffitto invisibile che preclude alle donne l\u2019accesso ai pi\u00f9 alti livelli della carriera. Molte sono tuttavia, anche a livello europeo (i dati italiani sono infatti in linea con la media EU), le iniziative pensate per promuovere la parit\u00e0 di genere nell\u2019accademia, sia per quanto riguarda l\u2019accesso delle ragazze ai corsi universitari tecnico-scientifici, sia per quel che riguarda l\u2019avanzamento di carriera delle scienziate. Fra queste attivit\u00e0 si inserisce <em>Womath 2016 &#8211; Women and Research in Mathematics:\u00a0the Contribution of SISSA<\/em>, il congresso che si terr\u00e0 alla Scuola Internazionale Superiore di Studi Avanzati (SISSA) di Trieste, dal 7 al 9 settembre 2016 (aula 128). Il congresso \u00e8 stato organizzato con il contributo dell\u2019Universit\u00e0 degli Studi di Udine.<\/p>\n<p> \tIl convegno riunisce le esperienze di alcune fra le pi\u00f9 brillanti ricercatrici che si sono formate alla SISSA nell\u2019ambito delle discipline matematiche. Il convegno vuole mettere a confronto ricercatrici con la stessa formazione di base ma diverse esperienze professionali, favorendo nuove collaborazioni scientifiche fra le partecipanti. La lista delle relatrici invitate copre una vasta parte delle tematiche e delle linee di ricerca che hanno visto il contributo delle dottorate SISSA.<\/p>\n<p> \t\u201cNon mancher\u00e0 inoltre l\u2019occasione di affrontare il tema del\u00a0<em>glass ceiling<\/em>\u201d, aggiunge <strong>Roberta Musina<\/strong>, professoressa di Matematica dell\u2019Universit\u00e0 di Udine e fra le organizzatrici del congresso, \u201csentiamo assolutamente la necessit\u00e0 di capire i motivi per cui fenomeno stia perdurando, visto che alcuni dati fanno pensare che la tendenza non sia verso un rafforzamento\u00a0della presenza femminile nell\u2019ambito della ricerca. In particolare si assiste a un lento calo della percentuale di donne fra gli studenti dottorati alla SISSA in Matematica. Proprio a questo tema dedicheremo uno dei momenti cruciali dell\u2019intero congresso, una tavola rotonda aperta al pubblico, per avviare una riflessione e raccogliere proposte\u201d. L\u2019evento, moderato da <strong>Renata Kodilja<\/strong>, professoressa dell\u2019Universit\u00e0 di Udine, si terr\u00e0 l\u20198 settembre dalle 15.45 presso l\u2019Aula 128 della SISSA di via Bonomea 265.<\/p>\n<p> \tNel comitato organizzativo di <em>Womath<\/em>, oltre a Musina ci sono anche <strong>Barbara Fantechi<\/strong> (SISSA), <strong>Tamara Grava<\/strong> (SISSA), <strong>Rodica Toader<\/strong> (Universit\u00e0 di Udine) e <strong>Susanna Terracini<\/strong> (Universit\u00e0 di Torino) che fa parte della <em>Standing Committee<\/em> del Network <em>European Women in Mathematics<\/em>.<br \/> \t\u201cCome sostiene anche la Commissione Europea, la partecipazione delle donne alla scienza e alla tecnologia pu\u00f2 contribuire ad aumentare l\u2019innovazione, la qualit\u00e0 e la competitivit\u00e0 della ricerca scientifica e industriale e va dunque incoraggiata,\u201d conclude Grava. \u201cPer farlo \u00e8 importante sradicare certi stereotipi di genere \u2018tradizionali\u2019, secondo cui la matematica e le scienze in generale non sono cose da donna, incoraggiando le giovani donne a esplorare percorsi educativi non tradizionali. Noi qui alla SISSA lo facciamo con la nostra testimonianza personale\u201d.<\/p>\n","protected":false},"excerpt":{"rendered":"<p>Convegno internazionale a Trieste<\/p>\n","protected":false},"author":28,"featured_media":20320,"comment_status":"closed","ping_status":"closed","sticky":false,"template":"","format":"standard","meta":{"dwc-title":[],"dwc-content":[],"footnotes":""},"categories":[6],"tags":[],"class_list":["post-20319","post","type-post","status-publish","format-standard","has-post-thumbnail","hentry","category-societa"],"rttpg_featured_image_url":{"full":["https:\/\/imagazine.it\/wp-content\/uploads\/2024\/01\/15593-1.webp",750,523,false],"landscape":["https:\/\/imagazine.it\/wp-content\/uploads\/2024\/01\/15593-1.webp",750,523,false],"portraits":["https:\/\/imagazine.it\/wp-content\/uploads\/2024\/01\/15593-1.webp",750,523,false],"thumbnail":["https:\/\/imagazine.it\/wp-content\/uploads\/2024\/01\/15593-1-150x150.webp",150,150,true],"medium":["https:\/\/imagazine.it\/wp-content\/uploads\/2024\/01\/15593-1-300x209.webp",300,209,true],"large":["https:\/\/imagazine.it\/wp-content\/uploads\/2024\/01\/15593-1.webp",640,446,false],"thumblist":["https:\/\/imagazine.it\/wp-content\/uploads\/2024\/01\/15593-1.webp",300,209,false],"thumbrelated":["https:\/\/imagazine.it\/wp-content\/uploads\/2024\/01\/15593-1.webp",500,349,false],"meccarouselthumb":["https:\/\/imagazine.it\/wp-content\/uploads\/2024\/01\/15593-1.webp",465,324,false],"gridsquare":["https:\/\/imagazine.it\/wp-content\/uploads\/2024\/01\/15593-1.webp",373,260,false],"tileview":["https:\/\/imagazine.it\/wp-content\/uploads\/2024\/01\/15593-1.webp",300,209,false],"1536x1536":["https:\/\/imagazine.it\/wp-content\/uploads\/2024\/01\/15593-1.webp",750,523,false],"2048x2048":["https:\/\/imagazine.it\/wp-content\/uploads\/2024\/01\/15593-1.webp",750,523,false],"newsup-slider-full":["https:\/\/imagazine.it\/wp-content\/uploads\/2024\/01\/15593-1.webp",750,523,false],"newsup-featured":["https:\/\/imagazine.it\/wp-content\/uploads\/2024\/01\/15593-1.webp",750,523,false],"newsup-medium":["https:\/\/imagazine.it\/wp-content\/uploads\/2024\/01\/15593-1-720x380.webp",720,380,true],"tptn_thumbnail":["https:\/\/imagazine.it\/wp-content\/uploads\/2024\/01\/15593-1.webp",250,174,false],"sow-carousel-default":["https:\/\/imagazine.it\/wp-content\/uploads\/2024\/01\/15593-1-272x182.webp",272,182,true]},"rttpg_author":{"display_name":"redazione","author_link":"https:\/\/imagazine.it\/home_desk\/author\/redazione\/"},"rttpg_comment":0,"rttpg_category":"<a href=\"https:\/\/imagazine.it\/home_desk\/category\/societa\/\" rel=\"category tag\">SOCIET\u00c0<\/a>","rttpg_excerpt":"Convegno internazionale a Trieste","_links":{"self":[{"href":"https:\/\/imagazine.it\/home_desk\/wp-json\/wp\/v2\/posts\/20319","targetHints":{"allow":["GET"]}}],"collection":[{"href":"https:\/\/imagazine.it\/home_desk\/wp-json\/wp\/v2\/posts"}],"about":[{"href":"https:\/\/imagazine.it\/home_desk\/wp-json\/wp\/v2\/types\/post"}],"author":[{"embeddable":true,"href":"https:\/\/imagazine.it\/home_desk\/wp-json\/wp\/v2\/users\/28"}],"replies":[{"embeddable":true,"href":"https:\/\/imagazine.it\/home_desk\/wp-json\/wp\/v2\/comments?post=20319"}],"version-history":[{"count":0,"href":"https:\/\/imagazine.it\/home_desk\/wp-json\/wp\/v2\/posts\/20319\/revisions"}],"wp:featuredmedia":[{"embeddable":true,"href":"https:\/\/imagazine.it\/home_desk\/wp-json\/wp\/v2\/media\/20320"}],"wp:attachment":[{"href":"https:\/\/imagazine.it\/home_desk\/wp-json\/wp\/v2\/media?parent=20319"}],"wp:term":[{"taxonomy":"category","embeddable":true,"href":"https:\/\/imagazine.it\/home_desk\/wp-json\/wp\/v2\/categories?post=20319"},{"taxonomy":"post_tag","embeddable":true,"href":"https:\/\/imagazine.it\/home_desk\/wp-json\/wp\/v2\/tags?post=20319"}],"curies":[{"name":"wp","href":"https:\/\/api.w.org\/{rel}","templated":true}]}}