{"id":20281,"date":"2016-08-26T00:00:00","date_gmt":"2016-08-25T23:00:00","guid":{"rendered":"https:\/\/imagazine.it\/?p=20281"},"modified":"2016-08-26T00:00:00","modified_gmt":"2016-08-25T23:00:00","slug":"gorizia-ultimo-finanziamento-per-smaltimento-amianto","status":"publish","type":"post","link":"https:\/\/imagazine.it\/home_desk\/gorizia-ultimo-finanziamento-per-smaltimento-amianto\/","title":{"rendered":"Gorizia, ultimo finanziamento per smaltimento amianto"},"content":{"rendered":"<p> \tUltimo bando della Provincia di Gorizia, per finanziare la microraccolta e lo smaltimento di amianto su tutto il territorio. Sono stati stanziati, infatti, altri 127 mila euro che, aggiunti ai finanziamenti dei precedenti bandi, portano a quasi mezzo milione di euro il contributo che negli ultimi anni la Giunta provinciale ha messo a disposizione dei cittadini per \u201cliberarsi\u201d del pericoloso materiale.<\/p>\n<p> \tAnche questo bando mira a bonificare le coperture di limitata estensione in cemento-amianto, attraverso un co-finanziamento a fondo perduto pari al 50 percento del costo degli interventi e fino a un massimo di 1.500 euro. Interventi che comunque dovranno essere eseguiti da imprese autorizzate e scelte dai cittadini.<\/p>\n<p> \tPotranno accedere ai contributi le persone fisiche proprietarie, usufruttuarie di abitazioni private o loro pertinenze, anche in condominio, o che dimostrino di avere in altro modo piena disponibilit\u00e0 degli immobili per cui \u00e8 chiesto il contributo; gli enti condominiali siti sul territorio provinciale adibiti ad uso abitativo; i condom\u00ecni siti sul territorio provinciale, costituiti per la maggioranza (501\/1000) da unit\u00e0 abitative. Non potranno invece accedere le imprese commerciali o i soggetti privati con contabilit\u00e0 IVA.<\/p>\n<p> \tSoddisfatta la vicepresidente e assessore all\u2019ambiente, <strong>Mara \u010cernic<\/strong>: \u00abLa bonifica delle coperture di cemento-amianto \u00e8 stata da sempre un obiettivo prioritario per questa amministrazione. Dunque, per noi \u2013 continua \u010cernic \u2013 ha un significato particolare chiudere la Provincia mettendo a disposizione dei nostri cittadini i quasi 130mila euro che il Tribunale ci ha riconosciuto come parte civile lesa nel processo sull\u2019amianto.\u00bb<\/p>\n<p> \tIl bando per accedere ai contributi \u00e8 scaricabile dalla sezione Bandi del sito internet della Provincia (<a href=\"http:\/\/www.provincia.gorizia.it\/\" target=\"_blank\" rel=\"noopener\">www.provincia.gorizia.it<\/a>), dove \u00e8 presente il modulo di domanda su cui dovr\u00e0 essere apposto il bollo di 16 euro, per poi presentarlo all\u2019Ufficio Protocollo della Provincia di Gorizia, corso Italia, 55 &#8211; Gorizia, entro le ore 12 del 31 ottobre 2016, allegando la fotocopia di un documento d\u2019identit\u00e0 in corso di validit\u00e0.<\/p>\n","protected":false},"excerpt":{"rendered":"<p>Assegnato dalla Provincia<\/p>\n","protected":false},"author":28,"featured_media":20282,"comment_status":"closed","ping_status":"closed","sticky":false,"template":"","format":"standard","meta":{"dwc-title":[],"dwc-content":[],"footnotes":""},"categories":[5],"tags":[],"class_list":["post-20281","post","type-post","status-publish","format-standard","has-post-thumbnail","hentry","category-attualita"],"rttpg_featured_image_url":{"full":["https:\/\/imagazine.it\/wp-content\/uploads\/2024\/01\/15508-1.webp",750,388,false],"landscape":["https:\/\/imagazine.it\/wp-content\/uploads\/2024\/01\/15508-1.webp",750,388,false],"portraits":["https:\/\/imagazine.it\/wp-content\/uploads\/2024\/01\/15508-1.webp",750,388,false],"thumbnail":["https:\/\/imagazine.it\/wp-content\/uploads\/2024\/01\/15508-1-150x150.webp",150,150,true],"medium":["https:\/\/imagazine.it\/wp-content\/uploads\/2024\/01\/15508-1-300x155.webp",300,155,true],"large":["https:\/\/imagazine.it\/wp-content\/uploads\/2024\/01\/15508-1.webp",640,331,false],"thumblist":["https:\/\/imagazine.it\/wp-content\/uploads\/2024\/01\/15508-1.webp",300,155,false],"thumbrelated":["https:\/\/imagazine.it\/wp-content\/uploads\/2024\/01\/15508-1.webp",500,259,false],"meccarouselthumb":["https:\/\/imagazine.it\/wp-content\/uploads\/2024\/01\/15508-1.webp",474,245,false],"gridsquare":["https:\/\/imagazine.it\/wp-content\/uploads\/2024\/01\/15508-1.webp",391,202,false],"tileview":["https:\/\/imagazine.it\/wp-content\/uploads\/2024\/01\/15508-1.webp",300,155,false],"1536x1536":["https:\/\/imagazine.it\/wp-content\/uploads\/2024\/01\/15508-1.webp",750,388,false],"2048x2048":["https:\/\/imagazine.it\/wp-content\/uploads\/2024\/01\/15508-1.webp",750,388,false],"newsup-slider-full":["https:\/\/imagazine.it\/wp-content\/uploads\/2024\/01\/15508-1.webp",750,388,false],"newsup-featured":["https:\/\/imagazine.it\/wp-content\/uploads\/2024\/01\/15508-1.webp",750,388,false],"newsup-medium":["https:\/\/imagazine.it\/wp-content\/uploads\/2024\/01\/15508-1-720x380.webp",720,380,true],"tptn_thumbnail":["https:\/\/imagazine.it\/wp-content\/uploads\/2024\/01\/15508-1.webp",250,129,false],"sow-carousel-default":["https:\/\/imagazine.it\/wp-content\/uploads\/2024\/01\/15508-1-272x182.webp",272,182,true]},"rttpg_author":{"display_name":"redazione","author_link":"https:\/\/imagazine.it\/home_desk\/author\/redazione\/"},"rttpg_comment":0,"rttpg_category":"<a href=\"https:\/\/imagazine.it\/home_desk\/category\/attualita\/\" rel=\"category tag\">ATTUALIT\u00c0<\/a>","rttpg_excerpt":"Assegnato dalla Provincia","_links":{"self":[{"href":"https:\/\/imagazine.it\/home_desk\/wp-json\/wp\/v2\/posts\/20281","targetHints":{"allow":["GET"]}}],"collection":[{"href":"https:\/\/imagazine.it\/home_desk\/wp-json\/wp\/v2\/posts"}],"about":[{"href":"https:\/\/imagazine.it\/home_desk\/wp-json\/wp\/v2\/types\/post"}],"author":[{"embeddable":true,"href":"https:\/\/imagazine.it\/home_desk\/wp-json\/wp\/v2\/users\/28"}],"replies":[{"embeddable":true,"href":"https:\/\/imagazine.it\/home_desk\/wp-json\/wp\/v2\/comments?post=20281"}],"version-history":[{"count":0,"href":"https:\/\/imagazine.it\/home_desk\/wp-json\/wp\/v2\/posts\/20281\/revisions"}],"wp:featuredmedia":[{"embeddable":true,"href":"https:\/\/imagazine.it\/home_desk\/wp-json\/wp\/v2\/media\/20282"}],"wp:attachment":[{"href":"https:\/\/imagazine.it\/home_desk\/wp-json\/wp\/v2\/media?parent=20281"}],"wp:term":[{"taxonomy":"category","embeddable":true,"href":"https:\/\/imagazine.it\/home_desk\/wp-json\/wp\/v2\/categories?post=20281"},{"taxonomy":"post_tag","embeddable":true,"href":"https:\/\/imagazine.it\/home_desk\/wp-json\/wp\/v2\/tags?post=20281"}],"curies":[{"name":"wp","href":"https:\/\/api.w.org\/{rel}","templated":true}]}}