{"id":20279,"date":"2016-08-26T00:00:00","date_gmt":"2016-08-25T23:00:00","guid":{"rendered":"https:\/\/imagazine.it\/?p=20279"},"modified":"2016-08-26T00:00:00","modified_gmt":"2016-08-25T23:00:00","slug":"lo-swing-di-ray-gelato-in-arrivo-a-muggia","status":"publish","type":"post","link":"https:\/\/imagazine.it\/home_desk\/lo-swing-di-ray-gelato-in-arrivo-a-muggia\/","title":{"rendered":"Lo swing di Ray Gelato in arrivo a Muggia"},"content":{"rendered":"<p> \tQuest\u2019anno il Muggia Jazz Festival festeggia la sua decima edizione e per celebrare la ricorrenza, ospiter\u00e0 due concerti-eventi a ingresso libero.<\/p>\n<p> \t\u00c8 quanto annunciato durante la conferenza stampa di presentazione al Caff\u00e8 Teatro Verdi di Muggia dal vicesindaco, <strong>Francesco Bussani<\/strong>, dall&#39;Assessore Comunale alla Cultura, <strong>Tullio Bellen<\/strong>, e dal Direttore Artistico, <strong>Stefano Franco<\/strong>, alla presenza del Commendator <strong>Dario Samer<\/strong>.<\/p>\n<p> \tIl Festival, promosso dall&#39;associazione B.B.C. (Boogie Bite Corporation) grazie alla collaborazione del Comune di Muggia e con il sostegno della Samer &#038; Co. Shipping, si svolger\u00e0 al teatro Verdi di Muggia il primo week end di settembre, sabato 3 e domenica 4.\u00a0<\/p>\n<p> \tSabato 3 settembre sar\u00e0 il sassofonista inglese <strong>Ray Gelato<\/strong>, a riscaldare e inondare di swing la citt\u00e0 rivierasca. E domenica, in anteprima regionale, si esibir\u00e0 un trio di recentissima formazione che vedr\u00e0 sul palco alla batteria un grandissimo del jazz americano, <strong>Steve Williams<\/strong> (per venticinque anni al fianco di una delle pi\u00f9 importanti pianiste e jazz singer, Shirley Horn), assieme al pianista <strong>Massimo Fara\u00f2<\/strong> e al bassista <strong>Aldo Zunino<\/strong>, gi\u00e0 ammirati al Festival l&#39;anno passato e che in questa edizione tornano a grande richiesta.<\/p>\n<p> \tIl programma della rassegna jazzistica internazionale, riservata a esclusive assolute, presenter\u00e0 non solo jazz, ma anche swing e boogie woogie con artisti di fama internazionale allo scopo di avvicinare alla musica colta il maggior numero di persone possibile e dimostrare che ascoltare il jazz pu\u00f2 essere divertente e alla portata di tutti. Non mancheranno le jam session, da sempre un marchio di fabbrica del Festival, che vedranno interagire sul palco tutti i big presenti in riviera.<\/p>\n","protected":false},"excerpt":{"rendered":"<p>Presentata la decima edizione del &#8220;Jazz Festival&#8221;<\/p>\n","protected":false},"author":28,"featured_media":20280,"comment_status":"closed","ping_status":"closed","sticky":false,"template":"","format":"standard","meta":{"dwc-title":[],"dwc-content":[],"footnotes":""},"categories":[37],"tags":[],"class_list":["post-20279","post","type-post","status-publish","format-standard","has-post-thumbnail","hentry","category-cultura-e-spettacolo"],"rttpg_featured_image_url":{"full":["https:\/\/imagazine.it\/wp-content\/uploads\/2024\/01\/15502-1.webp",750,499,false],"landscape":["https:\/\/imagazine.it\/wp-content\/uploads\/2024\/01\/15502-1.webp",750,499,false],"portraits":["https:\/\/imagazine.it\/wp-content\/uploads\/2024\/01\/15502-1.webp",750,499,false],"thumbnail":["https:\/\/imagazine.it\/wp-content\/uploads\/2024\/01\/15502-1-150x150.webp",150,150,true],"medium":["https:\/\/imagazine.it\/wp-content\/uploads\/2024\/01\/15502-1-300x200.webp",300,200,true],"large":["https:\/\/imagazine.it\/wp-content\/uploads\/2024\/01\/15502-1.webp",640,426,false],"thumblist":["https:\/\/imagazine.it\/wp-content\/uploads\/2024\/01\/15502-1.webp",300,200,false],"thumbrelated":["https:\/\/imagazine.it\/wp-content\/uploads\/2024\/01\/15502-1.webp",500,333,false],"meccarouselthumb":["https:\/\/imagazine.it\/wp-content\/uploads\/2024\/01\/15502-1.webp",474,315,false],"gridsquare":["https:\/\/imagazine.it\/wp-content\/uploads\/2024\/01\/15502-1.webp",391,260,false],"tileview":["https:\/\/imagazine.it\/wp-content\/uploads\/2024\/01\/15502-1.webp",300,200,false],"1536x1536":["https:\/\/imagazine.it\/wp-content\/uploads\/2024\/01\/15502-1.webp",750,499,false],"2048x2048":["https:\/\/imagazine.it\/wp-content\/uploads\/2024\/01\/15502-1.webp",750,499,false],"newsup-slider-full":["https:\/\/imagazine.it\/wp-content\/uploads\/2024\/01\/15502-1.webp",750,499,false],"newsup-featured":["https:\/\/imagazine.it\/wp-content\/uploads\/2024\/01\/15502-1.webp",750,499,false],"newsup-medium":["https:\/\/imagazine.it\/wp-content\/uploads\/2024\/01\/15502-1-720x380.webp",720,380,true],"tptn_thumbnail":["https:\/\/imagazine.it\/wp-content\/uploads\/2024\/01\/15502-1.webp",250,166,false],"sow-carousel-default":["https:\/\/imagazine.it\/wp-content\/uploads\/2024\/01\/15502-1-272x182.webp",272,182,true]},"rttpg_author":{"display_name":"redazione","author_link":"https:\/\/imagazine.it\/home_desk\/author\/redazione\/"},"rttpg_comment":0,"rttpg_category":"<a href=\"https:\/\/imagazine.it\/home_desk\/category\/cultura-e-spettacolo\/\" rel=\"category tag\">CULTURA&amp;SPETTACOLO<\/a>","rttpg_excerpt":"Presentata la decima edizione del \"Jazz Festival\"","_links":{"self":[{"href":"https:\/\/imagazine.it\/home_desk\/wp-json\/wp\/v2\/posts\/20279","targetHints":{"allow":["GET"]}}],"collection":[{"href":"https:\/\/imagazine.it\/home_desk\/wp-json\/wp\/v2\/posts"}],"about":[{"href":"https:\/\/imagazine.it\/home_desk\/wp-json\/wp\/v2\/types\/post"}],"author":[{"embeddable":true,"href":"https:\/\/imagazine.it\/home_desk\/wp-json\/wp\/v2\/users\/28"}],"replies":[{"embeddable":true,"href":"https:\/\/imagazine.it\/home_desk\/wp-json\/wp\/v2\/comments?post=20279"}],"version-history":[{"count":0,"href":"https:\/\/imagazine.it\/home_desk\/wp-json\/wp\/v2\/posts\/20279\/revisions"}],"wp:featuredmedia":[{"embeddable":true,"href":"https:\/\/imagazine.it\/home_desk\/wp-json\/wp\/v2\/media\/20280"}],"wp:attachment":[{"href":"https:\/\/imagazine.it\/home_desk\/wp-json\/wp\/v2\/media?parent=20279"}],"wp:term":[{"taxonomy":"category","embeddable":true,"href":"https:\/\/imagazine.it\/home_desk\/wp-json\/wp\/v2\/categories?post=20279"},{"taxonomy":"post_tag","embeddable":true,"href":"https:\/\/imagazine.it\/home_desk\/wp-json\/wp\/v2\/tags?post=20279"}],"curies":[{"name":"wp","href":"https:\/\/api.w.org\/{rel}","templated":true}]}}