{"id":20265,"date":"2016-08-23T00:00:00","date_gmt":"2016-08-22T23:00:00","guid":{"rendered":"https:\/\/imagazine.it\/?p=20265"},"modified":"2016-08-23T00:00:00","modified_gmt":"2016-08-22T23:00:00","slug":"la-tv-austriaca-alla-scoperta-della-patata-di-godia","status":"publish","type":"post","link":"https:\/\/imagazine.it\/home_desk\/la-tv-austriaca-alla-scoperta-della-patata-di-godia\/","title":{"rendered":"La tv austriaca alla scoperta della patata di Godia"},"content":{"rendered":"<p> \t\u00c8 conto alla rovescia per la Sagra delle Patate di Godia: venerd\u00ec 26 alle 19.30 si terr\u00e0 l&#39;inaugurazione dell\u2019edizione numero 40, con festeggiamenti degni dell\u2019importante traguardo. Al taglio del nastro saranno presenti, oltre alle autorit\u00e0 comunali, provinciali e regionali, due ospiti d\u2019eccezione: la presidente di Laura Team per Achilles International Italia <strong>Laura Bassi<\/strong>, e la campionessa italiana di wheelchair bike e membro della nazionale di wheelchair curling <strong>Rosanna Menazzi<\/strong>. Tanto pi\u00f9 in tempo di Olimpiadi, il loro messaggio per uno sport senza barriere acquista una valenza particolare.<\/p>\n<p> \tAlle 20.30 salir\u00e0 poi sul palco l\u2019orchestra \u201cCollegium\u201d, primo di una serie di appuntamenti musicali e non che si susseguiranno per tutto il primo fine settimana. Sabato 27 sempre alle 20.30 sar\u00e0 infatti la volta della nota band \u201cQuella mezza sporca dozzina\u201d, mentre la domenica unir\u00e0 tradizione e novit\u00e0: dopo la premiazione dello storico concorso \u201cLa patata pi\u00f9 pesante\u201d alle 11.45, alle 17.30 sfileranno le partecipanti alla prima edizione di \u201cMiss Paesi in festa\u201d &#8211; in collaborazione con Ires Fvg Impresa Sociale. A seguire, la serata di ballo liscio con DJ Zeta.<\/p>\n<p> \tVenerd\u00ec verr\u00e0 inaugurata anche la mostra fotografica che ripercorre i 40 anni della Sagra, curata da <strong>Antonella Oliana<\/strong> e <strong>Arianna Mansutti<\/strong>: un percorso in 150 foto selezionate tra pi\u00f9 di 500 immagini scattate nelle varie edizioni, disposte su sei pannelli tematici. \u00abL\u2019idea di realizzare una mostra delle foto pi\u00f9 significative delle Sagra \u2013 spiegano le curatrici \u2013 \u00e8 nata, oltre che dallo storico traguardo raggiunto, dalla consapevolezza che le immagini possano raccontare meglio di qualsiasi scritto la Storia minore. Non \u00e8 stato facile selezionale perch\u00e9 si voleva dar spazio a tutte quelle attivit\u00e0, anche curiose e non pi\u00f9 praticate, che si sono succedute nel tempo: il palo della cuccagna, la gimcana dei trattori, la gara delle torte\u00bb. Ma sono soprattutto coloro che sono stati presenti sin dalla prima edizione la vera \u201cmemoria storica\u201d della Sagra: \u00abSiamo partiti portandoci le attrezzature da casa, e cucinando una polenta per famiglia \u2013 ricorda la signora Alda -; ora invece, cresciuti poco a poco, abbiamo tutto ci\u00f2 che serve e peliamo e cuciniamo pi\u00f9 di cento quintali di patate per ogni edizione\u00bb.<\/p>\n<p> \t\u00abQuello che oggi vediamo, e parlo soprattutto per chi come me ha meno di quarant\u2019anni \u2013 osserva il giovane presidente del Comitato festeggiamenti, <strong>Luca Tonutti<\/strong> \u2013 \u00e8 frutto di ci\u00f2 che queste persone hanno creato: ed \u00e8 a loro in primo luogo che va la nostra gratitudine\u00bb.<\/p>\n<p> \tL\u2019anniversario ha suscitato anche l\u2019attenzione della tv nazionale austriaca ORF, che ha inviato una propria troupe per registrare un servizio in onda sabato 27 dopo il tg delle 19.<\/p>\n<p> \tSia la mostra che il laboratorio artigianale \u201cCeramichiamo\u201d rimarranno sempre aperti nei due fine settimana di festeggiamenti, in cui 200 volontari di ogni et\u00e0 cucineranno piatti a base della rinomata variet\u00e0 locale di patate \u2013 la Kennebek, di cui quest\u2019anno c\u2019\u00e8 stato un raccolto particolarmente promettente \u2013 e di carne rigorosamente \u201cmade in Fvg\u201d dagli allevamenti di Corte Friulana; accompagnati da una pi\u00f9 vasta e rinnovata scelta di birre artigianali friulane &#8211; Zahre, Foglie d\u2019Erba, Antica Contea, Campestre e Garlatti Costa &#8211; e dai vini del Collio dell&#39;azienda agricola Bodigoi Nicola. Dulcis in fundo, come new entry del 2016, il gelato artigianale di Gusto Antico. Da non dimenticare infine la pesca gastronomica \u2013 con premi offerti da Corte Friulana, Tosolini ed altre eccellenze.<\/p>\n<p> \tLa Sagra di Godia vi aspetta quindi da venerd\u00ec 26 a domenica 28 agosto e da gioved\u00ec 1 \u2013 serata speciale dedicata ai giovani \u2013 a domenica 4 settembre.<\/p>\n","protected":false},"excerpt":{"rendered":"<p>Visita della troupe di ORF<\/p>\n","protected":false},"author":28,"featured_media":20266,"comment_status":"closed","ping_status":"closed","sticky":false,"template":"","format":"standard","meta":{"dwc-title":[],"dwc-content":[],"footnotes":""},"categories":[8],"tags":[],"class_list":["post-20265","post","type-post","status-publish","format-standard","has-post-thumbnail","hentry","category-turismo"],"rttpg_featured_image_url":{"full":["https:\/\/imagazine.it\/wp-content\/uploads\/2024\/01\/15474-1.webp",750,422,false],"landscape":["https:\/\/imagazine.it\/wp-content\/uploads\/2024\/01\/15474-1.webp",750,422,false],"portraits":["https:\/\/imagazine.it\/wp-content\/uploads\/2024\/01\/15474-1.webp",750,422,false],"thumbnail":["https:\/\/imagazine.it\/wp-content\/uploads\/2024\/01\/15474-1-150x150.webp",150,150,true],"medium":["https:\/\/imagazine.it\/wp-content\/uploads\/2024\/01\/15474-1-300x169.webp",300,169,true],"large":["https:\/\/imagazine.it\/wp-content\/uploads\/2024\/01\/15474-1.webp",640,360,false],"thumblist":["https:\/\/imagazine.it\/wp-content\/uploads\/2024\/01\/15474-1.webp",300,169,false],"thumbrelated":["https:\/\/imagazine.it\/wp-content\/uploads\/2024\/01\/15474-1.webp",500,281,false],"meccarouselthumb":["https:\/\/imagazine.it\/wp-content\/uploads\/2024\/01\/15474-1.webp",474,267,false],"gridsquare":["https:\/\/imagazine.it\/wp-content\/uploads\/2024\/01\/15474-1.webp",391,220,false],"tileview":["https:\/\/imagazine.it\/wp-content\/uploads\/2024\/01\/15474-1.webp",300,169,false],"1536x1536":["https:\/\/imagazine.it\/wp-content\/uploads\/2024\/01\/15474-1.webp",750,422,false],"2048x2048":["https:\/\/imagazine.it\/wp-content\/uploads\/2024\/01\/15474-1.webp",750,422,false],"newsup-slider-full":["https:\/\/imagazine.it\/wp-content\/uploads\/2024\/01\/15474-1.webp",750,422,false],"newsup-featured":["https:\/\/imagazine.it\/wp-content\/uploads\/2024\/01\/15474-1.webp",750,422,false],"newsup-medium":["https:\/\/imagazine.it\/wp-content\/uploads\/2024\/01\/15474-1-720x380.webp",720,380,true],"tptn_thumbnail":["https:\/\/imagazine.it\/wp-content\/uploads\/2024\/01\/15474-1.webp",250,141,false],"sow-carousel-default":["https:\/\/imagazine.it\/wp-content\/uploads\/2024\/01\/15474-1-272x182.webp",272,182,true]},"rttpg_author":{"display_name":"redazione","author_link":"https:\/\/imagazine.it\/home_desk\/author\/redazione\/"},"rttpg_comment":0,"rttpg_category":"<a href=\"https:\/\/imagazine.it\/home_desk\/category\/turismo\/\" rel=\"category tag\">TURISMO<\/a>","rttpg_excerpt":"Visita della troupe di ORF","_links":{"self":[{"href":"https:\/\/imagazine.it\/home_desk\/wp-json\/wp\/v2\/posts\/20265","targetHints":{"allow":["GET"]}}],"collection":[{"href":"https:\/\/imagazine.it\/home_desk\/wp-json\/wp\/v2\/posts"}],"about":[{"href":"https:\/\/imagazine.it\/home_desk\/wp-json\/wp\/v2\/types\/post"}],"author":[{"embeddable":true,"href":"https:\/\/imagazine.it\/home_desk\/wp-json\/wp\/v2\/users\/28"}],"replies":[{"embeddable":true,"href":"https:\/\/imagazine.it\/home_desk\/wp-json\/wp\/v2\/comments?post=20265"}],"version-history":[{"count":0,"href":"https:\/\/imagazine.it\/home_desk\/wp-json\/wp\/v2\/posts\/20265\/revisions"}],"wp:featuredmedia":[{"embeddable":true,"href":"https:\/\/imagazine.it\/home_desk\/wp-json\/wp\/v2\/media\/20266"}],"wp:attachment":[{"href":"https:\/\/imagazine.it\/home_desk\/wp-json\/wp\/v2\/media?parent=20265"}],"wp:term":[{"taxonomy":"category","embeddable":true,"href":"https:\/\/imagazine.it\/home_desk\/wp-json\/wp\/v2\/categories?post=20265"},{"taxonomy":"post_tag","embeddable":true,"href":"https:\/\/imagazine.it\/home_desk\/wp-json\/wp\/v2\/tags?post=20265"}],"curies":[{"name":"wp","href":"https:\/\/api.w.org\/{rel}","templated":true}]}}