{"id":20241,"date":"2016-08-17T00:00:00","date_gmt":"2016-08-16T23:00:00","guid":{"rendered":"https:\/\/imagazine.it\/?p=20241"},"modified":"2016-08-17T00:00:00","modified_gmt":"2016-08-16T23:00:00","slug":"il-vento-del-ricordo","status":"publish","type":"post","link":"https:\/\/imagazine.it\/home_desk\/il-vento-del-ricordo\/","title":{"rendered":"Il vento del ricordo"},"content":{"rendered":"<p> \tAlle 14.30 del 17 agosto del 1915 la prua del sommergibile <em>Jalea<\/em> venne urtata violentemente dalla massa di una torpediniera e, poche miglia al largo di Grado da dove era partito la sera prima, si inabiss\u00f2. L&#39;unico superstite, dei 20 marinai dell&#39;equipaggio, fu <strong>Arturo Vietri<\/strong>, avvistato e soccorso molte ore dopo l&#39;impatto, aggrappato a una boa foranea dell&#39;Isola del Sole. Per 39 anni il relitto giacque, con il suo carico di giovani vittime, sul fondo; fino al recupero avvenuto a met\u00e0 degli anni &#39;50. Ora questa vicenda bellica, mai dimenticata a Monfalcone e Trieste, viene raccontata nel libro &#8220;Regio sommergibile Jalea: vento del ricordo&#8221; del monfalconese <strong>Gustavo Caizzi<\/strong>, uscito da alcuni giorni per i tipi &#8220;L&#39;Orto della cultura&#8221; di Pasian di Prato, presentato nei giorni scorsi al Museo Civico delle Carrozze di San Martino di Codroipo.<\/p>\n<p> \tNon un libro, ma un progetto editoriale, in quanto il saggio storico \u00e8 arricchito da un DVD che approfondisce e arricchisce il testo con importanti contribuiti.<\/p>\n<p> \tL&#39;opera nel suo insieme \u00e8 dunque costruita sulla base di un&#39;approfondita e lunga ricerca; ne scaturisce un&#39;ampia rassegna di testimonianze, articoli di stampa, documenti d&#39;archivio, cimeli e anche un vasto corredo fotografico.<\/p>\n<p> \tAmpio spazio \u00e8 riservato alle operazioni di recupero del sommergibile avvenute il 6 giugno del 1954 alle quali partecip\u00f2 il marinaio Arturo Vietri. Fu un giorno storico per Monfalcone e molti cittadini e autorit\u00e0 parteciparono poi\u00a0ai funerali di Stato dei marinai e alla loro tumulazione, con gli onori dovuti, nel Sacrario di Redipuglia al 22esimo gradone. II relitto venne trasferito in rada a Trieste, e poi nel Cantiere CRDA di Monfalcone per la demolizione.<\/p>\n<p> \tIl libro di Gustavo Caizza, oltre alla passione e al rispetto per la storia, poggia su una specifica competenza scientifica e su un&#39;esperienza nel settore. Dopo la laurea in ingegneria navale, infatti, ha maturato una 40ennale carriera nei maggiori cantieri navali italiani. Recentemente ha rivolto la sua attenzione al complesso processo di sviluppo portuale, della logistica e delle infrastrutture in Alto Adriatico. Rilevante \u00e8 anche la sua attivit\u00e0 nel volontariato, come socio e presidente del locale Lions Club.<\/p>\n<p> \tCon il suo impegno questo importante e tragico evento, avvenuto durante la Grande Guerra, non \u00e8 destinato all&#39;oblio, ma a vivere grazie &#8220;al vento del ricordo&#8221;.<\/p>\n<p> \tIl fatto storico \u00e8 stato inoltre ripreso in varie occasioni (nel 2011 durante il raduno nazionale dei Sommergibilisti) ed \u00e8 stato al centro di incontri di promozione e approfondimento promossi dal <em>Gruppo Ermada<\/em>, svoltisi in occasione delle manifestazioni in ricordo del centenario dello scoppio del conflitto mondiale. A perenne memoria e in nome dei valori di pace, \u00e8 stato altres\u00ec collocato a Monfalcone un cippo che ricorda questa vicenda tragica della storia del Novecento.<\/p>\n","protected":false},"excerpt":{"rendered":"<p>L&#8217;anniversario della tragedia del &#8220;Jalea&#8221;<\/p>\n","protected":false},"author":23,"featured_media":20242,"comment_status":"closed","ping_status":"closed","sticky":false,"template":"","format":"standard","meta":{"dwc-title":[],"dwc-content":[],"footnotes":""},"categories":[37],"tags":[],"class_list":["post-20241","post","type-post","status-publish","format-standard","has-post-thumbnail","hentry","category-cultura-e-spettacolo"],"rttpg_featured_image_url":{"full":["https:\/\/imagazine.it\/wp-content\/uploads\/2024\/01\/15366-1.webp",500,331,false],"landscape":["https:\/\/imagazine.it\/wp-content\/uploads\/2024\/01\/15366-1.webp",500,331,false],"portraits":["https:\/\/imagazine.it\/wp-content\/uploads\/2024\/01\/15366-1.webp",500,331,false],"thumbnail":["https:\/\/imagazine.it\/wp-content\/uploads\/2024\/01\/15366-1-150x150.webp",150,150,true],"medium":["https:\/\/imagazine.it\/wp-content\/uploads\/2024\/01\/15366-1-300x199.webp",300,199,true],"large":["https:\/\/imagazine.it\/wp-content\/uploads\/2024\/01\/15366-1.webp",500,331,false],"thumblist":["https:\/\/imagazine.it\/wp-content\/uploads\/2024\/01\/15366-1.webp",300,199,false],"thumbrelated":["https:\/\/imagazine.it\/wp-content\/uploads\/2024\/01\/15366-1.webp",500,331,false],"meccarouselthumb":["https:\/\/imagazine.it\/wp-content\/uploads\/2024\/01\/15366-1.webp",474,314,false],"gridsquare":["https:\/\/imagazine.it\/wp-content\/uploads\/2024\/01\/15366-1.webp",391,260,false],"tileview":["https:\/\/imagazine.it\/wp-content\/uploads\/2024\/01\/15366-1.webp",300,199,false],"1536x1536":["https:\/\/imagazine.it\/wp-content\/uploads\/2024\/01\/15366-1.webp",500,331,false],"2048x2048":["https:\/\/imagazine.it\/wp-content\/uploads\/2024\/01\/15366-1.webp",500,331,false],"newsup-slider-full":["https:\/\/imagazine.it\/wp-content\/uploads\/2024\/01\/15366-1.webp",500,331,false],"newsup-featured":["https:\/\/imagazine.it\/wp-content\/uploads\/2024\/01\/15366-1.webp",500,331,false],"newsup-medium":["https:\/\/imagazine.it\/wp-content\/uploads\/2024\/01\/15366-1.webp",500,331,false],"tptn_thumbnail":["https:\/\/imagazine.it\/wp-content\/uploads\/2024\/01\/15366-1.webp",250,166,false],"sow-carousel-default":["https:\/\/imagazine.it\/wp-content\/uploads\/2024\/01\/15366-1-272x182.webp",272,182,true]},"rttpg_author":{"display_name":"Margherita Reguitti","author_link":"https:\/\/imagazine.it\/home_desk\/author\/reguitti\/"},"rttpg_comment":0,"rttpg_category":"<a href=\"https:\/\/imagazine.it\/home_desk\/category\/cultura-e-spettacolo\/\" rel=\"category tag\">CULTURA&amp;SPETTACOLO<\/a>","rttpg_excerpt":"L'anniversario della tragedia del \"Jalea\"","_links":{"self":[{"href":"https:\/\/imagazine.it\/home_desk\/wp-json\/wp\/v2\/posts\/20241","targetHints":{"allow":["GET"]}}],"collection":[{"href":"https:\/\/imagazine.it\/home_desk\/wp-json\/wp\/v2\/posts"}],"about":[{"href":"https:\/\/imagazine.it\/home_desk\/wp-json\/wp\/v2\/types\/post"}],"author":[{"embeddable":true,"href":"https:\/\/imagazine.it\/home_desk\/wp-json\/wp\/v2\/users\/23"}],"replies":[{"embeddable":true,"href":"https:\/\/imagazine.it\/home_desk\/wp-json\/wp\/v2\/comments?post=20241"}],"version-history":[{"count":0,"href":"https:\/\/imagazine.it\/home_desk\/wp-json\/wp\/v2\/posts\/20241\/revisions"}],"wp:featuredmedia":[{"embeddable":true,"href":"https:\/\/imagazine.it\/home_desk\/wp-json\/wp\/v2\/media\/20242"}],"wp:attachment":[{"href":"https:\/\/imagazine.it\/home_desk\/wp-json\/wp\/v2\/media?parent=20241"}],"wp:term":[{"taxonomy":"category","embeddable":true,"href":"https:\/\/imagazine.it\/home_desk\/wp-json\/wp\/v2\/categories?post=20241"},{"taxonomy":"post_tag","embeddable":true,"href":"https:\/\/imagazine.it\/home_desk\/wp-json\/wp\/v2\/tags?post=20241"}],"curies":[{"name":"wp","href":"https:\/\/api.w.org\/{rel}","templated":true}]}}