{"id":20146,"date":"2016-07-26T00:00:00","date_gmt":"2016-07-25T23:00:00","guid":{"rendered":"https:\/\/imagazine.it\/?p=20146"},"modified":"2016-07-26T00:00:00","modified_gmt":"2016-07-25T23:00:00","slug":"la-carica-delle-41-anteprime","status":"publish","type":"post","link":"https:\/\/imagazine.it\/home_desk\/la-carica-delle-41-anteprime\/","title":{"rendered":"La carica delle 41 anteprime"},"content":{"rendered":"<p style=\"text-align: justify;\" class=\"ui-droppable\"> \t<strong>Anteprima<\/strong> \u00e8 la parola chiave di <strong><em>pordenonelegge 2016<\/em><\/strong>: <strong>saranno 41 <\/strong>le novit\u00e0 editoriali in cartellone alla 17^ Festa del Libro con gli Autori, da mercoled\u00ec 14 a domenica 18 settembre con oltre 300 eventi affidati ai maggiori protagonisti della scena letteraria italiana e internazionale. <strong>Quarantuno scrittori italiani e stranieri<\/strong>, <strong>con le loro case editrici hanno scelto <em>pordenonelegge 2016<\/em><\/strong> quale vetrina d\u2019eccezione per le loro novit\u00e0. \u00c8 il caso di <strong>Cathleen Schine<\/strong> e di <strong>Peter Hoeg<\/strong>, due autori Mondadori che si presentano in Italia con il loro nuovo romanzo: la popolarissima autrice di \u201c<em>Lettera d\u2019amore<\/em>\u201d uscir\u00e0 a settembre con <strong>\u201c<em>Le cose cambiano<\/em>\u201d,<\/strong> una intensa presa diretta in una grande famiglia, per capire come evolvono dinamiche e rapporti negli anni di invecchiamento e malattia dei genitori. Col fiato sospeso attendono la nuova uscita anche i lettori di <strong>Peter Hoeg<\/strong>, l\u2019autore de \u201c<em>Il senso di Smilla per la neve\u201d. <\/em>\u201c<strong><em>L\u2019effetto Susan<\/em><\/strong>\u201d, il romanzo in anteprima a <em>pordenonelegge<\/em>, segna il ritorno dello scrittore al thriller, attraverso una protagonista dotata di un talento raro e prezioso: la capacit\u00e0 di farsi confessare qualsiasi segreto. Sempre da Mondadori l\u2019anteprima di un grande regista del nostro tempo: <strong>Gianni Amelio<\/strong> presenta a <em>pordenonelegge<\/em> il suo primo romanzo, \u201c<strong><em>Politeama<\/em><\/strong>\u201d. La sua prima opera narrativa \u00e8 uno struggente romanzo di formazione, tenero e crudele, disperato e solare, sostenuto da una scrittura essenziale che va dritta al cuore delle cose. Mondadori porter\u00e0 a <em>pordenonelegge<\/em> in anteprima anche il saggio di <strong>Ivano Dionigi: \u201c<em>Il presente non basta. La lezione del latino<\/em>\u201d <\/strong>raccoglie la sua ultima <em>lectio<\/em> pronunciata in veste di Rettore dell\u2019Universit\u00e0 di Bologna e dimostra quanto la lingua latina conti ancor oggi per una brillante formazione professionale e politica.<\/p>\n<p style=\"text-align: justify;\" class=\"ui-droppable\"> \t\u00c8 firmata Guanda l\u2019anteprima di <strong>Irvine Welsh<\/strong>, acclamato autore di \u201c<em>Transpotting<\/em>\u201d: il suo nuovo romanzo riecheggia quel successo sin dal plot, perch\u00e9 al centro de \u201c<strong><em>L\u2019artista del coltello<\/em><\/strong>\u201d c\u2019\u00e8 il sociopatico e iperviolento Franco Begbie, astemio e riabilitato dopo il carcere, trasferitosi in California con una moglie giovane e ricca e con due bellissime bambine. Ma le cose sono destinate a cambiare\u2026 Garzanti regala all\u2019Italia e a <em>pordenonelegge<\/em> la prima di un\u2019autrice <em>cult<\/em> del nostro tempo, la spagnola <strong>Clara Sanchez,<\/strong> vincitrice dei pi\u00f9 prestigiosi premi letterari: con \u201c<strong><em>Lo stupore di una notte di luce<\/em><\/strong>\u201d torna a raccontare di Sandra e Julian, di una verit\u00e0 sconvolgente che pochi conoscono. Il suo romanzo ci proietta nella impossibilit\u00e0 di dimenticare il male e sulle colpe che devono essere punite. Garzanti firma anche il nuovo romanzo di <strong>Pedro Chagas Freitas, \u201c<em>Paura di perdere<\/em>\u201d<\/strong>, seguito ideale del suo fortunatissimo \u201c<em>Prometto di sbagliare<\/em>\u201d. Scrittore, giornalista e insegnante di scrittura creativa, Chagas \u00e8 diventato un fenomeno editoriale mondiale. Nelle sue pagine pulsa l\u2019amore: purch\u00e9 non ci prenda la paura di perdere&#8230; A <em>pordenonelegge<\/em> in anteprima per Neri Pozza anche il Pulitzer Prize <strong>Geraldine Brooks<\/strong>, due milioni di copie vendute nel mondo, con un romanzo, \u201c<strong><em>L\u2019armonia segreta<\/em><\/strong>\u201d, dedicato a un personaggio biblico di grande suggestione, Davide, protagonista di una saga storica che riflette su concetti come la brama di potere, il desiderio di affermazione, la famiglia, il sesso e il tradimento.<\/p>\n<p style=\"text-align: justify;\" class=\"ui-droppable\"> \tDa Bompiani a <em>pordenonelegge<\/em> il romanzo d\u2019esordio di <strong>Laura Barnett<\/strong>, giornalista, critica teatrale e scrittrice: il suo \u201c<strong><em>Tre volte noi<\/em><\/strong>\u201d ci proietta in una realt\u00e0 magica e coinvolgente, \u00e8 un racconto di possibilit\u00e0 che scorre dagli anni Sessanta a oggi in un avvicendarsi di <em>sliding doors<\/em>. Sempre per Bompiani tre attese anteprime italiane: <strong>Giampiero Mughini<\/strong> ci spiega \u201c<strong><em>Le stanze dei libri. Come vivere felici senza facebook, twitter e follower<\/em><\/strong><em>\u201d<\/em>; con Marino Niola esploriamo \u201c<strong><em>Il presente in poche parole<\/em><\/strong>\u201d: Apple watch, selfie, tatuaggio, co-living, integralismi, hashtag, vegan, touch, multitasking, migranti\u2026 sono i nuovi miti d&#8217;oggi, le parole chiave per interpretare la mutazione antropologica che stiamo vivendo. E sempre per Bompiani <strong>Athos Zontini<\/strong> ci guida in \u201c<strong><em>Orfanzia<\/em><\/strong>\u201d, un romanzo d\u2019esordio che fa sorridere e rabbrividire a un tempo, con un bambino troppo magro dentro un mondo troppo insipido.<\/p>\n<p style=\"text-align: justify;\" class=\"ui-droppable\"> \tDall\u2019autrice fenomeno mondiale con \u201c<em>P.s. I love you\u201d <\/em>e \u201c<em>#Scrivimiancora\u201d, <\/em>arriva uno straordinario romanzo che ha gi\u00e0 scalato le classifiche in UK e USA: De Agostini pubblica \u201c<strong><em>Flawed<\/em><\/strong>\u201d (Gli imperfetti) di <strong>Cecilia Ahern<\/strong>, ambientato in un futuro non molto lontano, dove il giudice Crevan conduce una spietata guerra contro l\u2019immoralit\u00e0. \u201c<strong><em>Amore, sesso e altre questioni di politica estera<\/em><\/strong>\u201d titola il romanzo d\u2019esordio di <strong>Jesse Armstrong<\/strong>, autore teatrale e televisivo fra i pi\u00f9 amati nel mondo anglosassone. Il suo esordio, edito in Italia da Fazi, ci proietta lungo una rotta balcanica densa di imprevisti e colpi di scena, un viaggio sentimentale incastonato nella guerra dell\u2019ex Yugoslavia, fra trincee e pene d\u2019amore. \u00c8 immerso nell\u2019attualit\u00e0 pi\u00f9 viva del nostro tempo il nuovo romanzo di <strong>Kader Abdolah<\/strong>, \u201c<strong><em>Un pappagallo vol\u00f2 sull&#8217;Ijssel<\/em>\u201d<\/strong>, in uscita per Iperborea: racchiude la storia degli ultimi venticinque anni di immigrazione mediorientale in Olanda, raccontata attraverso le vicende personali di un gruppo di rifugiati dalla curiosit\u00e0 alla diffidenza, all\u2019ostilit\u00e0. E La Mecca dell\u2019inizio del XX secolo rivive nel nuovo romanzo della scrittrice saudita <strong>Raja Alem<\/strong>, vincitrice del prestigioso Arabic Booker con \u201c<strong><em>Khatem, una bambina d\u2019Arabia<\/em>\u201d<\/strong>, edito Atmosphere, Raja Alem descrive con eleganza persone e cose di quella societ\u00e0 tradizionale. Scrittore, poeta e performer, <strong>Serhij \u017dadan<\/strong> \u00e8 il \u201cRimbaud ucraino\u201d: con \u201c<strong><em>La strada del Donbas<\/em><\/strong>\u201d pubblicato da Voland ci accompagner\u00e0 attraverso gli sterminati campi di granturco del suo paese, in una cavalcata folle e fantastica alla \u201cEasy rider\u201d.<\/p>\n<p style=\"text-align: justify;\" class=\"ui-droppable\"> \tNei giorni in cui i riflettori del mondo sono puntati sulla Turchia e su <strong>Istanbul<\/strong>, due autori a <em>pordenonelegge<\/em> racconteranno questa citt\u00e0 imprendibile, misteriosa e sempre capace di stregare chi la percorre: fra gli ospiti pi\u00f9 attesi della 17^ edizione di <em>pordenonelegge<\/em> c\u2019\u00e8 senz\u2019altro <strong>Burhan Sonmez<\/strong>, scrittore e attivista turco, in passato colpito duramente dalla polizia del suo Paese. In anteprima nazionale a Pordenone presenter\u00e0 il suo nuovo romanzo, \u201c<strong><em>Istanbul Istanbul<\/em><\/strong>\u201d, edito Nottetempo, ambientato nei sotterranei del carcere dove sono rinchiusi quattro dissidenti.\u00a0 \u201c<strong><em>I segreti di Istanbul<\/em><\/strong>\u201d \u00e8 invece il titolo del nuovo libro di <strong>Corrado Augias<\/strong> in uscita per Einaudi, in arrivo a <em>pordenonelegge<\/em>: il racconto di una scoperta e dell\u2019innamoramento del tempo per una \u201ccitt\u00e0 sospesa, da secoli in trappola tra due mondi\u201d. E ancora da Einaudi due novit\u00e0 importanti: in anteprima <strong>Andrea Bajani <\/strong>presenta<strong> \u201c<em>Un bene al mondo<\/em>\u201d<\/strong>, una storia d\u2019amore e di crescita ambientata ai piedi della montagna. <strong>Chiara Valerio<\/strong>, con la \u201c<strong><em>Storia umana della matematica<\/em><\/strong>\u201d, ci racconta invece le seduzioni della pi\u00f9 inafferrabile delle scienze esatte attraverso le vicende personali e umanissime di chi l\u2019ha tracciata e nel tempo ne ha tracciato tappe e scoperte.<\/p>\n<p style=\"text-align: justify;\" class=\"ui-droppable\"> \tLa nave di Teseo porta a <em>pordenonelegge<\/em> in anteprima i due nuovi libri di <strong>Nicola Porro<\/strong> e <strong>Susanna Tamaro<\/strong>: <strong>\u201c<em>La disuguaglianza fa bene<\/em>\u201d <\/strong>raccoglie e riorganizza la \u201cBiblioteca liberale\u201d di Porro, rubrica che settimanalmente tiene sul quotidiano \u201cIl Giornale\u201d, in cui affronta un tema di attualit\u00e0 politica, sociale, economica, culturale alla luce di un classico del pensiero liberale. E <strong>Susanna Tamaro<\/strong>, la scrittrice\u00a0 bestseller, torna alla narrativa pura con<strong> \u201c<em>La tigre e l&#8217;acrobata\u201d<\/em>,<\/strong> una favola morale, viaggio di formazione di una tigre della taiga sin dalla sua prima infanzia.<\/p>\n<p style=\"text-align: justify;\" class=\"ui-droppable\"> \tDa Raffaello Cortina Editore ecco un saggio firmato a quattro mani da <strong>Paolo Legrenzi<\/strong> e <strong>Armando Massarenti:<\/strong> \u201c<strong><em>L\u2019economia nella mente<\/em><\/strong>\u201d spiega come evitare le trappole che fanno perdere soldi. A cominciare dalle decisioni condizionate da irrazionalit\u00e0 ed emotivit\u00e0. Due anteprime biografiche per Rizzoli a <em>pordenonelegge 2016<\/em>: \u201c<strong><em>Giulio Rapetti<\/em><\/strong><em> <strong>Mogol. Il mio mestiere \u00e8 vivere la vita<\/strong><\/em>\u201d titola l\u2019autobiografia di Giulio Rapetti &#8211; in arte e per tutti i suoi fan pi\u00f9 semplicemente \u2018Mogol\u2019 \u2013 in anteprima assoluta a <em>pordenonelegge<\/em> che ne ha fatto il suo attesissimo evento conclusivo, domenica 18 settembre. Anche uno psichiatra molto amato dal grande pubblico si racconter\u00e0 ai lettori: <strong>Vittorino Andreoli <\/strong>con<strong> \u201c<em>La mia corsa nel tempo<\/em>\u201d<\/strong>, \u00a0un\u2019autobiografia che si legge come un romanzo, e ci accompagna a riflettere sulle follie di un tempo che pare impazzito.<\/p>\n<p style=\"text-align: justify;\" class=\"ui-droppable\"> \tL\u2019agrometeorologia \u00e8 il <em>leitmotiv <\/em>de<strong> \u201c<em>Il mio orto tra cielo e terra<\/em>\u201d, <\/strong>appunti d\u2019autore che<strong> Luca Mercalli <\/strong>ha consegnato alla casa editrice Aboca, e che arrivano in anteprima a <em>pordenonelegge<\/em>: perch\u00e9 la conoscenza scientifica pu\u00f2 aiutare ad alimentarsi e contribuire alla sostenibilit\u00e0 del pianeta. A proposito di buon cibo, a <em>pordenonelegge<\/em> <strong>Stefano Caffarri<\/strong>, direttore de Il Cucchiaio d\u2019Argento, presenter\u00e0 in anteprima \u201c<strong><em>Ho riso, 99 ricette di riso, risi e risotti<\/em><\/strong>\u201d, un libro che attraversa tutti i metodi di preparazione con sfiziose ricette.<\/p>\n<p style=\"text-align: justify;\" class=\"ui-droppable\"> \tA <em>pordenonelegge<\/em> molte anteprime di case editrici del territorio: Biblioteca dell\u2019Immagine offre ai lettori\u00a0 l\u2019anteprima di <strong>Marco Anzovino: \u201cLe ragazze al terzo piano\u201d<\/strong> \u00e8 un libro-cd con nuove canzoni dedicate ai giovani e al superamento delle loro difficolt\u00e0. Parole e musica di speranza. Con <strong>\u201cPadania\u201d Massimiliano Santarossa<\/strong> traccia, sempre per Biblioteca dell\u2019Immagine, un \u201cGrande Romanzo del Nord Italia\u201d: Il romanzo \u00e8 infatti un ritratto familiare, sociale, geografico, economico, il racconto di un universo umano stravolto dal mutare della societ\u00e0 negli ultimi vent\u2019anni. Safar\u00e0 propone il nuovo saggio di <strong>Lisa Kemmerer, \u201c<em>Mangiare la Terra. Etica ambientale e scelte alimentari<\/em>\u201d<\/strong>, un libro dedicato all\u2019impatto ambientale dell\u2019allevamento animale, della pesca e della caccia. E sempre in anteprima da Safar\u00e0 arriva \u201c<strong><em>Si pu\u00f2 ancora fare. Storie di (stra)ordinaria cooperazione<\/em><\/strong>\u201d, a cura di <strong>Ferruccio Merisi<\/strong>. Nel 2008 il regista Giulio Manfredonia raccontava con il film \u201cSi puo\u0300 fare\u201d, la nascita di Coop Noncello, realta\u0300 storica che ha contribuito in modo determinante al progresso sociale italiano. Oggi la Cooperativa ha scelto di regalare ai lettori alcune delle sue piu\u0300 recenti esperienze. Ediciclo propone in anteprima a <em>pordenonelegge<\/em> due autori della regione: <strong>Elisa Cozzarini<\/strong> firma \u201c<strong><em>Acqua guerriera<\/em><\/strong>\u201d, un reportage narrativo dedicato al Piave, a luoghi e persone plasmati dallo scorrere del fiume. E <strong>Romano Vecchiet<\/strong> esplora \u201c<strong><em>Il fascino del treno<\/em><\/strong>\u201d con piccole divagazioni tra binari e stazioni, in un\u2019apologia intima e filosofica del treno.\u00a0 Di primissimo piano, sul versante poesia, i nuovi titoli delle collane Gialla Oro e Gialla di pordenonelegge e LietoColle: usciranno a inizio agosto le raccolte di <strong>Luc<\/strong><strong>iano Cecchinel,<\/strong> \u201c<strong><em>Da un tempo di profumi e gelo<\/em>\u201d,<\/strong> e di <strong>Francesca Serragnoli<\/strong>, \u201c<strong><em>Aprile di l\u00e0<\/em>\u201d<\/strong>. Seguir\u00e0 il volume di <strong>Maria Grazia Calandrone<\/strong>, \u201c<strong><em>Gli scomparsi<\/em>\u201d.<\/strong> <em>pordenonelegge Poesia<\/em> sar\u00e0 vetrina per i nuovi titoli di queste collane nelle giornate di venerd\u00ec 16 e sabato 17 settembre.<\/p>\n<p style=\"text-align: justify;\" class=\"ui-droppable\"> \t<strong><em>Pordenonelegge \u2018junior\u2019<\/em><\/strong>: tante anteprime nel percorso per i giovani, come \u201c<strong><em>Portami con te. Quattro racconti di amicizia e libert\u00e0<\/em>\u201d<\/strong>, una raccolta di racconti di <strong>Stefania Scateni,<\/strong> illustrata da Arianna Papini e\u00a0 introdotta da Ascanio Celestini. Pablo il cane, Annia l\u2019anatra muta, Quintina la puledra, Concetta paperina: nei quattro racconti troviamo gli stessi animali che Esopo immaginava 2500 anni fa. In anteprima a pordenonelegge anche l\u2019avvincente saggio di <strong>Telmo Pievani<\/strong> \u201c<strong><em>Sulle tracce degli antenati<\/em><\/strong>\u201d scritto per Editoriale Scienza. Un modo per accostarsi all\u2019avventurosa storia dell\u2019umanit\u00e0 nel volumetto illustrato da Adriano Gon. \u201c<strong><em>Io, Pi<\/em>\u201d<\/strong> titola la nuova opera di <strong>Roberto Piumini<\/strong> che per Gallucci riprende la lezione di Gianni Rodari nelle pagine illustrate da Cecco Mariniello. E due novit\u00e0 attesissime per i pi\u00f9 giovani arrivano anche da Mondadori: \u201c<strong><em>Le parole che non riesco a dire<\/em><\/strong>\u201d, in forma di albo illustrato, \u00e8 il libro firmato da <strong>Andrea Antonello<\/strong>, il giovane protagonista di \u201c<em>Se ti abbraccio non avere paura<\/em>\u201d, per spiegare a grandi e piccoli cos\u2019\u00e8 l\u2019autismo. Lo ha scritto. \u00c8 invece un manuale in forma di romanzo \u201c<strong><em>Le 23 regole per diventare scrittori<\/em>\u201d<\/strong>, firmato da <strong>Pierdomenico Baccalario<\/strong> e <strong>Alessandro Gatti:<\/strong> una \u201ccaccia al tesoro\u201d su bigliettini per impadronirsi di tutti i trucchi e dei segreti per scrivere un libro per ragazzi.\u00a0<\/p>\n","protected":false},"excerpt":{"rendered":"<p>A &#8220;pordenonelegge&#8221; dal 14 al 18 settembre<\/p>\n","protected":false},"author":28,"featured_media":20147,"comment_status":"closed","ping_status":"closed","sticky":false,"template":"","format":"standard","meta":{"dwc-title":[],"dwc-content":[],"footnotes":""},"categories":[37],"tags":[],"class_list":["post-20146","post","type-post","status-publish","format-standard","has-post-thumbnail","hentry","category-cultura-e-spettacolo"],"rttpg_featured_image_url":{"full":["https:\/\/imagazine.it\/wp-content\/uploads\/2024\/01\/15162-1.webp",750,450,false],"landscape":["https:\/\/imagazine.it\/wp-content\/uploads\/2024\/01\/15162-1.webp",750,450,false],"portraits":["https:\/\/imagazine.it\/wp-content\/uploads\/2024\/01\/15162-1.webp",750,450,false],"thumbnail":["https:\/\/imagazine.it\/wp-content\/uploads\/2024\/01\/15162-1-150x150.webp",150,150,true],"medium":["https:\/\/imagazine.it\/wp-content\/uploads\/2024\/01\/15162-1-300x180.webp",300,180,true],"large":["https:\/\/imagazine.it\/wp-content\/uploads\/2024\/01\/15162-1.webp",640,384,false],"thumblist":["https:\/\/imagazine.it\/wp-content\/uploads\/2024\/01\/15162-1.webp",300,180,false],"thumbrelated":["https:\/\/imagazine.it\/wp-content\/uploads\/2024\/01\/15162-1.webp",500,300,false],"meccarouselthumb":["https:\/\/imagazine.it\/wp-content\/uploads\/2024\/01\/15162-1.webp",474,284,false],"gridsquare":["https:\/\/imagazine.it\/wp-content\/uploads\/2024\/01\/15162-1.webp",391,235,false],"tileview":["https:\/\/imagazine.it\/wp-content\/uploads\/2024\/01\/15162-1.webp",300,180,false],"1536x1536":["https:\/\/imagazine.it\/wp-content\/uploads\/2024\/01\/15162-1.webp",750,450,false],"2048x2048":["https:\/\/imagazine.it\/wp-content\/uploads\/2024\/01\/15162-1.webp",750,450,false],"newsup-slider-full":["https:\/\/imagazine.it\/wp-content\/uploads\/2024\/01\/15162-1.webp",750,450,false],"newsup-featured":["https:\/\/imagazine.it\/wp-content\/uploads\/2024\/01\/15162-1.webp",750,450,false],"newsup-medium":["https:\/\/imagazine.it\/wp-content\/uploads\/2024\/01\/15162-1-720x380.webp",720,380,true],"tptn_thumbnail":["https:\/\/imagazine.it\/wp-content\/uploads\/2024\/01\/15162-1.webp",250,150,false],"sow-carousel-default":["https:\/\/imagazine.it\/wp-content\/uploads\/2024\/01\/15162-1-272x182.webp",272,182,true]},"rttpg_author":{"display_name":"redazione","author_link":"https:\/\/imagazine.it\/home_desk\/author\/redazione\/"},"rttpg_comment":0,"rttpg_category":"<a href=\"https:\/\/imagazine.it\/home_desk\/category\/cultura-e-spettacolo\/\" rel=\"category tag\">CULTURA&amp;SPETTACOLO<\/a>","rttpg_excerpt":"A \"pordenonelegge\" dal 14 al 18 settembre","_links":{"self":[{"href":"https:\/\/imagazine.it\/home_desk\/wp-json\/wp\/v2\/posts\/20146","targetHints":{"allow":["GET"]}}],"collection":[{"href":"https:\/\/imagazine.it\/home_desk\/wp-json\/wp\/v2\/posts"}],"about":[{"href":"https:\/\/imagazine.it\/home_desk\/wp-json\/wp\/v2\/types\/post"}],"author":[{"embeddable":true,"href":"https:\/\/imagazine.it\/home_desk\/wp-json\/wp\/v2\/users\/28"}],"replies":[{"embeddable":true,"href":"https:\/\/imagazine.it\/home_desk\/wp-json\/wp\/v2\/comments?post=20146"}],"version-history":[{"count":0,"href":"https:\/\/imagazine.it\/home_desk\/wp-json\/wp\/v2\/posts\/20146\/revisions"}],"wp:featuredmedia":[{"embeddable":true,"href":"https:\/\/imagazine.it\/home_desk\/wp-json\/wp\/v2\/media\/20147"}],"wp:attachment":[{"href":"https:\/\/imagazine.it\/home_desk\/wp-json\/wp\/v2\/media?parent=20146"}],"wp:term":[{"taxonomy":"category","embeddable":true,"href":"https:\/\/imagazine.it\/home_desk\/wp-json\/wp\/v2\/categories?post=20146"},{"taxonomy":"post_tag","embeddable":true,"href":"https:\/\/imagazine.it\/home_desk\/wp-json\/wp\/v2\/tags?post=20146"}],"curies":[{"name":"wp","href":"https:\/\/api.w.org\/{rel}","templated":true}]}}